{"id":9951,"date":"2016-12-12T07:00:00","date_gmt":"2016-12-12T06:00:00","guid":{"rendered":"https:\/\/www.opinionpublica.tv\/portada\/2016\/12\/12\/sube-14-cifra-de-trabajadores-que-ganan-el-salario-minimo\/"},"modified":"2016-12-12T07:00:00","modified_gmt":"2016-12-12T06:00:00","slug":"sube-14-cifra-de-trabajadores-que-ganan-el-salario-minimo","status":"publish","type":"post","link":"https:\/\/www.opinionpublica.tv\/portada\/sube-14-cifra-de-trabajadores-que-ganan-el-salario-minimo\/","title":{"rendered":"Sube 14% cifra de trabajadores que ganan el salario m\u00ednimo"},"content":{"rendered":"<p><img fetchpriority=\"high\" decoding=\"async\" class=\" size-full wp-image-9950\" src=\"https:\/\/www.opinionpublica.tv\/portada\/wp-content\/uploads\/2016\/12\/6f09ca933b382cee7de5a062d2cc5aaa.jpg\" alt=\"\" width=\"500\" height=\"333\" srcset=\"https:\/\/www.opinionpublica.tv\/portada\/wp-content\/uploads\/2016\/12\/6f09ca933b382cee7de5a062d2cc5aaa.jpg 500w, https:\/\/www.opinionpublica.tv\/portada\/wp-content\/uploads\/2016\/12\/6f09ca933b382cee7de5a062d2cc5aaa-300x200.jpg 300w\" sizes=\"(max-width: 500px) 100vw, 500px\" \/><br \/>\n<!--more--><\/p>\n<p style=\"text-align: justify;\">En un a\u00f1o, el n\u00famero de trabajadores del pa\u00eds que perciben apenas un salario m\u00ednimo se increment\u00f3 14 por ciento, de acuerdo con las cifras m\u00e1s recientes de ocupaci\u00f3n y empleo del Instituto Nacional de Estad\u00edstica y Geograf\u00eda (Inegi).<\/p>\n<p style=\"text-align: justify;\">Hasta el tercer trimestre de 2016, cuando se levant\u00f3 la \u00faltima encuesta al respecto, los mexicanos que percib\u00edan apenas un minisalario por su trabajo sumaron 7 millones 850 mil 761. Se trata de una diferencia de 970 mil 68 trabajadores m\u00e1s con esa percepci\u00f3n, ya que en igual periodo de 2015 quienes ganaban un salario m\u00ednimo m\u00ednimo eran 6 millones 880 mil 693 trabajadores.<\/p>\n<p style=\"text-align: justify;\">En cambio, el grupo de mexicanos que gana m\u00e1s de 5 salarios m\u00ednimos decreci\u00f3 2.4 por ciento en el mismo lapso al pasar de 3 millones 244 mil a 3 millones 164 mil. La reducci\u00f3n fue de 79 mil 880 puestos de trabajo con ese nivel de ingresos.<\/p>\n<p style=\"text-align: justify;\">Por otro lado, se incrementaron los grupos de trabajadores que no tienen acceso a los servicios de salud y aquellos que, pese a ser asalariados, carecen de otras prestaciones sociales.<\/p>\n<p style=\"text-align: justify;\">De los 52 millones 43 mil mexicanos que contaba con un trabajo hasta septiembre pasado, un 62.47 por ciento carec\u00edan de acceso a instituciones de salud, es decir 32 millones 511.4 mil mexicanos. La cifra resulta mayor en 559 mil 701 trabajadores en dicha condici\u00f3n porque en el noveno mes del a\u00f1o pasado quienes no contaban con servicios de salud sumaron 31 millones 951.7 mil , lo que implica un incremento de 1.7 por ciento a tasa anual.<\/p>\n<p style=\"text-align: justify;\">En tanto que los trabajadores subordinados y remunerados que no contaban con otro tipo de prestaciones laborales sin considerar el acceso a las instituciones de salud subieron en un 3.1 por ciento en el periodo citado al pasar de 12 millones 862.7 mil trabajadores a 13 millones 270.8 mil. La diferencia es de 408 mil 42 trabajadores m\u00e1s en un a\u00f1o que est\u00e1n exclu\u00eddos de prestaciones laborales, de acuerdo con los tabulados del Inegi.<\/p>\n<p style=\"text-align: justify;\">Hubo adem\u00e1s un aumento de 3.77 por ciento de trabajadores que no cuentan con un contrato escrito, es decir 577 mil 680 m\u00e1s que padecen dicha condici\u00f3n. En el tercer trimestre del a\u00f1o pasado se contabilizaban 15 millones 300.5 mil pero para igual periodo de 2016 se elevaron a 15 millones 878.2 mil.<\/p>\n<p style=\"text-align: justify;\">\u00a0<\/p>\n<p style=\"text-align: justify;\">Fuente: La Jornada<\/p>\n","protected":false},"excerpt":{"rendered":"","protected":false},"author":4,"featured_media":9950,"comment_status":"open","ping_status":"open","sticky":false,"template":"","format":"standard","meta":{"_acf_changed":false,"_monsterinsights_skip_tracking":false,"slim_seo":{"title":"Sube 14% cifra de trabajadores que ganan el salario m\u00ednimo - Opini\u00f3n P\u00fablica","description":"En un a\u00f1o, el n\u00famero de trabajadores del pa\u00eds que perciben apenas un salario m\u00ednimo se increment\u00f3 14 por ciento, de acuerdo con las cifras m\u00e1s recientes de ocup"},"footnotes":""},"categories":[9],"tags":[],"class_list":["post-9951","post","type-post","status-publish","format-standard","has-post-thumbnail","hentry","category-nacional"],"acf":[],"_links":{"self":[{"href":"https:\/\/www.opinionpublica.tv\/portada\/wp-json\/wp\/v2\/posts\/9951","targetHints":{"allow":["GET"]}}],"collection":[{"href":"https:\/\/www.opinionpublica.tv\/portada\/wp-json\/wp\/v2\/posts"}],"about":[{"href":"https:\/\/www.opinionpublica.tv\/portada\/wp-json\/wp\/v2\/types\/post"}],"author":[{"embeddable":true,"href":"https:\/\/www.opinionpublica.tv\/portada\/wp-json\/wp\/v2\/users\/4"}],"replies":[{"embeddable":true,"href":"https:\/\/www.opinionpublica.tv\/portada\/wp-json\/wp\/v2\/comments?post=9951"}],"version-history":[{"count":0,"href":"https:\/\/www.opinionpublica.tv\/portada\/wp-json\/wp\/v2\/posts\/9951\/revisions"}],"wp:featuredmedia":[{"embeddable":true,"href":"https:\/\/www.opinionpublica.tv\/portada\/wp-json\/wp\/v2\/media\/9950"}],"wp:attachment":[{"href":"https:\/\/www.opinionpublica.tv\/portada\/wp-json\/wp\/v2\/media?parent=9951"}],"wp:term":[{"taxonomy":"category","embeddable":true,"href":"https:\/\/www.opinionpublica.tv\/portada\/wp-json\/wp\/v2\/categories?post=9951"},{"taxonomy":"post_tag","embeddable":true,"href":"https:\/\/www.opinionpublica.tv\/portada\/wp-json\/wp\/v2\/tags?post=9951"}],"curies":[{"name":"wp","href":"https:\/\/api.w.org\/{rel}","templated":true}]}}