{"id":9949,"date":"2016-12-12T07:00:00","date_gmt":"2016-12-12T06:00:00","guid":{"rendered":"https:\/\/www.opinionpublica.tv\/portada\/2016\/12\/12\/definen-china-y-mexico-programa-de-accion-conjunta\/"},"modified":"2016-12-12T07:00:00","modified_gmt":"2016-12-12T06:00:00","slug":"definen-china-y-mexico-programa-de-accion-conjunta","status":"publish","type":"post","link":"https:\/\/www.opinionpublica.tv\/portada\/definen-china-y-mexico-programa-de-accion-conjunta\/","title":{"rendered":"Definen China y M\u00e9xico Programa de Acci\u00f3n Conjunta"},"content":{"rendered":"<p><img fetchpriority=\"high\" decoding=\"async\" class=\" size-full wp-image-9948\" src=\"https:\/\/www.opinionpublica.tv\/portada\/wp-content\/uploads\/2016\/12\/3a9e68031aecd69662a8651a886c50f4.jpg\" alt=\"\" width=\"620\" height=\"437\" srcset=\"https:\/\/www.opinionpublica.tv\/portada\/wp-content\/uploads\/2016\/12\/3a9e68031aecd69662a8651a886c50f4.jpg 620w, https:\/\/www.opinionpublica.tv\/portada\/wp-content\/uploads\/2016\/12\/3a9e68031aecd69662a8651a886c50f4-300x211.jpg 300w\" sizes=\"(max-width: 620px) 100vw, 620px\" \/><br \/>\n<!--more--><\/p>\n<p style=\"text-align: justify;\">La secretaria de Relaciones Exteriores, Claudia Ruiz Massieu, se reuni\u00f3 este lunes con el Consejero de Estado para Asuntos Exteriores de China, Yang Jiechi, qui\u00e9n se encuentra en una visita de trabajo por M\u00e9xico.<\/p>\n<p style=\"text-align: justify;\">Ambos funcionarios intercambiaron sus puntos de vista sobre varios temas de la relaci\u00f3n bilateral, incluyendo la pr\u00f3xima celebraci\u00f3n en China de la VII Comisi\u00f3n Binacional durante el primer semestre de 2017.<\/p>\n<p style=\"text-align: justify;\">Dicha Comisi\u00f3n tiene como objetivo adoptar un Programa de Acci\u00f3n Conjunta ambicioso de acuerdo al potencial de la relaci\u00f3n China-M\u00e9xico.<\/p>\n<p style=\"text-align: justify;\">Tambi\u00e9n llegaron al acuerdo de \u201cprofundizar la confianza mutua y desarrollar la interlocuci\u00f3n bilateral sobre temas de inter\u00e9s mutuo mediante el Di\u00e1logo Estrat\u00e9gico M\u00e9xico-China\u201d. Entre otras cosas, hablaron de temas prioritarios en los foros multilaterales de los que forman parte, como la reforma del Consejo de Seguridad de la ONU y el G20.<\/p>\n","protected":false},"excerpt":{"rendered":"","protected":false},"author":4,"featured_media":9948,"comment_status":"open","ping_status":"open","sticky":false,"template":"","format":"standard","meta":{"_acf_changed":false,"_monsterinsights_skip_tracking":false,"slim_seo":{"title":"Definen China y M\u00e9xico Programa de Acci\u00f3n Conjunta - Opini\u00f3n P\u00fablica","description":"La secretaria de Relaciones Exteriores, Claudia Ruiz Massieu, se reuni\u00f3 este lunes con el Consejero de Estado para Asuntos Exteriores de China, Yang Jiechi, qui"},"footnotes":""},"categories":[9],"tags":[],"class_list":["post-9949","post","type-post","status-publish","format-standard","has-post-thumbnail","hentry","category-nacional"],"acf":[],"_links":{"self":[{"href":"https:\/\/www.opinionpublica.tv\/portada\/wp-json\/wp\/v2\/posts\/9949","targetHints":{"allow":["GET"]}}],"collection":[{"href":"https:\/\/www.opinionpublica.tv\/portada\/wp-json\/wp\/v2\/posts"}],"about":[{"href":"https:\/\/www.opinionpublica.tv\/portada\/wp-json\/wp\/v2\/types\/post"}],"author":[{"embeddable":true,"href":"https:\/\/www.opinionpublica.tv\/portada\/wp-json\/wp\/v2\/users\/4"}],"replies":[{"embeddable":true,"href":"https:\/\/www.opinionpublica.tv\/portada\/wp-json\/wp\/v2\/comments?post=9949"}],"version-history":[{"count":0,"href":"https:\/\/www.opinionpublica.tv\/portada\/wp-json\/wp\/v2\/posts\/9949\/revisions"}],"wp:featuredmedia":[{"embeddable":true,"href":"https:\/\/www.opinionpublica.tv\/portada\/wp-json\/wp\/v2\/media\/9948"}],"wp:attachment":[{"href":"https:\/\/www.opinionpublica.tv\/portada\/wp-json\/wp\/v2\/media?parent=9949"}],"wp:term":[{"taxonomy":"category","embeddable":true,"href":"https:\/\/www.opinionpublica.tv\/portada\/wp-json\/wp\/v2\/categories?post=9949"},{"taxonomy":"post_tag","embeddable":true,"href":"https:\/\/www.opinionpublica.tv\/portada\/wp-json\/wp\/v2\/tags?post=9949"}],"curies":[{"name":"wp","href":"https:\/\/api.w.org\/{rel}","templated":true}]}}