{"id":9935,"date":"2016-12-12T07:00:00","date_gmt":"2016-12-12T06:00:00","guid":{"rendered":"https:\/\/www.opinionpublica.tv\/portada\/2016\/12\/12\/se-reune-alejandro-dominguez-con-el-titular-de-la-pgr\/"},"modified":"2016-12-12T07:00:00","modified_gmt":"2016-12-12T06:00:00","slug":"se-reune-alejandro-dominguez-con-el-titular-de-la-pgr","status":"publish","type":"post","link":"https:\/\/www.opinionpublica.tv\/portada\/se-reune-alejandro-dominguez-con-el-titular-de-la-pgr\/","title":{"rendered":"Se re\u00fane Alejandro Dom\u00ednguez con el titular de la PGR"},"content":{"rendered":"<p><img fetchpriority=\"high\" decoding=\"async\" class=\" size-full wp-image-9934\" src=\"https:\/\/www.opinionpublica.tv\/portada\/wp-content\/uploads\/2016\/12\/30d1f851c90b4ea2793126cbcf954f61.jpg\" alt=\"\" width=\"501\" height=\"269\" srcset=\"https:\/\/www.opinionpublica.tv\/portada\/wp-content\/uploads\/2016\/12\/30d1f851c90b4ea2793126cbcf954f61.jpg 501w, https:\/\/www.opinionpublica.tv\/portada\/wp-content\/uploads\/2016\/12\/30d1f851c90b4ea2793126cbcf954f61-300x161.jpg 300w\" sizes=\"(max-width: 501px) 100vw, 501px\" \/><br \/>\n<!--more--><\/p>\n<p style=\"text-align: justify;\">Como parte de los trabajo de an\u00e1lisis del informe del Presidente de la Rep\u00fablica Enrique Pe\u00f1a Nieto y en seguimiento a la implementaci\u00f3n del sistema penal acusatorio adversarial, el Coordinador de los legisladores federales del PRI del Estado de Chihuahua, C\u00e9sar Alejandro Dom\u00ednguez Dom\u00ednguez, acudi\u00f3 a reuni\u00f3n de trabajo como Secretario de la Comisi\u00f3n de Justicia con el Procurador General de la Rep\u00fablica, Ra\u00fal Cervantes Andrade.<\/p>\n<p style=\"text-align: justify;\">Los temas abordados tienen que ver con el esquema de trabajo a seguir en la PGR para lograr hacer eficiente el sistema penal, \u201d las decisiones no deben ser unilaterales, de arriba hacia abajo, sino decisiones jur\u00eddicas construidas desde las fiscal\u00edas y ministerios p\u00fablicos de abajo hacia arriba, para atender las responsabilidades que cada \u00f3rgano de investigaci\u00f3n tiene\u201d coment\u00f3 el Procurador a los Legisladores federales.<\/p>\n<p style=\"text-align: justify;\">Asimismo, se estableci\u00f3 la necesidad de homologar los criterios de los ministerios p\u00fablicos del fueron com\u00fan y federal; la necesidad de legislar para mejorar el tema de extinci\u00f3n de dominio para lograr un resarcimiento pronto y expedito a las v\u00edctimas de un delito.<\/p>\n<p style=\"text-align: justify;\">El diputado Alejandro Dom\u00ednguez coment\u00f3 la necesidad de trabajar de cerca con las entidades federativas y los poderes de la uni\u00f3n para lograr las reformas que se requieran de manera r\u00e1pida, pero a la vez evitar un da\u00f1o a las entidades federativas que ya tienen tiempo con el nuevo modelo de justicia penal.<\/p>\n","protected":false},"excerpt":{"rendered":"","protected":false},"author":1,"featured_media":9934,"comment_status":"open","ping_status":"open","sticky":false,"template":"","format":"standard","meta":{"_acf_changed":false,"_monsterinsights_skip_tracking":false,"slim_seo":{"title":"Se re\u00fane Alejandro Dom\u00ednguez con el titular de la PGR - Opini\u00f3n P\u00fablica","description":"Como parte de los trabajo de an\u00e1lisis del informe del Presidente de la Rep\u00fablica Enrique Pe\u00f1a Nieto y en seguimiento a la implementaci\u00f3n del sistema penal acusa"},"footnotes":""},"categories":[4],"tags":[],"class_list":["post-9935","post","type-post","status-publish","format-standard","has-post-thumbnail","hentry","category-pulsopolitico"],"acf":[],"_links":{"self":[{"href":"https:\/\/www.opinionpublica.tv\/portada\/wp-json\/wp\/v2\/posts\/9935","targetHints":{"allow":["GET"]}}],"collection":[{"href":"https:\/\/www.opinionpublica.tv\/portada\/wp-json\/wp\/v2\/posts"}],"about":[{"href":"https:\/\/www.opinionpublica.tv\/portada\/wp-json\/wp\/v2\/types\/post"}],"author":[{"embeddable":true,"href":"https:\/\/www.opinionpublica.tv\/portada\/wp-json\/wp\/v2\/users\/1"}],"replies":[{"embeddable":true,"href":"https:\/\/www.opinionpublica.tv\/portada\/wp-json\/wp\/v2\/comments?post=9935"}],"version-history":[{"count":0,"href":"https:\/\/www.opinionpublica.tv\/portada\/wp-json\/wp\/v2\/posts\/9935\/revisions"}],"wp:featuredmedia":[{"embeddable":true,"href":"https:\/\/www.opinionpublica.tv\/portada\/wp-json\/wp\/v2\/media\/9934"}],"wp:attachment":[{"href":"https:\/\/www.opinionpublica.tv\/portada\/wp-json\/wp\/v2\/media?parent=9935"}],"wp:term":[{"taxonomy":"category","embeddable":true,"href":"https:\/\/www.opinionpublica.tv\/portada\/wp-json\/wp\/v2\/categories?post=9935"},{"taxonomy":"post_tag","embeddable":true,"href":"https:\/\/www.opinionpublica.tv\/portada\/wp-json\/wp\/v2\/tags?post=9935"}],"curies":[{"name":"wp","href":"https:\/\/api.w.org\/{rel}","templated":true}]}}