{"id":9904,"date":"2016-12-12T07:00:00","date_gmt":"2016-12-12T06:00:00","guid":{"rendered":"https:\/\/www.opinionpublica.tv\/portada\/2016\/12\/12\/profepa-coadyuva-en-reintegracion-de-11-lobos-grises-mexicanos\/"},"modified":"2016-12-12T07:00:00","modified_gmt":"2016-12-12T06:00:00","slug":"profepa-coadyuva-en-reintegracion-de-11-lobos-grises-mexicanos","status":"publish","type":"post","link":"https:\/\/www.opinionpublica.tv\/portada\/profepa-coadyuva-en-reintegracion-de-11-lobos-grises-mexicanos\/","title":{"rendered":"Profepa coadyuva en reintegraci\u00f3n de 11 lobos grises mexicanos"},"content":{"rendered":"<p><img fetchpriority=\"high\" decoding=\"async\" class=\" size-full wp-image-9903\" src=\"https:\/\/www.opinionpublica.tv\/portada\/wp-content\/uploads\/2016\/12\/043647a9b05561799d45bc5438ec3833.jpg\" alt=\"\" width=\"800\" height=\"600\" srcset=\"https:\/\/www.opinionpublica.tv\/portada\/wp-content\/uploads\/2016\/12\/043647a9b05561799d45bc5438ec3833.jpg 800w, https:\/\/www.opinionpublica.tv\/portada\/wp-content\/uploads\/2016\/12\/043647a9b05561799d45bc5438ec3833-300x225.jpg 300w, https:\/\/www.opinionpublica.tv\/portada\/wp-content\/uploads\/2016\/12\/043647a9b05561799d45bc5438ec3833-768x576.jpg 768w\" sizes=\"(max-width: 800px) 100vw, 800px\" \/><br \/>\n<!--more--><\/p>\n<p style=\"text-align: justify;\">La Procuradur\u00eda Federal de Protecci\u00f3n al Ambiente (Profepa) coadyuv\u00f3 con la Comisi\u00f3n Nacional de \u00c1reas Naturales Protegidas (Conanp) y la Universidad Aut\u00f3noma de Quer\u00e9taro (UAQ), en la reintegraci\u00f3n a su h\u00e1bitat de siete machos y cuatro hembras de lobo gris mexicano (Canis lupus baileyi).<strong><\/strong><\/p>\n<p class=\"text\" style=\"text-align: justify;\">En un comunicado, dio a conocer que la liberaci\u00f3n de estos ejemplares se realiz\u00f3 dentro de una zona protegida que corresponde a su \u00e1rea de distribuci\u00f3n natural en el municipio de Nuevo Casas Grandes, Chihuahua.<\/p>\n<p class=\"text\" style=\"text-align: justify;\">Agreg\u00f3 que los ejemplares fueron importados desde Estados Unidos en el marco de un programa intensivo de reproducci\u00f3n en cautiverio, cuya finalidad es la recuperaci\u00f3n de la poblaci\u00f3n silvestre a partir de animales confinados.<\/p>\n<p class=\"text\" style=\"text-align: justify;\">Se\u00f1al\u00f3 que el 1 de diciembre de 2016, personal de la Delegaci\u00f3n Federal de la Profepa recibi\u00f3 a los ejemplares en el Puente Internacional Zaragoza, Ciudad Ju\u00e1rez, por lo que se les realiz\u00f3 una evaluaci\u00f3n m\u00e9dica para constatar su buen estado de salud y proceder a la reintegraci\u00f3n en su h\u00e1bitat.<\/p>\n<p class=\"text\" style=\"text-align: justify;\">Seg\u00fan datos, en los a\u00f1os 70 M\u00e9xico y Estados Unidos reconocieron que las manadas de lobo mexicano desaparecieron de Am\u00e9rica del Norte, por lo cual iniciaron con la aplicaci\u00f3n de un plan binacional para recuperarlas.<\/p>\n<p class=\"text\" style=\"text-align: justify;\">En el 2011 se reintrodujeron a su h\u00e1bitat natural los primeros lobos en M\u00e9xico y a partir de estas acciones la Profepa mantiene una vigilancia en las \u00e1reas donde actualmente se encuentran estos ejemplares en vida libre.<\/p>\n<p class=\"text\" style=\"text-align: justify;\">Con esta liberaci\u00f3n se completa la d\u00e9cima camada liberada en M\u00e9xico, como parte del Programa de Conservaci\u00f3n y Recuperaci\u00f3n de Lobo Gris Mexicano, y alcanza un total de 39 ejemplares en vida libre desde la primer reintroducci\u00f3n en 2011.<\/p>\n<p class=\"text\" style=\"text-align: justify;\">Notimex<\/p>\n","protected":false},"excerpt":{"rendered":"","protected":false},"author":1,"featured_media":9903,"comment_status":"open","ping_status":"open","sticky":false,"template":"","format":"standard","meta":{"_acf_changed":false,"_monsterinsights_skip_tracking":false,"slim_seo":{"title":"Profepa coadyuva en reintegraci\u00f3n de 11 lobos grises mexicanos - Opini\u00f3n P\u00fablica","description":"La Procuradur\u00eda Federal de Protecci\u00f3n al Ambiente (Profepa) coadyuv\u00f3 con la Comisi\u00f3n Nacional de \u00c1reas Naturales Protegidas (Conanp) y la Universidad Aut\u00f3noma d"},"footnotes":""},"categories":[9],"tags":[],"class_list":["post-9904","post","type-post","status-publish","format-standard","has-post-thumbnail","hentry","category-nacional"],"acf":[],"_links":{"self":[{"href":"https:\/\/www.opinionpublica.tv\/portada\/wp-json\/wp\/v2\/posts\/9904","targetHints":{"allow":["GET"]}}],"collection":[{"href":"https:\/\/www.opinionpublica.tv\/portada\/wp-json\/wp\/v2\/posts"}],"about":[{"href":"https:\/\/www.opinionpublica.tv\/portada\/wp-json\/wp\/v2\/types\/post"}],"author":[{"embeddable":true,"href":"https:\/\/www.opinionpublica.tv\/portada\/wp-json\/wp\/v2\/users\/1"}],"replies":[{"embeddable":true,"href":"https:\/\/www.opinionpublica.tv\/portada\/wp-json\/wp\/v2\/comments?post=9904"}],"version-history":[{"count":0,"href":"https:\/\/www.opinionpublica.tv\/portada\/wp-json\/wp\/v2\/posts\/9904\/revisions"}],"wp:featuredmedia":[{"embeddable":true,"href":"https:\/\/www.opinionpublica.tv\/portada\/wp-json\/wp\/v2\/media\/9903"}],"wp:attachment":[{"href":"https:\/\/www.opinionpublica.tv\/portada\/wp-json\/wp\/v2\/media?parent=9904"}],"wp:term":[{"taxonomy":"category","embeddable":true,"href":"https:\/\/www.opinionpublica.tv\/portada\/wp-json\/wp\/v2\/categories?post=9904"},{"taxonomy":"post_tag","embeddable":true,"href":"https:\/\/www.opinionpublica.tv\/portada\/wp-json\/wp\/v2\/tags?post=9904"}],"curies":[{"name":"wp","href":"https:\/\/api.w.org\/{rel}","templated":true}]}}