{"id":9900,"date":"2016-12-12T07:00:00","date_gmt":"2016-12-12T06:00:00","guid":{"rendered":"https:\/\/www.opinionpublica.tv\/portada\/2016\/12\/12\/lanzado-el-satelite-fengyun-4a\/"},"modified":"2016-12-12T07:00:00","modified_gmt":"2016-12-12T06:00:00","slug":"lanzado-el-satelite-fengyun-4a","status":"publish","type":"post","link":"https:\/\/www.opinionpublica.tv\/portada\/lanzado-el-satelite-fengyun-4a\/","title":{"rendered":"Lanzado el sat\u00e9lite Fengyun-4A"},"content":{"rendered":"<p><img fetchpriority=\"high\" decoding=\"async\" class=\" size-full wp-image-9899\" src=\"https:\/\/www.opinionpublica.tv\/portada\/wp-content\/uploads\/2016\/12\/50293555814ade45f603e24d7dad742a.jpg\" alt=\"\" width=\"509\" height=\"326\" srcset=\"https:\/\/www.opinionpublica.tv\/portada\/wp-content\/uploads\/2016\/12\/50293555814ade45f603e24d7dad742a.jpg 509w, https:\/\/www.opinionpublica.tv\/portada\/wp-content\/uploads\/2016\/12\/50293555814ade45f603e24d7dad742a-300x192.jpg 300w\" sizes=\"(max-width: 509px) 100vw, 509px\" \/><br \/>\n<!--more--><\/p>\n<p style=\"text-align: justify;\">China lanz\u00f3 el 10 de diciembre su primer ejemplar de sat\u00e9lite meteorol\u00f3gico Fengyun-4. Fue enviado a una \u00f3rbita de transferencia geoestacionaria por un cohete CZ-3B\/G2, tras su despegue desde la base de Xichang, a las 16:11 UTC.<\/p>\n<p style=\"text-align: justify;\">Una vez en \u00f3rbita geoestacionaria obtendr\u00e1 de forma regular mediciones e im\u00e1genes de la atm\u00f3sfera y la superficie terrestres. Para ello, el veh\u00edculo, construido sobre una plataforma SAST-5000 y con un peso de 5.300 kg, transporta una c\u00e1mara capaz de obtener fotograf\u00edas con una resoluci\u00f3n de medio kil\u00f3metro, as\u00ed como detectores de rayos, un medidor infrarrojo y detectores para el entorno espacial.<\/p>\n<p style=\"text-align: justify;\">Los FY-4 sustituir\u00e1n paulatinamente a los viejos FY-2, operando desde las posiciones geoestacionarias 86,5 grados Este y 105 grados Este. Se espera que tengan una vida \u00fatil de unos 5 a\u00f1os.<\/p>\n<p style=\"text-align: justify;\">\u00a0<\/p>\n<div class=\"k2_video\"><a href=\"https:\/\/www.youtube.com\/watch?v=Q-ZMGu474P4\">https:\/\/www.youtube.com\/watch?v=Q-ZMGu474P4<\/a>\n<\/div>\n","protected":false},"excerpt":{"rendered":"","protected":false},"author":1,"featured_media":9899,"comment_status":"open","ping_status":"open","sticky":false,"template":"","format":"standard","meta":{"_acf_changed":false,"_monsterinsights_skip_tracking":false,"slim_seo":{"title":"Lanzado el sat\u00e9lite Fengyun-4A - Opini\u00f3n P\u00fablica","description":"China lanz\u00f3 el 10 de diciembre su primer ejemplar de sat\u00e9lite meteorol\u00f3gico Fengyun-4. Fue enviado a una \u00f3rbita de transferencia geoestacionaria por un cohete C"},"footnotes":""},"categories":[22],"tags":[],"class_list":["post-9900","post","type-post","status-publish","format-standard","has-post-thumbnail","hentry","category-ciencia-y-tecnologia"],"acf":[],"_links":{"self":[{"href":"https:\/\/www.opinionpublica.tv\/portada\/wp-json\/wp\/v2\/posts\/9900","targetHints":{"allow":["GET"]}}],"collection":[{"href":"https:\/\/www.opinionpublica.tv\/portada\/wp-json\/wp\/v2\/posts"}],"about":[{"href":"https:\/\/www.opinionpublica.tv\/portada\/wp-json\/wp\/v2\/types\/post"}],"author":[{"embeddable":true,"href":"https:\/\/www.opinionpublica.tv\/portada\/wp-json\/wp\/v2\/users\/1"}],"replies":[{"embeddable":true,"href":"https:\/\/www.opinionpublica.tv\/portada\/wp-json\/wp\/v2\/comments?post=9900"}],"version-history":[{"count":0,"href":"https:\/\/www.opinionpublica.tv\/portada\/wp-json\/wp\/v2\/posts\/9900\/revisions"}],"wp:featuredmedia":[{"embeddable":true,"href":"https:\/\/www.opinionpublica.tv\/portada\/wp-json\/wp\/v2\/media\/9899"}],"wp:attachment":[{"href":"https:\/\/www.opinionpublica.tv\/portada\/wp-json\/wp\/v2\/media?parent=9900"}],"wp:term":[{"taxonomy":"category","embeddable":true,"href":"https:\/\/www.opinionpublica.tv\/portada\/wp-json\/wp\/v2\/categories?post=9900"},{"taxonomy":"post_tag","embeddable":true,"href":"https:\/\/www.opinionpublica.tv\/portada\/wp-json\/wp\/v2\/tags?post=9900"}],"curies":[{"name":"wp","href":"https:\/\/api.w.org\/{rel}","templated":true}]}}