{"id":9892,"date":"2016-12-12T07:00:00","date_gmt":"2016-12-12T06:00:00","guid":{"rendered":"https:\/\/www.opinionpublica.tv\/portada\/2016\/12\/12\/video-conferencia-de-prensa-de-gobierno-de-la-republica\/"},"modified":"2016-12-12T07:00:00","modified_gmt":"2016-12-12T06:00:00","slug":"video-conferencia-de-prensa-de-gobierno-de-la-republica","status":"publish","type":"post","link":"https:\/\/www.opinionpublica.tv\/portada\/video-conferencia-de-prensa-de-gobierno-de-la-republica\/","title":{"rendered":"Video: Conferencia de Prensa de Gobierno de la Rep\u00fablica"},"content":{"rendered":"<p><img fetchpriority=\"high\" decoding=\"async\" class=\" size-full wp-image-9891\" src=\"https:\/\/www.opinionpublica.tv\/portada\/wp-content\/uploads\/2016\/12\/593145e95751d5c42732fbc65dfbfc2c.jpg\" alt=\"\" width=\"514\" height=\"321\" srcset=\"https:\/\/www.opinionpublica.tv\/portada\/wp-content\/uploads\/2016\/12\/593145e95751d5c42732fbc65dfbfc2c.jpg 514w, https:\/\/www.opinionpublica.tv\/portada\/wp-content\/uploads\/2016\/12\/593145e95751d5c42732fbc65dfbfc2c-300x187.jpg 300w\" sizes=\"(max-width: 514px) 100vw, 514px\" \/><br \/>\n<!--more--><\/p>\n<p style=\"text-align: justify;\">El Director del Infonavit, <a class=\"twitter-atreply pretty-link js-nav\" dir=\"ltr\" href=\"https:\/\/twitter.com\/davidpenchyna\" data-mentioned-user-id=\"170903611\"><s>@<\/s><b>davidpenchyna<\/b><\/a> detalla la nueva oferta de productos crediticios.<\/p>\n<p style=\"text-align: justify;\">\u201cEl objetivo es promover el desarrollo ordenado y sustentable del sector inmobiliario en favor de los trabajadores\u201d<\/p>\n<div class=\"k2_video\"><iframe title=\"Conferencia de Prensa\" width=\"800\" height=\"450\" src=\"https:\/\/www.youtube.com\/embed\/t8e8fcOX4wc?feature=oembed\" frameborder=\"0\" allow=\"accelerometer; autoplay; clipboard-write; encrypted-media; gyroscope; picture-in-picture; web-share\" referrerpolicy=\"strict-origin-when-cross-origin\" allowfullscreen><\/iframe>\n<\/div>\n","protected":false},"excerpt":{"rendered":"","protected":false},"author":1,"featured_media":9891,"comment_status":"open","ping_status":"open","sticky":false,"template":"","format":"standard","meta":{"_acf_changed":false,"_monsterinsights_skip_tracking":false,"slim_seo":{"title":"Video: Conferencia de Prensa de Gobierno de la Rep\u00fablica - Opini\u00f3n P\u00fablica","description":"El Director del Infonavit, @ davidpenchyna detalla la nueva oferta de productos crediticios. \u201cEl objetivo es promover el desarrollo ordenado y sustentable del s"},"footnotes":""},"categories":[8],"tags":[],"class_list":["post-9892","post","type-post","status-publish","format-standard","has-post-thumbnail","hentry","category-videos"],"acf":[],"_links":{"self":[{"href":"https:\/\/www.opinionpublica.tv\/portada\/wp-json\/wp\/v2\/posts\/9892","targetHints":{"allow":["GET"]}}],"collection":[{"href":"https:\/\/www.opinionpublica.tv\/portada\/wp-json\/wp\/v2\/posts"}],"about":[{"href":"https:\/\/www.opinionpublica.tv\/portada\/wp-json\/wp\/v2\/types\/post"}],"author":[{"embeddable":true,"href":"https:\/\/www.opinionpublica.tv\/portada\/wp-json\/wp\/v2\/users\/1"}],"replies":[{"embeddable":true,"href":"https:\/\/www.opinionpublica.tv\/portada\/wp-json\/wp\/v2\/comments?post=9892"}],"version-history":[{"count":0,"href":"https:\/\/www.opinionpublica.tv\/portada\/wp-json\/wp\/v2\/posts\/9892\/revisions"}],"wp:featuredmedia":[{"embeddable":true,"href":"https:\/\/www.opinionpublica.tv\/portada\/wp-json\/wp\/v2\/media\/9891"}],"wp:attachment":[{"href":"https:\/\/www.opinionpublica.tv\/portada\/wp-json\/wp\/v2\/media?parent=9892"}],"wp:term":[{"taxonomy":"category","embeddable":true,"href":"https:\/\/www.opinionpublica.tv\/portada\/wp-json\/wp\/v2\/categories?post=9892"},{"taxonomy":"post_tag","embeddable":true,"href":"https:\/\/www.opinionpublica.tv\/portada\/wp-json\/wp\/v2\/tags?post=9892"}],"curies":[{"name":"wp","href":"https:\/\/api.w.org\/{rel}","templated":true}]}}