{"id":9888,"date":"2016-12-12T07:00:00","date_gmt":"2016-12-12T06:00:00","guid":{"rendered":"https:\/\/www.opinionpublica.tv\/portada\/2016\/12\/12\/anonymouse-arte-para-ratones\/"},"modified":"2016-12-12T07:00:00","modified_gmt":"2016-12-12T06:00:00","slug":"anonymouse-arte-para-ratones","status":"publish","type":"post","link":"https:\/\/www.opinionpublica.tv\/portada\/anonymouse-arte-para-ratones\/","title":{"rendered":"Anonymouse: arte para ratones"},"content":{"rendered":"<p><img fetchpriority=\"high\" decoding=\"async\" class=\" size-full wp-image-9887\" src=\"https:\/\/www.opinionpublica.tv\/portada\/wp-content\/uploads\/2016\/12\/a35e8d813ddfd2b9450d18696a9321b5.jpg\" alt=\"\" width=\"588\" height=\"507\" srcset=\"https:\/\/www.opinionpublica.tv\/portada\/wp-content\/uploads\/2016\/12\/a35e8d813ddfd2b9450d18696a9321b5.jpg 588w, https:\/\/www.opinionpublica.tv\/portada\/wp-content\/uploads\/2016\/12\/a35e8d813ddfd2b9450d18696a9321b5-300x259.jpg 300w\" sizes=\"(max-width: 588px) 100vw, 588px\" \/><br \/>\n<!--more--><\/p>\n<p style=\"text-align: justify;\">Un grupo de artistas suecos son los responsables de abrir las tiendas m\u00e1s bonitas que hemos visto en los \u00faltimos tiempos. El problema es que est\u00e1n dise\u00f1adas espec\u00edficamente para ratoncitos, miden setenta por treinta cent\u00edmetros y se encuentran en Suecia. As\u00ed que lo \u00fanico que podemos hacer de momento es babear mientras miramos su cuenta de Instagram.<\/p>\n<p style=\"text-align: justify;\">El proyecto recibe el nombre de Anonymouse y es la cosa m\u00e1s bonita que hemos visto en mucho tiempo. Una serie de tiendas dise\u00f1adas a pie de calle literalmente en la que se venden productos como queso, nueces y otras delicatessen para ratones. El primer local que abrieron fue un restaurante franc\u00e9s (\u00bfser\u00eda en honor de Remy de Ratatouille?) y se llama \u00abNoix de Vive\u00bb (Nueces de vida).<\/p>\n<p style=\"text-align: justify;\">No s\u00f3lo el exterior de estas diminutas instalaciones est\u00e1 pensado y realizado al detalle. Tambi\u00e9n el interior est\u00e1 muy cuidado, con reproducciones de p\u00f3ster de conciertos y otros eventos exclusivos para ratones.<\/p>\n<p style=\"text-align: justify;\">La aparici\u00f3n de estas primeras manifestaciones art\u00edsticas ha sido todo un acontecimiento en la ciudad sueca de Malm\u00f6, concretamente en la intersecci\u00f3n entre las calles Bergsgatan y Almbacksgatan.<\/p>\n","protected":false},"excerpt":{"rendered":"","protected":false},"author":1,"featured_media":9887,"comment_status":"open","ping_status":"open","sticky":false,"template":"","format":"standard","meta":{"_acf_changed":false,"_monsterinsights_skip_tracking":false,"slim_seo":{"title":"Anonymouse: arte para ratones - Opini\u00f3n P\u00fablica","description":"Un grupo de artistas suecos son los responsables de abrir las tiendas m\u00e1s bonitas que hemos visto en los \u00faltimos tiempos. El problema es que est\u00e1n dise\u00f1adas esp"},"footnotes":""},"categories":[11],"tags":[],"class_list":["post-9888","post","type-post","status-publish","format-standard","has-post-thumbnail","hentry","category-tendencias"],"acf":[],"_links":{"self":[{"href":"https:\/\/www.opinionpublica.tv\/portada\/wp-json\/wp\/v2\/posts\/9888","targetHints":{"allow":["GET"]}}],"collection":[{"href":"https:\/\/www.opinionpublica.tv\/portada\/wp-json\/wp\/v2\/posts"}],"about":[{"href":"https:\/\/www.opinionpublica.tv\/portada\/wp-json\/wp\/v2\/types\/post"}],"author":[{"embeddable":true,"href":"https:\/\/www.opinionpublica.tv\/portada\/wp-json\/wp\/v2\/users\/1"}],"replies":[{"embeddable":true,"href":"https:\/\/www.opinionpublica.tv\/portada\/wp-json\/wp\/v2\/comments?post=9888"}],"version-history":[{"count":0,"href":"https:\/\/www.opinionpublica.tv\/portada\/wp-json\/wp\/v2\/posts\/9888\/revisions"}],"wp:featuredmedia":[{"embeddable":true,"href":"https:\/\/www.opinionpublica.tv\/portada\/wp-json\/wp\/v2\/media\/9887"}],"wp:attachment":[{"href":"https:\/\/www.opinionpublica.tv\/portada\/wp-json\/wp\/v2\/media?parent=9888"}],"wp:term":[{"taxonomy":"category","embeddable":true,"href":"https:\/\/www.opinionpublica.tv\/portada\/wp-json\/wp\/v2\/categories?post=9888"},{"taxonomy":"post_tag","embeddable":true,"href":"https:\/\/www.opinionpublica.tv\/portada\/wp-json\/wp\/v2\/tags?post=9888"}],"curies":[{"name":"wp","href":"https:\/\/api.w.org\/{rel}","templated":true}]}}