{"id":9873,"date":"2016-12-12T07:00:00","date_gmt":"2016-12-12T06:00:00","guid":{"rendered":"https:\/\/www.opinionpublica.tv\/portada\/2016\/12\/12\/video-salvan-a-1-164-personas-en-el-mediterraneo\/"},"modified":"2016-12-12T07:00:00","modified_gmt":"2016-12-12T06:00:00","slug":"video-salvan-a-1-164-personas-en-el-mediterraneo","status":"publish","type":"post","link":"https:\/\/www.opinionpublica.tv\/portada\/video-salvan-a-1-164-personas-en-el-mediterraneo\/","title":{"rendered":"Video: Salvan a 1.164 personas en el Mediterr\u00e1neo"},"content":{"rendered":"<p><img fetchpriority=\"high\" decoding=\"async\" class=\" size-full wp-image-9872\" src=\"https:\/\/www.opinionpublica.tv\/portada\/wp-content\/uploads\/2016\/12\/b2fc94a885556f111c3dd6e1d905e08f.jpg\" alt=\"\" width=\"520\" height=\"330\" srcset=\"https:\/\/www.opinionpublica.tv\/portada\/wp-content\/uploads\/2016\/12\/b2fc94a885556f111c3dd6e1d905e08f.jpg 520w, https:\/\/www.opinionpublica.tv\/portada\/wp-content\/uploads\/2016\/12\/b2fc94a885556f111c3dd6e1d905e08f-300x190.jpg 300w\" sizes=\"(max-width: 520px) 100vw, 520px\" \/><br \/>\n<!--more--><\/p>\n<p>La Guardia Costera italiana inform\u00f3 hoy de que en las \u00faltimas horas ha coordinado la recuperaci\u00f3n de seis cad\u00e1veres y el rescate de 1.164 personas en el mar cuando se encontraban en diversas barcazas a la deriva con la intenci\u00f3n de alcanzar Europa.<\/p>\n<div class=\"k2_video\"><iframe title=\"Recuperan seis cad\u00e1veres y salvan a 1.164 personas en el Mediterr\u00e1neo\" width=\"800\" height=\"450\" src=\"https:\/\/www.youtube.com\/embed\/Cy804L73DiI?feature=oembed\" frameborder=\"0\" allow=\"accelerometer; autoplay; clipboard-write; encrypted-media; gyroscope; picture-in-picture; web-share\" referrerpolicy=\"strict-origin-when-cross-origin\" allowfullscreen><\/iframe>\n<\/div>\n","protected":false},"excerpt":{"rendered":"","protected":false},"author":1,"featured_media":9872,"comment_status":"open","ping_status":"open","sticky":false,"template":"","format":"standard","meta":{"_acf_changed":false,"_monsterinsights_skip_tracking":false,"slim_seo":{"title":"Video: Salvan a 1.164 personas en el Mediterr\u00e1neo - Opini\u00f3n P\u00fablica","description":"La Guardia Costera italiana inform\u00f3 hoy de que en las \u00faltimas horas ha coordinado la recuperaci\u00f3n de seis cad\u00e1veres y el rescate de 1.164 personas en el mar cua"},"footnotes":""},"categories":[13],"tags":[],"class_list":["post-9873","post","type-post","status-publish","format-standard","has-post-thumbnail","hentry","category-videos-destacados-contenido"],"acf":[],"_links":{"self":[{"href":"https:\/\/www.opinionpublica.tv\/portada\/wp-json\/wp\/v2\/posts\/9873","targetHints":{"allow":["GET"]}}],"collection":[{"href":"https:\/\/www.opinionpublica.tv\/portada\/wp-json\/wp\/v2\/posts"}],"about":[{"href":"https:\/\/www.opinionpublica.tv\/portada\/wp-json\/wp\/v2\/types\/post"}],"author":[{"embeddable":true,"href":"https:\/\/www.opinionpublica.tv\/portada\/wp-json\/wp\/v2\/users\/1"}],"replies":[{"embeddable":true,"href":"https:\/\/www.opinionpublica.tv\/portada\/wp-json\/wp\/v2\/comments?post=9873"}],"version-history":[{"count":0,"href":"https:\/\/www.opinionpublica.tv\/portada\/wp-json\/wp\/v2\/posts\/9873\/revisions"}],"wp:featuredmedia":[{"embeddable":true,"href":"https:\/\/www.opinionpublica.tv\/portada\/wp-json\/wp\/v2\/media\/9872"}],"wp:attachment":[{"href":"https:\/\/www.opinionpublica.tv\/portada\/wp-json\/wp\/v2\/media?parent=9873"}],"wp:term":[{"taxonomy":"category","embeddable":true,"href":"https:\/\/www.opinionpublica.tv\/portada\/wp-json\/wp\/v2\/categories?post=9873"},{"taxonomy":"post_tag","embeddable":true,"href":"https:\/\/www.opinionpublica.tv\/portada\/wp-json\/wp\/v2\/tags?post=9873"}],"curies":[{"name":"wp","href":"https:\/\/api.w.org\/{rel}","templated":true}]}}