{"id":9871,"date":"2016-12-12T07:00:00","date_gmt":"2016-12-12T06:00:00","guid":{"rendered":"https:\/\/www.opinionpublica.tv\/portada\/2016\/12\/12\/video-la-ue-y-cuba-firman-su-primer-acuerdo-bilateral\/"},"modified":"2016-12-12T07:00:00","modified_gmt":"2016-12-12T06:00:00","slug":"video-la-ue-y-cuba-firman-su-primer-acuerdo-bilateral","status":"publish","type":"post","link":"https:\/\/www.opinionpublica.tv\/portada\/video-la-ue-y-cuba-firman-su-primer-acuerdo-bilateral\/","title":{"rendered":"Video: La UE y Cuba firman su primer acuerdo bilateral"},"content":{"rendered":"<p><img fetchpriority=\"high\" decoding=\"async\" class=\" size-full wp-image-9870\" src=\"https:\/\/www.opinionpublica.tv\/portada\/wp-content\/uploads\/2016\/12\/a7dd4e8906f827fd05b5e8adff75740a.jpg\" alt=\"\" width=\"514\" height=\"321\" srcset=\"https:\/\/www.opinionpublica.tv\/portada\/wp-content\/uploads\/2016\/12\/a7dd4e8906f827fd05b5e8adff75740a.jpg 514w, https:\/\/www.opinionpublica.tv\/portada\/wp-content\/uploads\/2016\/12\/a7dd4e8906f827fd05b5e8adff75740a-300x187.jpg 300w\" sizes=\"(max-width: 514px) 100vw, 514px\" \/><br \/>\n<!--more--><\/p>\n<p style=\"text-align: justify;\">La Uni\u00f3n Europea y Cuba han firmado este lunes en Bruselas su primer acuerdo bilateral, de di\u00e1logo pol\u00edtico y cooperaci\u00f3n, poniendo fin a la \u201cposici\u00f3n com\u00fan\u201d adoptada hace 20 a\u00f1os, que vinculaba la cooperaci\u00f3n europea a avances en materia de derechos humanos en la isla. Ahora ambas partes pasan a un nuevo nivel, como ha dicho la alta represnta europea Federica Mogherini: \u201cCuba est\u00e1 cambiando profundamente y la UE est\u00e1 acompa\u00f1ando ese proceso conjuntamente con el Gobierno cubano y el pueblo cubano como amigos. Es una oportunidad com\u00fan para fomentar el desarrollo sostenible, la justicia social para fortalezer la democracia y el respeto de los derechos humanos\u201d.<\/p>\n<p style=\"text-align: justify;\">Representantes de los 28 pa\u00edses de la Uni\u00f3n han participado en la ceremonia de la firma del documento. Y por parte de Cuba, el canciller Bruno Rodr\u00edguez, que ha hecho referencia a Estados Unidos durante su intervenci\u00f3n: \u201cLas relaciones entre cuba y la UE felizmente no pasan por Washington. Estoy convencido de que hay una oportunidad promisoria para continuar desarrollando los v\u00ednculos entre Europa y Cuba a pesar de que habr\u00e1 que remover el obst\u00e1culo que significa, en particular en el plano financiero, la aplicacion que persiste del bloqueo contra Cuba\u201d.<\/p>\n<p style=\"text-align: justify;\">Pocos d\u00edas despu\u00e9s de la muerte de Fidel Castro, la UE pretende apoyar con esta firma la modernizaci\u00f3n econ\u00f3mica y social de Cuba. Espa\u00f1a quiere seguir liderando el \u201cprotagonismo\u201d europeo en la isla, ha segurado el ministro espa\u00f1ol de Exteriores, Alfonso Dastis.<\/p>\n<div class=\"k2_video\"><iframe title=\"La UE y Cuba firman su primer acuerdo bilateral\" width=\"800\" height=\"450\" src=\"https:\/\/www.youtube.com\/embed\/Bcgu5XgQ46s?feature=oembed\" frameborder=\"0\" allow=\"accelerometer; autoplay; clipboard-write; encrypted-media; gyroscope; picture-in-picture; web-share\" referrerpolicy=\"strict-origin-when-cross-origin\" allowfullscreen><\/iframe>\n<\/div>\n","protected":false},"excerpt":{"rendered":"","protected":false},"author":1,"featured_media":9870,"comment_status":"open","ping_status":"open","sticky":false,"template":"","format":"standard","meta":{"_acf_changed":false,"_monsterinsights_skip_tracking":false,"slim_seo":{"title":"Video: La UE y Cuba firman su primer acuerdo bilateral - Opini\u00f3n P\u00fablica","description":"La Uni\u00f3n Europea y Cuba han firmado este lunes en Bruselas su primer acuerdo bilateral, de di\u00e1logo pol\u00edtico y cooperaci\u00f3n, poniendo fin a la \u201cposici\u00f3n com\u00fan\u201d ad"},"footnotes":""},"categories":[8],"tags":[],"class_list":["post-9871","post","type-post","status-publish","format-standard","has-post-thumbnail","hentry","category-videos"],"acf":[],"_links":{"self":[{"href":"https:\/\/www.opinionpublica.tv\/portada\/wp-json\/wp\/v2\/posts\/9871","targetHints":{"allow":["GET"]}}],"collection":[{"href":"https:\/\/www.opinionpublica.tv\/portada\/wp-json\/wp\/v2\/posts"}],"about":[{"href":"https:\/\/www.opinionpublica.tv\/portada\/wp-json\/wp\/v2\/types\/post"}],"author":[{"embeddable":true,"href":"https:\/\/www.opinionpublica.tv\/portada\/wp-json\/wp\/v2\/users\/1"}],"replies":[{"embeddable":true,"href":"https:\/\/www.opinionpublica.tv\/portada\/wp-json\/wp\/v2\/comments?post=9871"}],"version-history":[{"count":0,"href":"https:\/\/www.opinionpublica.tv\/portada\/wp-json\/wp\/v2\/posts\/9871\/revisions"}],"wp:featuredmedia":[{"embeddable":true,"href":"https:\/\/www.opinionpublica.tv\/portada\/wp-json\/wp\/v2\/media\/9870"}],"wp:attachment":[{"href":"https:\/\/www.opinionpublica.tv\/portada\/wp-json\/wp\/v2\/media?parent=9871"}],"wp:term":[{"taxonomy":"category","embeddable":true,"href":"https:\/\/www.opinionpublica.tv\/portada\/wp-json\/wp\/v2\/categories?post=9871"},{"taxonomy":"post_tag","embeddable":true,"href":"https:\/\/www.opinionpublica.tv\/portada\/wp-json\/wp\/v2\/tags?post=9871"}],"curies":[{"name":"wp","href":"https:\/\/api.w.org\/{rel}","templated":true}]}}