{"id":9869,"date":"2016-12-12T07:00:00","date_gmt":"2016-12-12T06:00:00","guid":{"rendered":"https:\/\/www.opinionpublica.tv\/portada\/2016\/12\/12\/recorte-en-produccion-impulsa-precios-del-petroleo\/"},"modified":"2016-12-12T07:00:00","modified_gmt":"2016-12-12T06:00:00","slug":"recorte-en-produccion-impulsa-precios-del-petroleo","status":"publish","type":"post","link":"https:\/\/www.opinionpublica.tv\/portada\/recorte-en-produccion-impulsa-precios-del-petroleo\/","title":{"rendered":"Recorte en producci\u00f3n impulsa precios del petr\u00f3leo"},"content":{"rendered":"<p><img fetchpriority=\"high\" decoding=\"async\" class=\" size-full wp-image-9868\" src=\"https:\/\/www.opinionpublica.tv\/portada\/wp-content\/uploads\/2016\/12\/4f26cf9671590db91c0217194c4b7c32.jpg\" alt=\"\" width=\"572\" height=\"380\" srcset=\"https:\/\/www.opinionpublica.tv\/portada\/wp-content\/uploads\/2016\/12\/4f26cf9671590db91c0217194c4b7c32.jpg 572w, https:\/\/www.opinionpublica.tv\/portada\/wp-content\/uploads\/2016\/12\/4f26cf9671590db91c0217194c4b7c32-300x199.jpg 300w\" sizes=\"(max-width: 572px) 100vw, 572px\" \/><br \/>\n<!--more--><\/p>\n<p style=\"text-align: justify;\">Los precios del barril de petr\u00f3leo suben este lunes m\u00e1s de 3%, luego que la OPEP y otros productores firmaron un acuerdo de recorte a la producci\u00f3n con el fin de reducir el super\u00e1vit global de suministros y apuntalar al mercado.<\/p>\n<p style=\"text-align: justify;\">El Brent sube 3.99% a 56.50 d\u00f3lares por barril (dpb), mientras el petr\u00f3leo estadounidense avanza 4.23% a 53.68 dpb.<\/p>\n<p style=\"text-align: justify;\">Los precios del crudo llegaron a subir hasta 6.5% a m\u00e1ximos de 18 meses, de acuerdo con Reuters.<\/p>\n<p style=\"text-align: justify;\">El 30 de noviembre, la OPEP acord\u00f3 reducir su bombeo en 1.2 millones de barriles de petr\u00f3leo por d\u00eda a partir del 1 de enero. El s\u00e1bado, los exportadores externos al grupo, encabezados por Rusia e incluido M\u00e9xico, accedieron a bajar su producci\u00f3n en 558,000 bpd.<\/p>\n<h2 class=\"cms-Headings-H2\" style=\"text-align: justify;\">El promedio industrial Dow Jones y el \u00edndice S&amp;P 500 tocaron nuevos m\u00e1ximos hist\u00f3ricos este lunes, mientras que el Nasdaq retrocede.<\/h2>\n<p style=\"text-align: justify;\">El Dow Jones sube 0.18% a 19,792 unidades, el S&amp;P 500 avanza 0.11% a 2,261 puntos y el Nasdaq retrocede 0.26% a 5,430 puntos.<\/p>\n","protected":false},"excerpt":{"rendered":"","protected":false},"author":1,"featured_media":9868,"comment_status":"open","ping_status":"open","sticky":false,"template":"","format":"standard","meta":{"_acf_changed":false,"_monsterinsights_skip_tracking":false,"slim_seo":{"title":"Recorte en producci\u00f3n impulsa precios del petr\u00f3leo - Opini\u00f3n P\u00fablica","description":"Los precios del barril de petr\u00f3leo suben este lunes m\u00e1s de 3%, luego que la OPEP y otros productores firmaron un acuerdo de recorte a la producci\u00f3n con el fin d"},"footnotes":""},"categories":[9],"tags":[],"class_list":["post-9869","post","type-post","status-publish","format-standard","has-post-thumbnail","hentry","category-nacional"],"acf":[],"_links":{"self":[{"href":"https:\/\/www.opinionpublica.tv\/portada\/wp-json\/wp\/v2\/posts\/9869","targetHints":{"allow":["GET"]}}],"collection":[{"href":"https:\/\/www.opinionpublica.tv\/portada\/wp-json\/wp\/v2\/posts"}],"about":[{"href":"https:\/\/www.opinionpublica.tv\/portada\/wp-json\/wp\/v2\/types\/post"}],"author":[{"embeddable":true,"href":"https:\/\/www.opinionpublica.tv\/portada\/wp-json\/wp\/v2\/users\/1"}],"replies":[{"embeddable":true,"href":"https:\/\/www.opinionpublica.tv\/portada\/wp-json\/wp\/v2\/comments?post=9869"}],"version-history":[{"count":0,"href":"https:\/\/www.opinionpublica.tv\/portada\/wp-json\/wp\/v2\/posts\/9869\/revisions"}],"wp:featuredmedia":[{"embeddable":true,"href":"https:\/\/www.opinionpublica.tv\/portada\/wp-json\/wp\/v2\/media\/9868"}],"wp:attachment":[{"href":"https:\/\/www.opinionpublica.tv\/portada\/wp-json\/wp\/v2\/media?parent=9869"}],"wp:term":[{"taxonomy":"category","embeddable":true,"href":"https:\/\/www.opinionpublica.tv\/portada\/wp-json\/wp\/v2\/categories?post=9869"},{"taxonomy":"post_tag","embeddable":true,"href":"https:\/\/www.opinionpublica.tv\/portada\/wp-json\/wp\/v2\/tags?post=9869"}],"curies":[{"name":"wp","href":"https:\/\/api.w.org\/{rel}","templated":true}]}}