{"id":9867,"date":"2016-12-12T07:00:00","date_gmt":"2016-12-12T06:00:00","guid":{"rendered":"https:\/\/www.opinionpublica.tv\/portada\/2016\/12\/12\/produccion-industrial-sube-0-1-en-octubre\/"},"modified":"2016-12-12T07:00:00","modified_gmt":"2016-12-12T06:00:00","slug":"produccion-industrial-sube-0-1-en-octubre","status":"publish","type":"post","link":"https:\/\/www.opinionpublica.tv\/portada\/produccion-industrial-sube-0-1-en-octubre\/","title":{"rendered":"Producci\u00f3n industrial sube 0,1% en octubre"},"content":{"rendered":"<p><img fetchpriority=\"high\" decoding=\"async\" class=\" size-full wp-image-9866\" src=\"https:\/\/www.opinionpublica.tv\/portada\/wp-content\/uploads\/2016\/12\/713a8540e6db58559c652a766f4c9757.jpg\" alt=\"\" width=\"377\" height=\"277\" srcset=\"https:\/\/www.opinionpublica.tv\/portada\/wp-content\/uploads\/2016\/12\/713a8540e6db58559c652a766f4c9757.jpg 377w, https:\/\/www.opinionpublica.tv\/portada\/wp-content\/uploads\/2016\/12\/713a8540e6db58559c652a766f4c9757-300x220.jpg 300w\" sizes=\"(max-width: 377px) 100vw, 377px\" \/><br \/>\n<!--more--><\/p>\n<p style=\"text-align: justify;\">La producci\u00f3n industrial de M\u00e9xico creci\u00f3 en octubre un 0.1% frente al mes previo, ayudada por un mejor desempe\u00f1o de la construcci\u00f3n, indic\u00f3 el Instituto Nacional de Estad\u00edstica y Geograf\u00eda (Inegi).<\/p>\n<p style=\"text-align: justify;\">En su comunicado, el Instituto se\u00f1al\u00f3 que el sector de la construcci\u00f3n creci\u00f3 0.8%, le siguieron las Industrias manufactureras con un aumento de 0.3% y la Generaci\u00f3n, transmisi\u00f3n y distribuci\u00f3n de energ\u00eda el\u00e9ctrica, suministro de agua y de gas por ductos al consumidor final subi\u00f3 0.2%, no obstante, la miner\u00eda tuvo una ca\u00edda de 0.1%.<\/p>\n<p style=\"text-align: justify;\">En tanto, la actividad industrial lig\u00f3 cuatro meses a la baja en su comparaci\u00f3n anual al retroceder un 0.6% en octubre de 2016 respecto al similar mes del a\u00f1o pasado.<\/p>\n<p style=\"text-align: justify;\">El organismo detall\u00f3 que la miner\u00eda experiment\u00f3 una ca\u00edda de 9.0% durante el periodo citado; mientras que la construcci\u00f3n avanz\u00f3 3.0%, el suministro de energ\u00eda y gas para consumidor final 1.7% y las industrias manufactureras 0.9% en octubre con relaci\u00f3n al mismo mes de 2015.<\/p>\n","protected":false},"excerpt":{"rendered":"","protected":false},"author":1,"featured_media":9866,"comment_status":"open","ping_status":"open","sticky":false,"template":"","format":"standard","meta":{"_acf_changed":false,"_monsterinsights_skip_tracking":false,"slim_seo":{"title":"Producci\u00f3n industrial sube 0,1% en octubre - Opini\u00f3n P\u00fablica","description":"La producci\u00f3n industrial de M\u00e9xico creci\u00f3 en octubre un 0.1% frente al mes previo, ayudada por un mejor desempe\u00f1o de la construcci\u00f3n, indic\u00f3 el Instituto Nacion"},"footnotes":""},"categories":[3],"tags":[],"class_list":["post-9867","post","type-post","status-publish","format-standard","has-post-thumbnail","hentry","category-principal"],"acf":[],"_links":{"self":[{"href":"https:\/\/www.opinionpublica.tv\/portada\/wp-json\/wp\/v2\/posts\/9867","targetHints":{"allow":["GET"]}}],"collection":[{"href":"https:\/\/www.opinionpublica.tv\/portada\/wp-json\/wp\/v2\/posts"}],"about":[{"href":"https:\/\/www.opinionpublica.tv\/portada\/wp-json\/wp\/v2\/types\/post"}],"author":[{"embeddable":true,"href":"https:\/\/www.opinionpublica.tv\/portada\/wp-json\/wp\/v2\/users\/1"}],"replies":[{"embeddable":true,"href":"https:\/\/www.opinionpublica.tv\/portada\/wp-json\/wp\/v2\/comments?post=9867"}],"version-history":[{"count":0,"href":"https:\/\/www.opinionpublica.tv\/portada\/wp-json\/wp\/v2\/posts\/9867\/revisions"}],"wp:featuredmedia":[{"embeddable":true,"href":"https:\/\/www.opinionpublica.tv\/portada\/wp-json\/wp\/v2\/media\/9866"}],"wp:attachment":[{"href":"https:\/\/www.opinionpublica.tv\/portada\/wp-json\/wp\/v2\/media?parent=9867"}],"wp:term":[{"taxonomy":"category","embeddable":true,"href":"https:\/\/www.opinionpublica.tv\/portada\/wp-json\/wp\/v2\/categories?post=9867"},{"taxonomy":"post_tag","embeddable":true,"href":"https:\/\/www.opinionpublica.tv\/portada\/wp-json\/wp\/v2\/tags?post=9867"}],"curies":[{"name":"wp","href":"https:\/\/api.w.org\/{rel}","templated":true}]}}