{"id":9855,"date":"2016-12-12T07:00:00","date_gmt":"2016-12-12T06:00:00","guid":{"rendered":"https:\/\/www.opinionpublica.tv\/portada\/2016\/12\/12\/ataques-aumentan-los-sacrificios-de-pitbulls\/"},"modified":"2016-12-12T07:00:00","modified_gmt":"2016-12-12T06:00:00","slug":"ataques-aumentan-los-sacrificios-de-pitbulls","status":"publish","type":"post","link":"https:\/\/www.opinionpublica.tv\/portada\/ataques-aumentan-los-sacrificios-de-pitbulls\/","title":{"rendered":"Ataques aumentan los sacrificios de pitbulls"},"content":{"rendered":"<p><img fetchpriority=\"high\" decoding=\"async\" class=\" size-full wp-image-9854\" src=\"https:\/\/www.opinionpublica.tv\/portada\/wp-content\/uploads\/2016\/12\/8c50887e9ab70f31b937690a4c97c5c0.jpg\" alt=\"\" width=\"747\" height=\"747\" srcset=\"https:\/\/www.opinionpublica.tv\/portada\/wp-content\/uploads\/2016\/12\/8c50887e9ab70f31b937690a4c97c5c0.jpg 747w, https:\/\/www.opinionpublica.tv\/portada\/wp-content\/uploads\/2016\/12\/8c50887e9ab70f31b937690a4c97c5c0-300x300.jpg 300w, https:\/\/www.opinionpublica.tv\/portada\/wp-content\/uploads\/2016\/12\/8c50887e9ab70f31b937690a4c97c5c0-150x150.jpg 150w\" sizes=\"(max-width: 747px) 100vw, 747px\" \/><br \/>\n<!--more--><\/p>\n<p style=\"text-align: justify;\">Diversas familias han decidido entregar a sus mascotas al Control Canino para sacrificarlos en\u00a0Saltillo habitan 15 mil perros de la raza pitbull con o sin due\u00f1o.<\/p>\n<p style=\"text-align: justify;\">La \u2018entrega voluntaria\u2019 involucra principalmente a perros de la raza pitbull, los cuales han protagonizado al menos dos agresiones en las que menores de edad han resultado severamente heridos.<\/p>\n<p style=\"text-align: justify;\">El Control Canino de Saltillo ha recibido un promedio de 40 reportes diarios, entre los que se expresa el temor a que ataque a alg\u00fan miembro de la familia. \u00a0<\/p>\n<blockquote>\n<p>Tenemos m\u00e1s de 40 reportes diarios s\u00f3lo de pitbull para entrega voluntaria, la gente se est\u00e1 deshaciendo de ellos, y creo que hay que mandar un llamado a la gente de que no todos son agresivos\u201d, expres\u00f3 Juan Salas, jefe de Control y Bienestar Animal.<\/p>\n<\/blockquote>\n<p style=\"text-align: justify;\">El integrante del Control Canino explic\u00f3 que, con el caso de muerte cerebral del peque\u00f1o Iker Misael, luego de que un perro de la raza pitbull lo atacara a mordidas, comenz\u00f3 a propagarse el temor entre la gente, no obstante, record\u00f3 que no todos los ejemplares son agresivos.<\/p>\n<p style=\"text-align: justify;\">Informaci\u00f3n de Exc\u00e9lsior<\/p>\n","protected":false},"excerpt":{"rendered":"","protected":false},"author":1,"featured_media":9854,"comment_status":"open","ping_status":"open","sticky":false,"template":"","format":"standard","meta":{"_acf_changed":false,"_monsterinsights_skip_tracking":false,"slim_seo":{"title":"Ataques aumentan los sacrificios de pitbulls - Opini\u00f3n P\u00fablica","description":"Diversas familias han decidido entregar a sus mascotas al Control Canino para sacrificarlos en\u00a0Saltillo habitan 15 mil perros de la raza pitbull con o sin due\u00f1o"},"footnotes":""},"categories":[9],"tags":[],"class_list":["post-9855","post","type-post","status-publish","format-standard","has-post-thumbnail","hentry","category-nacional"],"acf":[],"_links":{"self":[{"href":"https:\/\/www.opinionpublica.tv\/portada\/wp-json\/wp\/v2\/posts\/9855","targetHints":{"allow":["GET"]}}],"collection":[{"href":"https:\/\/www.opinionpublica.tv\/portada\/wp-json\/wp\/v2\/posts"}],"about":[{"href":"https:\/\/www.opinionpublica.tv\/portada\/wp-json\/wp\/v2\/types\/post"}],"author":[{"embeddable":true,"href":"https:\/\/www.opinionpublica.tv\/portada\/wp-json\/wp\/v2\/users\/1"}],"replies":[{"embeddable":true,"href":"https:\/\/www.opinionpublica.tv\/portada\/wp-json\/wp\/v2\/comments?post=9855"}],"version-history":[{"count":0,"href":"https:\/\/www.opinionpublica.tv\/portada\/wp-json\/wp\/v2\/posts\/9855\/revisions"}],"wp:featuredmedia":[{"embeddable":true,"href":"https:\/\/www.opinionpublica.tv\/portada\/wp-json\/wp\/v2\/media\/9854"}],"wp:attachment":[{"href":"https:\/\/www.opinionpublica.tv\/portada\/wp-json\/wp\/v2\/media?parent=9855"}],"wp:term":[{"taxonomy":"category","embeddable":true,"href":"https:\/\/www.opinionpublica.tv\/portada\/wp-json\/wp\/v2\/categories?post=9855"},{"taxonomy":"post_tag","embeddable":true,"href":"https:\/\/www.opinionpublica.tv\/portada\/wp-json\/wp\/v2\/tags?post=9855"}],"curies":[{"name":"wp","href":"https:\/\/api.w.org\/{rel}","templated":true}]}}