{"id":9839,"date":"2016-12-11T07:00:00","date_gmt":"2016-12-11T06:00:00","guid":{"rendered":"https:\/\/www.opinionpublica.tv\/portada\/2016\/12\/11\/efemerides-13-de-diciembre\/"},"modified":"2016-12-11T07:00:00","modified_gmt":"2016-12-11T06:00:00","slug":"efemerides-13-de-diciembre","status":"publish","type":"post","link":"https:\/\/www.opinionpublica.tv\/portada\/efemerides-13-de-diciembre\/","title":{"rendered":"Efem\u00e9rides 13 de Diciembre"},"content":{"rendered":"<img fetchpriority=\"high\" decoding=\"async\" class=\" size-full wp-image-9838\" src=\"https:\/\/www.opinionpublica.tv\/portada\/wp-content\/uploads\/2016\/12\/704ae8854594a6ac674bc4c0e5902e82.jpg\" alt=\"\" class=\"caption\" title=\"Santa Luc\u00eda (Siracusa, 283 - ib\u00eddem, 304)\" width=\"200\" height=\"274\" \/>\n<p style=\"text-align: justify;\">Es el 347.\u00ba (tricent\u00e9simo cuadrag\u00e9simo s\u00e9ptimo) d\u00eda del a\u00f1o en el calendario gregoriano y el 348.\u00ba en los a\u00f1os bisiestos. Quedan 18\u00a0d\u00edas para finalizar el a\u00f1o.<\/p>\n<p><!--more--><\/p>\n<h2 style=\"text-align: justify;\"><span id=\"Acontecimientos\" class=\"mw-headline\">Acontecimientos<\/span><\/h2>\n<ul style=\"text-align: justify;\">\n<li><a title=\"115\" href=\"https:\/\/es.wikipedia.org\/wiki\/115\">115<\/a>: en <a title=\"Antioqu\u00eda\" href=\"https:\/\/es.wikipedia.org\/wiki\/Antioqu%C3%ADa\">Antioqu\u00eda<\/a> (<a title=\"Turqu\u00eda\" href=\"https:\/\/es.wikipedia.org\/wiki\/Turqu%C3%ADa\">Turqu\u00eda<\/a>) a la noche sucede un <a title=\"Terremoto\" href=\"https:\/\/es.wikipedia.org\/wiki\/Terremoto\">terremoto<\/a> de magnitud\u00a07,5 en la <a title=\"Escala sismol\u00f3gica de Richter\" href=\"https:\/\/es.wikipedia.org\/wiki\/Escala_sismol%C3%B3gica_de_Richter\">escala sismol\u00f3gica de Richter<\/a> (intensidad de XI en la <a class=\"mw-redirect\" title=\"Escala de Mercalli\" href=\"https:\/\/es.wikipedia.org\/wiki\/Escala_de_Mercalli\">escala de Mercalli<\/a>), dejando un saldo de 260\u00a0000\u00a0muertos. Tambi\u00e9n se registra un <a title=\"Tsunami\" href=\"https:\/\/es.wikipedia.org\/wiki\/Tsunami\">tsunami<\/a>.<sup id=\"cite_ref-1\" class=\"reference\"><a href=\"https:\/\/es.wikipedia.org\/wiki\/13_de_diciembre#cite_note-1\">1<\/a><\/sup> Quiz\u00e1 no sucedi\u00f3 hoy sino <a title=\"3 de diciembre\" href=\"https:\/\/es.wikipedia.org\/wiki\/3_de_diciembre\">diez d\u00edas antes<\/a>.<\/li>\n<li><a title=\"1294\" href=\"https:\/\/es.wikipedia.org\/wiki\/1294\">1294<\/a>: el papa <a title=\"Celestino V\" href=\"https:\/\/es.wikipedia.org\/wiki\/Celestino_V\">Celestino V<\/a> abdica luego de solo cinco meses, porque desea retornar a su vida previa como <a title=\"Ascetismo\" href=\"https:\/\/es.wikipedia.org\/wiki\/Ascetismo\">asceta<\/a>.<\/li>\n<li><a title=\"1474\" href=\"https:\/\/es.wikipedia.org\/wiki\/1474\">1474<\/a>: en <a title=\"Segovia\" href=\"https:\/\/es.wikipedia.org\/wiki\/Segovia\">Segovia<\/a>, <a title=\"Isabel I de Castilla\" href=\"https:\/\/es.wikipedia.org\/wiki\/Isabel_I_de_Castilla\">Isabel la Cat\u00f3lica<\/a> es proclamada reina de <a title=\"Reino de Castilla\" href=\"https:\/\/es.wikipedia.org\/wiki\/Reino_de_Castilla\">Castilla<\/a>.<\/li>\n<li><a title=\"1481\" href=\"https:\/\/es.wikipedia.org\/wiki\/1481\">1481<\/a>: en <a title=\"Portugal\" href=\"https:\/\/es.wikipedia.org\/wiki\/Portugal\">Portugal<\/a>, <a title=\"Juan II de Portugal\" href=\"https:\/\/es.wikipedia.org\/wiki\/Juan_II_de_Portugal\">Juan II<\/a> es nombrado rey tras la muerte de su padre <a title=\"Alfonso V de Portugal\" href=\"https:\/\/es.wikipedia.org\/wiki\/Alfonso_V_de_Portugal\">Alfonso V<\/a> \u00abel Africano\u00bb.<\/li>\n<li><a title=\"1523\" href=\"https:\/\/es.wikipedia.org\/wiki\/1523\">1523<\/a>: en <a title=\"Acapulco de Ju\u00e1rez\" href=\"https:\/\/es.wikipedia.org\/wiki\/Acapulco_de_Ju%C3%A1rez\">Acapulco<\/a> (<a title=\"M\u00e9xico\" href=\"https:\/\/es.wikipedia.org\/wiki\/M%C3%A9xico\">M\u00e9xico<\/a>), arriba la primera exploraci\u00f3n espa\u00f1ola al mando de <a title=\"Juan Rodr\u00edguez de Villafuerte\" href=\"https:\/\/es.wikipedia.org\/wiki\/Juan_Rodr%C3%ADguez_de_Villafuerte\">Juan Rodr\u00edguez de Villafuerte<\/a>, que bautiza la bah\u00eda con el nombre de Santa Luc\u00eda.<\/li>\n<li><a title=\"1527\" href=\"https:\/\/es.wikipedia.org\/wiki\/1527\">1527<\/a>: en <a title=\"M\u00e9xico\" href=\"https:\/\/es.wikipedia.org\/wiki\/M%C3%A9xico\">M\u00e9xico<\/a> se crea la Audiencia, cuyo primer presidente fue <a class=\"mw-redirect\" title=\"Nu\u00f1o Beltr\u00e1n de Guzm\u00e1n\" href=\"https:\/\/es.wikipedia.org\/wiki\/Nu%C3%B1o_Beltr%C3%A1n_de_Guzm%C3%A1n\">Nu\u00f1o Beltr\u00e1n de Guzm\u00e1n<\/a>.<\/li>\n<li><a title=\"1540\" href=\"https:\/\/es.wikipedia.org\/wiki\/1540\">1540<\/a>: <a title=\"Pedro de Valdivia\" href=\"https:\/\/es.wikipedia.org\/wiki\/Pedro_de_Valdivia\">Pedro de Valdivia<\/a> llega al actual <a title=\"Santiago de Chile\" href=\"https:\/\/es.wikipedia.org\/wiki\/Santiago_de_Chile\">Santiago de Chile<\/a> y cambia el nombre del <a title=\"Colina (topograf\u00eda)\" href=\"https:\/\/es.wikipedia.org\/wiki\/Colina_(topograf%C3%ADa)\">cerro<\/a> Huel\u00e9n a cerro <a title=\"Cerro Santa Luc\u00eda\" href=\"https:\/\/es.wikipedia.org\/wiki\/Cerro_Santa_Luc%C3%ADa\">Santa Luc\u00eda<\/a>.<\/li>\n<li><a title=\"1545\" href=\"https:\/\/es.wikipedia.org\/wiki\/1545\">1545<\/a>: en el norte de <a title=\"Italia\" href=\"https:\/\/es.wikipedia.org\/wiki\/Italia\">Italia<\/a> se abre el <a title=\"Concilio de Trento\" href=\"https:\/\/es.wikipedia.org\/wiki\/Concilio_de_Trento\">Concilio de Trento<\/a>, convocado para hacer frente al <a title=\"Protestantismo\" href=\"https:\/\/es.wikipedia.org\/wiki\/Protestantismo\">protestantismo<\/a>.<\/li>\n<li><a title=\"1550\" href=\"https:\/\/es.wikipedia.org\/wiki\/1550\">1550<\/a>: en <a title=\"Per\u00fa\" href=\"https:\/\/es.wikipedia.org\/wiki\/Per%C3%BA\">Per\u00fa<\/a> se funda la ciudad de <a title=\"Ferre\u00f1afe\" href=\"https:\/\/es.wikipedia.org\/wiki\/Ferre%C3%B1afe\">Ferre\u00f1afe<\/a>.<\/li>\n<li><a title=\"1577\" href=\"https:\/\/es.wikipedia.org\/wiki\/1577\">1577<\/a>: desde <a title=\"Plymouth\" href=\"https:\/\/es.wikipedia.org\/wiki\/Plymouth\">Plymouth<\/a> (<a title=\"Inglaterra\" href=\"https:\/\/es.wikipedia.org\/wiki\/Inglaterra\">Inglaterra<\/a>) el corsario brit\u00e1nico sir <a title=\"Francis Drake\" href=\"https:\/\/es.wikipedia.org\/wiki\/Francis_Drake\">Francis Drake<\/a> comienza su viaje de circunvalaci\u00f3n del mundo.<\/li>\n<li><a title=\"1636\" href=\"https:\/\/es.wikipedia.org\/wiki\/1636\">1636<\/a>: en el actual Estados Unidos, la colonia de la bah\u00eda de <a title=\"Massachusetts\" href=\"https:\/\/es.wikipedia.org\/wiki\/Massachusetts\">Massachusetts<\/a> organiza tres regimientos de <a title=\"Milicia\" href=\"https:\/\/es.wikipedia.org\/wiki\/Milicia\">milicianos<\/a> para defenderse contra los <a class=\"mw-redirect\" title=\"Amerindio\" href=\"https:\/\/es.wikipedia.org\/wiki\/Amerindio\">indios<\/a><a title=\"Pequot\" href=\"https:\/\/es.wikipedia.org\/wiki\/Pequot\">pequot<\/a>. Este acto se reconoce actualmente como la fundaci\u00f3n de la <a title=\"Guardia Nacional de los Estados Unidos\" href=\"https:\/\/es.wikipedia.org\/wiki\/Guardia_Nacional_de_los_Estados_Unidos\">Guardia Nacional de los Estados Unidos<\/a>.<\/li>\n<li><a title=\"1642\" href=\"https:\/\/es.wikipedia.org\/wiki\/1642\">1642<\/a>: <a title=\"Abel Tasman\" href=\"https:\/\/es.wikipedia.org\/wiki\/Abel_Tasman\">Abel Tasman<\/a> llega a <a title=\"Nueva Zelanda\" href=\"https:\/\/es.wikipedia.org\/wiki\/Nueva_Zelanda\">Nueva Zelanda<\/a>.<\/li>\n<li><a title=\"1643\" href=\"https:\/\/es.wikipedia.org\/wiki\/1643\">1643<\/a>: en <a title=\"Hampshire\" href=\"https:\/\/es.wikipedia.org\/wiki\/Hampshire\">Hampshire<\/a> (<a title=\"Inglaterra\" href=\"https:\/\/es.wikipedia.org\/wiki\/Inglaterra\">Inglaterra<\/a>), en el marco de la <a title=\"Guerra Civil Inglesa\" href=\"https:\/\/es.wikipedia.org\/wiki\/Guerra_Civil_Inglesa\">Guerra Civil Inglesa<\/a>, se libra la <a class=\"new\" title=\"Batalla de Alton (a\u00fan no redactado)\" href=\"https:\/\/es.wikipedia.org\/w\/index.php?title=Batalla_de_Alton&amp;action=edit&amp;redlink=1\">batalla de Alton<\/a>.<\/li>\n<li><a title=\"1703\" href=\"https:\/\/es.wikipedia.org\/wiki\/1703\">1703<\/a> (\u00ab2 de diciembre\u00bb seg\u00fan el <a title=\"Calendario juliano\" href=\"https:\/\/es.wikipedia.org\/wiki\/Calendario_juliano\">calendario juliano<\/a>): en el sur de <a title=\"Inglaterra\" href=\"https:\/\/es.wikipedia.org\/wiki\/Inglaterra\">Inglaterra<\/a> termina la <a class=\"new\" title=\"Gran Tormenta de 1703 (a\u00fan no redactado)\" href=\"https:\/\/es.wikipedia.org\/w\/index.php?title=Gran_Tormenta_de_1703&amp;action=edit&amp;redlink=1\">Gran Tormenta de 1703<\/a>, la m\u00e1s violenta registrada en toda la Historia en ese pa\u00eds. En sus ocho d\u00edas de duraci\u00f3n dej\u00f3 un saldo de entre 8.000 y 15.000\u00a0v\u00edctimas.<\/li>\n<li><a title=\"1769\" href=\"https:\/\/es.wikipedia.org\/wiki\/1769\">1769<\/a>: en Inglaterra, el reverendo <a class=\"new\" title=\"Eleazar Wheelock (a\u00fan no redactado)\" href=\"https:\/\/es.wikipedia.org\/w\/index.php?title=Eleazar_Wheelock&amp;action=edit&amp;redlink=1\">Eleazar Wheelock<\/a> funda el colegio <a title=\"Dartmouth College\" href=\"https:\/\/es.wikipedia.org\/wiki\/Dartmouth_College\">Dartmouth<\/a>.<\/li>\n<li><a title=\"1862\" href=\"https:\/\/es.wikipedia.org\/wiki\/1862\">1862<\/a>: en el marco de la <a title=\"Guerra de Secesi\u00f3n\" href=\"https:\/\/es.wikipedia.org\/wiki\/Guerra_de_Secesi%C3%B3n\">Guerra Civil Estadounidense<\/a>, en la <a title=\"Batalla de Fredericksburg\" href=\"https:\/\/es.wikipedia.org\/wiki\/Batalla_de_Fredericksburg\">batalla de Fredericksburg<\/a>, el general <a title=\"Estados Confederados de Am\u00e9rica\" href=\"https:\/\/es.wikipedia.org\/wiki\/Estados_Confederados_de_Am%C3%A9rica\">confederado<\/a> <a title=\"Robert E. Lee\" href=\"https:\/\/es.wikipedia.org\/wiki\/Robert_E._Lee\">Robert E. Lee<\/a> derrota al general <a title=\"Ej\u00e9rcito de la Uni\u00f3n\" href=\"https:\/\/es.wikipedia.org\/wiki\/Ej%C3%A9rcito_de_la_Uni%C3%B3n\">unionista<\/a><a class=\"new\" title=\"Ambrose E. Burnside (a\u00fan no redactado)\" href=\"https:\/\/es.wikipedia.org\/w\/index.php?title=Ambrose_E._Burnside&amp;action=edit&amp;redlink=1\">Ambrose E. Burnside<\/a>.<\/li>\n<li><a title=\"1895\" href=\"https:\/\/es.wikipedia.org\/wiki\/1895\">1895<\/a>: en <a title=\"Berl\u00edn\" href=\"https:\/\/es.wikipedia.org\/wiki\/Berl%C3%ADn\">Berl\u00edn<\/a> se estrena la <i>Segunda Sinfon\u00eda<\/i> del compositor austr\u00edaco <a title=\"Gustav Mahler\" href=\"https:\/\/es.wikipedia.org\/wiki\/Gustav_Mahler\">Gustav Mahler<\/a>.<\/li>\n<li><a title=\"1902\" href=\"https:\/\/es.wikipedia.org\/wiki\/1902\">1902<\/a>: en el <a title=\"Nilo\" href=\"https:\/\/es.wikipedia.org\/wiki\/Nilo\">Nilo<\/a> se inaugura la <a title=\"Presa de Asu\u00e1n\" href=\"https:\/\/es.wikipedia.org\/wiki\/Presa_de_Asu%C3%A1n\">presa de Asu\u00e1n<\/a>.<\/li>\n<li><a title=\"1906\" href=\"https:\/\/es.wikipedia.org\/wiki\/1906\">1906<\/a>: <a title=\"Francia\" href=\"https:\/\/es.wikipedia.org\/wiki\/Francia\">Francia<\/a>, el <a title=\"Reino Unido\" href=\"https:\/\/es.wikipedia.org\/wiki\/Reino_Unido\">Reino Unido<\/a> e <a title=\"Italia\" href=\"https:\/\/es.wikipedia.org\/wiki\/Italia\">Italia<\/a> firman un tratado por el que garantizan la independencia de <a title=\"Etiop\u00eda\" href=\"https:\/\/es.wikipedia.org\/wiki\/Etiop%C3%ADa\">Abisinia<\/a>.<\/li>\n<li><a title=\"1907\" href=\"https:\/\/es.wikipedia.org\/wiki\/1907\">1907<\/a>: en la ciudad de <a title=\"Comodoro Rivadavia\" href=\"https:\/\/es.wikipedia.org\/wiki\/Comodoro_Rivadavia\">Comodoro Rivadavia<\/a> (<a title=\"Argentina\" href=\"https:\/\/es.wikipedia.org\/wiki\/Argentina\">Argentina<\/a>) se descubre petr\u00f3leo.<\/li>\n<li><a title=\"1910\" href=\"https:\/\/es.wikipedia.org\/wiki\/1910\">1910<\/a>: en <a title=\"San Petersburgo\" href=\"https:\/\/es.wikipedia.org\/wiki\/San_Petersburgo\">San Petersburgo<\/a> y <a title=\"Odesa\" href=\"https:\/\/es.wikipedia.org\/wiki\/Odesa\">Odesa<\/a> se producen disturbios estudiantiles contra el uso de castigos corporales a presos pol\u00edticos.<\/li>\n<li><a title=\"1913\" href=\"https:\/\/es.wikipedia.org\/wiki\/1913\">1913<\/a>: en <a title=\"Montevideo\" href=\"https:\/\/es.wikipedia.org\/wiki\/Montevideo\">Montevideo<\/a>, el <a title=\"Club Atl\u00e9tico Pe\u00f1arol\" href=\"https:\/\/es.wikipedia.org\/wiki\/Club_Atl%C3%A9tico_Pe%C3%B1arol\">club CURCC Pe\u00f1arol<\/a> se desvincula totalmente de la Compa\u00f1\u00eda del Ferrocarril Central del Uruguay (CUR).<\/li>\n<li>1913: se funda el <a class=\"mw-redirect\" title=\"Centro Cultural Nazaret\" href=\"https:\/\/es.wikipedia.org\/wiki\/Centro_Cultural_Nazaret\">Centro Cultural Nazaret<\/a> en <a title=\"San Sebasti\u00e1n\" href=\"https:\/\/es.wikipedia.org\/wiki\/San_Sebasti%C3%A1n\">San Sebasti\u00e1n<\/a>.<\/li>\n<li><a title=\"1920\" href=\"https:\/\/es.wikipedia.org\/wiki\/1920\">1920<\/a>: el astr\u00f3nomo <a class=\"new\" title=\"F. G. Paese (a\u00fan no redactado)\" href=\"https:\/\/es.wikipedia.org\/w\/index.php?title=F._G._Paese&amp;action=edit&amp;redlink=1\">F. G. Paese<\/a> consigue medir el di\u00e1metro de <a title=\"Betelgeuse\" href=\"https:\/\/es.wikipedia.org\/wiki\/Betelgeuse\">Betelgeuse<\/a>, la mayor estrella conocida.<\/li>\n<li><a title=\"1937\" href=\"https:\/\/es.wikipedia.org\/wiki\/1937\">1937<\/a>: en el marco de la <a class=\"mw-redirect\" title=\"Segunda Guerra Sino-Japonesa\" href=\"https:\/\/es.wikipedia.org\/wiki\/Segunda_Guerra_Sino-Japonesa\">Segunda Guerra Sino-Japonesa<\/a>, los japoneses ocupan <a title=\"Nank\u00edn\" href=\"https:\/\/es.wikipedia.org\/wiki\/Nank%C3%ADn\">Nank\u00edn<\/a>. Comienza as\u00ed la <a title=\"Masacre de Nank\u00edn\" href=\"https:\/\/es.wikipedia.org\/wiki\/Masacre_de_Nank%C3%ADn\">masacre de Nank\u00edn<\/a>: durante seis semanas los soldados japoneses asesinan a entre 250\u00a0000 (seg\u00fan Jap\u00f3n) y 300\u00a0000 (seg\u00fan China) y 500\u00a0000 (seg\u00fan Estados Unidos) civiles. M\u00e1s tarde el Gobierno japon\u00e9s condenar\u00e1 a muerte a varios l\u00edderes japoneses responsables.<\/li>\n<li><a title=\"1938\" href=\"https:\/\/es.wikipedia.org\/wiki\/1938\">1938<\/a>: en el distrito <a class=\"new\" title=\"Bergedorf (a\u00fan no redactado)\" href=\"https:\/\/es.wikipedia.org\/w\/index.php?title=Bergedorf&amp;action=edit&amp;redlink=1\">Bergedorf<\/a> de la ciudad de <a title=\"Hamburgo\" href=\"https:\/\/es.wikipedia.org\/wiki\/Hamburgo\">Hamburgo<\/a> (<a title=\"Alemania\" href=\"https:\/\/es.wikipedia.org\/wiki\/Alemania\">Alemania<\/a>) se abre el <a title=\"Campo de concentraci\u00f3n\" href=\"https:\/\/es.wikipedia.org\/wiki\/Campo_de_concentraci%C3%B3n\">campo de concentraci\u00f3n<\/a> de <a title=\"Campo de concentraci\u00f3n de Neuengamme\" href=\"https:\/\/es.wikipedia.org\/wiki\/Campo_de_concentraci%C3%B3n_de_Neuengamme\">Neuengamme<\/a>.<\/li>\n<li><a title=\"1938\" href=\"https:\/\/es.wikipedia.org\/wiki\/1938\">1938<\/a>: en Espa\u00f1a se crea la <a title=\"Organizaci\u00f3n Nacional de Ciegos Espa\u00f1oles\" href=\"https:\/\/es.wikipedia.org\/wiki\/Organizaci%C3%B3n_Nacional_de_Ciegos_Espa%C3%B1oles\">ONCE<\/a> (Organizaci\u00f3n Nacional de Ciegos de Espa\u00f1a).<\/li>\n<li><a title=\"1939\" href=\"https:\/\/es.wikipedia.org\/wiki\/1939\">1939<\/a>: en <a title=\"Buenos Aires\" href=\"https:\/\/es.wikipedia.org\/wiki\/Buenos_Aires\">Buenos Aires<\/a> \u2015en el marco de la <a title=\"Segunda Guerra Mundial\" href=\"https:\/\/es.wikipedia.org\/wiki\/Segunda_Guerra_Mundial\">Segunda Guerra Mundial<\/a>\u2015 se libra la batalla del R\u00edo de la Plata: el barco de guerra <a class=\"mw-redirect\" title=\"Graf Spee\" href=\"https:\/\/es.wikipedia.org\/wiki\/Graf_Spee\">Admiral Graf Spee<\/a> (a mando del capit\u00e1n nazi Hans Langsdorff) ataca a los cruceros brit\u00e1nicos Exeter, Ajax y Achilles.<\/li>\n<li><a title=\"1941\" href=\"https:\/\/es.wikipedia.org\/wiki\/1941\">1941<\/a>: <a title=\"Hungr\u00eda\" href=\"https:\/\/es.wikipedia.org\/wiki\/Hungr%C3%ADa\">Hungr\u00eda<\/a> y <a title=\"Rumania\" href=\"https:\/\/es.wikipedia.org\/wiki\/Rumania\">Rumania<\/a> declaran la guerra contra Estados Unidos.<\/li>\n<li><a title=\"1943\" href=\"https:\/\/es.wikipedia.org\/wiki\/1943\">1943<\/a>: en Alemania, 710 aviones estadounidenses bombardean a la poblaci\u00f3n civil de la ciudad de <a title=\"Kiel\" href=\"https:\/\/es.wikipedia.org\/wiki\/Kiel\">Kiel<\/a>, que resulta completamente destruida. Se desconoce la cantidad de miles de civiles muertos.<\/li>\n<li><a title=\"1949\" href=\"https:\/\/es.wikipedia.org\/wiki\/1949\">1949<\/a>: la <a title=\"Kn\u00e9set\" href=\"https:\/\/es.wikipedia.org\/wiki\/Kn%C3%A9set\">Kn\u00e9set<\/a> vota por situar la capital de <a title=\"Israel\" href=\"https:\/\/es.wikipedia.org\/wiki\/Israel\">Israel<\/a> en <a title=\"Jerusal\u00e9n\" href=\"https:\/\/es.wikipedia.org\/wiki\/Jerusal%C3%A9n\">Jerusal\u00e9n<\/a>.<\/li>\n<li>1949: en Israel se crea el Instituto para la Coordinaci\u00f3n de la Seguridad, germen de la Agencia Israel\u00ed de Inteligencia \u00ab<a title=\"Mosad\" href=\"https:\/\/es.wikipedia.org\/wiki\/Mosad\">Mosad<\/a>\u00ab.<\/li>\n<li><a title=\"1951\" href=\"https:\/\/es.wikipedia.org\/wiki\/1951\">1951<\/a>: en la iglesia City Methodist de <a title=\"Londres\" href=\"https:\/\/es.wikipedia.org\/wiki\/Londres\">Londres<\/a>, se casa Margaret Roberts (luego <a title=\"Margaret Thatcher\" href=\"https:\/\/es.wikipedia.org\/wiki\/Margaret_Thatcher\">Margaret Thatcher<\/a>) con <a title=\"Denis Thatcher\" href=\"https:\/\/es.wikipedia.org\/wiki\/Denis_Thatcher\">Denis Thatcher<\/a>.<\/li>\n<li><a title=\"1955\" href=\"https:\/\/es.wikipedia.org\/wiki\/1955\">1955<\/a>: en Per\u00fa se funda el <a title=\"Club Sporting Cristal\" href=\"https:\/\/es.wikipedia.org\/wiki\/Club_Sporting_Cristal\">Club Sporting Cristal<\/a>, equipo que participa en la <a class=\"mw-redirect\" title=\"Liga Peruana de F\u00fatbol\" href=\"https:\/\/es.wikipedia.org\/wiki\/Liga_Peruana_de_F%C3%BAtbol\">Liga Peruana de F\u00fatbol<\/a>.<\/li>\n<li><a title=\"1959\" href=\"https:\/\/es.wikipedia.org\/wiki\/1959\">1959<\/a>: en <a title=\"Chipre\" href=\"https:\/\/es.wikipedia.org\/wiki\/Chipre\">Chipre<\/a>, el <a title=\"Makarios III\" href=\"https:\/\/es.wikipedia.org\/wiki\/Makarios_III\">arzobispo Makarios<\/a> se convierte en el primer presidente del pa\u00eds.<\/li>\n<li><a title=\"1960\" href=\"https:\/\/es.wikipedia.org\/wiki\/1960\">1960<\/a>: en la ciudad de <a title=\"Managua\" href=\"https:\/\/es.wikipedia.org\/wiki\/Managua\">Managua<\/a> (Nicaragua), los Gobiernos de <a title=\"Guatemala\" href=\"https:\/\/es.wikipedia.org\/wiki\/Guatemala\">Guatemala<\/a>, <a title=\"El Salvador\" href=\"https:\/\/es.wikipedia.org\/wiki\/El_Salvador\">El Salvador<\/a>, <a title=\"Honduras\" href=\"https:\/\/es.wikipedia.org\/wiki\/Honduras\">Honduras<\/a> y <a title=\"Nicaragua\" href=\"https:\/\/es.wikipedia.org\/wiki\/Nicaragua\">Nicaragua<\/a> fundan el <a class=\"new\" title=\"Banco Centroamericano (a\u00fan no redactado)\" href=\"https:\/\/es.wikipedia.org\/w\/index.php?title=Banco_Centroamericano&amp;action=edit&amp;redlink=1\">Banco Centroamericano<\/a>.<\/li>\n<li><a title=\"1961\" href=\"https:\/\/es.wikipedia.org\/wiki\/1961\">1961<\/a>: en un pozo a 219\u00a0metros bajo tierra, en el \u00e1rea U9a del <a class=\"mw-redirect\" title=\"Sitio de pruebas at\u00f3micas de Nevada\" href=\"https:\/\/es.wikipedia.org\/wiki\/Sitio_de_pruebas_at%C3%B3micas_de_Nevada\">Sitio de pruebas at\u00f3micas de Nevada<\/a> (a unos 100\u00a0km al noroeste de la ciudad de <a title=\"Las Vegas\" href=\"https:\/\/es.wikipedia.org\/wiki\/Las_Vegas\">Las Vegas<\/a>), a las 10:00 (hora local) Estados Unidos detona su <a title=\"Bomba at\u00f3mica\" href=\"https:\/\/es.wikipedia.org\/wiki\/Bomba_at%C3%B3mica\">bomba at\u00f3mica<\/a> <a class=\"new\" title=\"Operaci\u00f3n Nougat (a\u00fan no redactado)\" href=\"https:\/\/es.wikipedia.org\/w\/index.php?title=Operaci%C3%B3n_Nougat&amp;action=edit&amp;redlink=1\">Mad<\/a>, de 0,5\u00a0<a class=\"mw-redirect\" title=\"Kilotones\" href=\"https:\/\/es.wikipedia.org\/wiki\/Kilotones\">kilotones<\/a>. Es la bomba\u00a0n.\u00ba\u00a0205 de las 1131 que Estados Unidos deton\u00f3 entre 1945 y 1992.<\/li>\n<li><a title=\"1962\" href=\"https:\/\/es.wikipedia.org\/wiki\/1962\">1962<\/a>: la <a title=\"NASA\" href=\"https:\/\/es.wikipedia.org\/wiki\/NASA\">NASA<\/a> lanza el <a title=\"Relay 1\" href=\"https:\/\/es.wikipedia.org\/wiki\/Relay_1\">Relay 1<\/a>, primer sat\u00e9lite repetidor de comunicaciones.<\/li>\n<li><a title=\"1966\" href=\"https:\/\/es.wikipedia.org\/wiki\/1966\">1966<\/a>: en un pozo a 240\u00a0metros bajo tierra, en el \u00e1rea U3ez del <a class=\"mw-redirect\" title=\"Sitio de pruebas at\u00f3micas de Nevada\" href=\"https:\/\/es.wikipedia.org\/wiki\/Sitio_de_pruebas_at%C3%B3micas_de_Nevada\">Sitio de pruebas at\u00f3micas de Nevada<\/a> (a unos 100\u00a0km al noroeste de la ciudad de <a title=\"Las Vegas\" href=\"https:\/\/es.wikipedia.org\/wiki\/Las_Vegas\">Las Vegas<\/a>), a las 9:50 (hora local) Estados Unidos detona su <a title=\"Bomba at\u00f3mica\" href=\"https:\/\/es.wikipedia.org\/wiki\/Bomba_at%C3%B3mica\">bomba at\u00f3mica<\/a> <a class=\"new\" title=\"Operaci\u00f3n Latchkey (a\u00fan no redactado)\" href=\"https:\/\/es.wikipedia.org\/w\/index.php?title=Operaci%C3%B3n_Latchkey&amp;action=edit&amp;redlink=1\">Sidecar<\/a>, de 1\u00a0<a class=\"mw-redirect\" title=\"Kilot\u00f3n\" href=\"https:\/\/es.wikipedia.org\/wiki\/Kilot%C3%B3n\">kilot\u00f3n<\/a>. A las 13:00 detona la bomba New Point, de 7\u00a0kilotones. Son las bombas\u00a0n.\u00ba\u00a0488 y 489 de las 1131 que Estados Unidos deton\u00f3 entre 1945 y 1992.<\/li>\n<li><a title=\"1967\" href=\"https:\/\/es.wikipedia.org\/wiki\/1967\">1967<\/a>: en Grecia, <a title=\"Constantino II de Grecia\" href=\"https:\/\/es.wikipedia.org\/wiki\/Constantino_II_de_Grecia\">Constantino II de Grecia<\/a> realiza un infructuoso contragolpe de Estado contra la junta militar de Gobierno.<\/li>\n<li><a title=\"1968\" href=\"https:\/\/es.wikipedia.org\/wiki\/1968\">1968<\/a>: en <a title=\"Brasil\" href=\"https:\/\/es.wikipedia.org\/wiki\/Brasil\">Brasil<\/a>, <a title=\"Artur da Costa e Silva\" href=\"https:\/\/es.wikipedia.org\/wiki\/Artur_da_Costa_e_Silva\">Artur da Costa e Silva<\/a> proclama la dictadura militar y suprime la C\u00e1mara de Diputados por no aceptar sus t\u00e9rminos.<\/li>\n<li><a title=\"1972\" href=\"https:\/\/es.wikipedia.org\/wiki\/1972\">1972<\/a>: en el <a title=\"Programa Apolo\" href=\"https:\/\/es.wikipedia.org\/wiki\/Programa_Apolo\">programa Apolo<\/a>, <a title=\"Eugene Cernan\" href=\"https:\/\/es.wikipedia.org\/wiki\/Eugene_Cernan\">Eugene Cernan<\/a> y <a title=\"Harrison Schmitt\" href=\"https:\/\/es.wikipedia.org\/wiki\/Harrison_Schmitt\">Harrison Schmitt<\/a> comienzan su tercera y \u00faltima <a title=\"Actividad extravehicular\" href=\"https:\/\/es.wikipedia.org\/wiki\/Actividad_extravehicular\">EVA<\/a> (actividad extravehicular) del <a title=\"Apolo 17\" href=\"https:\/\/es.wikipedia.org\/wiki\/Apolo_17\">Apolo 17<\/a>. Esta fue la \u00faltima misi\u00f3n tripulada a la Luna hasta la fecha.<\/li>\n<li><a title=\"1973\" href=\"https:\/\/es.wikipedia.org\/wiki\/1973\">1973<\/a>: en un pozo a 198\u00a0metros bajo tierra, en el \u00e1rea U2ea del <a class=\"mw-redirect\" title=\"Sitio de pruebas at\u00f3micas de Nevada\" href=\"https:\/\/es.wikipedia.org\/wiki\/Sitio_de_pruebas_at%C3%B3micas_de_Nevada\">Sitio de pruebas at\u00f3micas de Nevada<\/a> (a unos 100\u00a0km al noroeste de la ciudad de <a title=\"Las Vegas\" href=\"https:\/\/es.wikipedia.org\/wiki\/Las_Vegas\">Las Vegas<\/a>), a las 7:17 (hora local) Estados Unidos detona su <a title=\"Bomba at\u00f3mica\" href=\"https:\/\/es.wikipedia.org\/wiki\/Bomba_at%C3%B3mica\">bomba at\u00f3mica<\/a> <a class=\"new\" title=\"Operaci\u00f3n Arbor (a\u00fan no redactado)\" href=\"https:\/\/es.wikipedia.org\/w\/index.php?title=Operaci%C3%B3n_Arbor&amp;action=edit&amp;redlink=1\">Seafoam<\/a>, de menos de 20\u00a0<a class=\"mw-redirect\" title=\"Kilotones\" href=\"https:\/\/es.wikipedia.org\/wiki\/Kilotones\">kilotones<\/a>. Es la bomba\u00a0n.\u00ba\u00a0809 de las 1131 que Estados Unidos deton\u00f3 entre 1945 y 1992.<\/li>\n<li><a title=\"1974\" href=\"https:\/\/es.wikipedia.org\/wiki\/1974\">1974<\/a>: <a title=\"Malta\" href=\"https:\/\/es.wikipedia.org\/wiki\/Malta\">Malta<\/a> se convierte en <a title=\"Rep\u00fablica\" href=\"https:\/\/es.wikipedia.org\/wiki\/Rep%C3%BAblica\">rep\u00fablica<\/a>.<\/li>\n<li><a title=\"1976\" href=\"https:\/\/es.wikipedia.org\/wiki\/1976\">1976<\/a>: unos 40\u00a0km al norte de la ciudad <a class=\"mw-redirect\" title=\"Provincia de Chaco\" href=\"https:\/\/es.wikipedia.org\/wiki\/Provincia_de_Chaco\">chaque\u00f1a<\/a> de <a class=\"mw-redirect\" title=\"Resistencia (provincia de Chaco)\" href=\"https:\/\/es.wikipedia.org\/wiki\/Resistencia_(provincia_de_Chaco)\">Resistencia<\/a> (<a title=\"Argentina\" href=\"https:\/\/es.wikipedia.org\/wiki\/Argentina\">Argentina<\/a>) \u2015en el marco de la <a class=\"mw-redirect\" title=\"Dictadura de Videla\" href=\"https:\/\/es.wikipedia.org\/wiki\/Dictadura_de_Videla\">dictadura de Videla<\/a> (1976-1983)\u2015, 22\u00a0militantes <a class=\"mw-redirect\" title=\"Montonero (Argentina)\" href=\"https:\/\/es.wikipedia.org\/wiki\/Montonero_(Argentina)\">montoneros<\/a> son torturados, castrados, violados y asesinados a tiros en un operativo conjunto del Ej\u00e9rcito Argentino y la Polic\u00eda del Chaco (<a title=\"Masacre de Margarita Bel\u00e9n\" href=\"https:\/\/es.wikipedia.org\/wiki\/Masacre_de_Margarita_Bel%C3%A9n\">Masacre de Margarita Bel\u00e9n<\/a>).<\/li>\n<li><a title=\"1977\" href=\"https:\/\/es.wikipedia.org\/wiki\/1977\">1977<\/a>: cerca del aeropuerto regional de <a title=\"Evansville (Indiana)\" href=\"https:\/\/es.wikipedia.org\/wiki\/Evansville_(Indiana)\">Evansville<\/a>, se estrella un DC-3 muriendo 29 personas, entre ellas, el equipo de baloncesto de la <a title=\"Universidad de Evansville\" href=\"https:\/\/es.wikipedia.org\/wiki\/Universidad_de_Evansville\">Universidad de Evansville<\/a>.<\/li>\n<li><a title=\"1979\" href=\"https:\/\/es.wikipedia.org\/wiki\/1979\">1979<\/a>: en <a title=\"Canad\u00e1\" href=\"https:\/\/es.wikipedia.org\/wiki\/Canad%C3%A1\">Canad\u00e1<\/a>, el Gobierno del primer ministro <a title=\"Joe Clark\" href=\"https:\/\/es.wikipedia.org\/wiki\/Joe_Clark\">Joe Clark<\/a> es derrotado en la <a title=\"C\u00e1mara de los Comunes\" href=\"https:\/\/es.wikipedia.org\/wiki\/C%C3%A1mara_de_los_Comunes\">C\u00e1mara de los Comunes<\/a>, propiciando la elecci\u00f3n federal de Canad\u00e1 de 1980.<\/li>\n<li><a title=\"1981\" href=\"https:\/\/es.wikipedia.org\/wiki\/1981\">1981<\/a>: en la sede central de la <a title=\"Organizaci\u00f3n de las Naciones Unidas\" href=\"https:\/\/es.wikipedia.org\/wiki\/Organizaci%C3%B3n_de_las_Naciones_Unidas\">ONU<\/a>, el peruano <a title=\"Javier P\u00e9rez de Cu\u00e9llar\" href=\"https:\/\/es.wikipedia.org\/wiki\/Javier_P%C3%A9rez_de_Cu%C3%A9llar\">Javier P\u00e9rez de Cu\u00e9llar<\/a> es elegido <a title=\"Secretar\u00eda General de Naciones Unidas\" href=\"https:\/\/es.wikipedia.org\/wiki\/Secretar%C3%ADa_General_de_Naciones_Unidas\">Secretario General de las Naciones Unidas<\/a><\/li>\n<li><a title=\"1981\" href=\"https:\/\/es.wikipedia.org\/wiki\/1981\">1981<\/a>: en <a title=\"Polonia\" href=\"https:\/\/es.wikipedia.org\/wiki\/Polonia\">Polonia<\/a>, un Consejo de las Fuerzas Armadas asume el poder y decreta la ley marcial.<\/li>\n<li><a title=\"1983\" href=\"https:\/\/es.wikipedia.org\/wiki\/1983\">1983<\/a>: en <a title=\"Buenos Aires\" href=\"https:\/\/es.wikipedia.org\/wiki\/Buenos_Aires\">Buenos Aires<\/a> (<a title=\"Argentina\" href=\"https:\/\/es.wikipedia.org\/wiki\/Argentina\">Argentina<\/a>) el presidente <a title=\"Ra\u00fal Alfons\u00edn\" href=\"https:\/\/es.wikipedia.org\/wiki\/Ra%C3%BAl_Alfons%C3%ADn\">Ra\u00fal Alfons\u00edn<\/a> anuncia p\u00fablicamente el decreto por el que se dispone el procesamiento de los miembros militares que gobernaron dictatorialmente la naci\u00f3n entre 1976 y 1983.<\/li>\n<li><a title=\"1986\" href=\"https:\/\/es.wikipedia.org\/wiki\/1986\">1986<\/a>: en un pozo a 635\u00a0metros bajo tierra, en el \u00e1rea U20ap del <a class=\"mw-redirect\" title=\"Sitio de pruebas at\u00f3micas de Nevada\" href=\"https:\/\/es.wikipedia.org\/wiki\/Sitio_de_pruebas_at%C3%B3micas_de_Nevada\">Sitio de pruebas at\u00f3micas de Nevada<\/a> (a unos 100\u00a0km al noroeste de la ciudad de <a title=\"Las Vegas\" href=\"https:\/\/es.wikipedia.org\/wiki\/Las_Vegas\">Las Vegas<\/a>), a las 10:00 (hora local) Estados Unidos detona su <a title=\"Bomba at\u00f3mica\" href=\"https:\/\/es.wikipedia.org\/wiki\/Bomba_at%C3%B3mica\">bomba at\u00f3mica<\/a> <a class=\"new\" title=\"Operaci\u00f3n Musketeer (a\u00fan no redactado)\" href=\"https:\/\/es.wikipedia.org\/w\/index.php?title=Operaci%C3%B3n_Musketeer&amp;action=edit&amp;redlink=1\">Bodie<\/a>, de 140\u00a0<a class=\"mw-redirect\" title=\"Kilotones\" href=\"https:\/\/es.wikipedia.org\/wiki\/Kilotones\">kilotones<\/a>. Es la bomba\u00a0n.\u00ba\u00a01055 de las 1131 que Estados Unidos deton\u00f3 entre 1945 y 1992.<\/li>\n<li>1986: el equipo argentino <a title=\"Club Atl\u00e9tico River Plate\" href=\"https:\/\/es.wikipedia.org\/wiki\/Club_Atl%C3%A9tico_River_Plate\">River Plate<\/a> vence 1-0 al <a title=\"Steaua de Bucarest\" href=\"https:\/\/es.wikipedia.org\/wiki\/Steaua_de_Bucarest\">Steaua de Bucarest<\/a> y gana la <a class=\"mw-redirect\" title=\"Copa Intercontinental\" href=\"https:\/\/es.wikipedia.org\/wiki\/Copa_Intercontinental\">Copa Intercontinental<\/a>.<\/li>\n<li><a title=\"1989\" href=\"https:\/\/es.wikipedia.org\/wiki\/1989\">1989<\/a>: en <a title=\"Suecia\" href=\"https:\/\/es.wikipedia.org\/wiki\/Suecia\">Suecia<\/a> se publica el \u00faltimo n\u00famero de <i>Gnistan<\/i> (\u2018chispa\u2019), \u00f3rgano de <a class=\"mw-redirect\" title=\"Partido Comunista de Suecia\" href=\"https:\/\/es.wikipedia.org\/wiki\/Partido_Comunista_de_Suecia\">Solidaritetspartiet<\/a>.<\/li>\n<li><a title=\"1991\" href=\"https:\/\/es.wikipedia.org\/wiki\/1991\">1991<\/a>: en <a title=\"Tegucigalpa\" href=\"https:\/\/es.wikipedia.org\/wiki\/Tegucigalpa\">Tegucigalpa<\/a>, los presidentes de los pa\u00edses de Centroam\u00e9rica aprueban la creaci\u00f3n del <a title=\"Sistema de la Integraci\u00f3n Centroamericana\" href=\"https:\/\/es.wikipedia.org\/wiki\/Sistema_de_la_Integraci%C3%B3n_Centroamericana\">Sistema de Integraci\u00f3n Centroamericano<\/a>.<\/li>\n<li><a title=\"1992\" href=\"https:\/\/es.wikipedia.org\/wiki\/1992\">1992<\/a>: en <a title=\"Uruguay\" href=\"https:\/\/es.wikipedia.org\/wiki\/Uruguay\">Uruguay<\/a> se realiza un plebiscito contra la <a title=\"Ley de Empresas P\u00fablicas\" href=\"https:\/\/es.wikipedia.org\/wiki\/Ley_de_Empresas_P%C3%BAblicas\">Ley de Empresas P\u00fablicas<\/a>, cuyos 5 primeros art\u00edculos resultan derogados; esto pone un freno a las <a class=\"mw-redirect\" title=\"Privatizacion\" href=\"https:\/\/es.wikipedia.org\/wiki\/Privatizacion\">privatizaciones<\/a> del gobierno de <a title=\"Luis Alberto Lacalle\" href=\"https:\/\/es.wikipedia.org\/wiki\/Luis_Alberto_Lacalle\">Luis Alberto Lacalle<\/a>.<\/li>\n<li><a title=\"1995\" href=\"https:\/\/es.wikipedia.org\/wiki\/1995\">1995<\/a>: en Espa\u00f1a, <a title=\"Camilo Jos\u00e9 Cela\" href=\"https:\/\/es.wikipedia.org\/wiki\/Camilo_Jos%C3%A9_Cela\">Camilo Jos\u00e9 Cela<\/a> recibe el <a title=\"Premio Miguel de Cervantes\" href=\"https:\/\/es.wikipedia.org\/wiki\/Premio_Miguel_de_Cervantes\">Premio Miguel de Cervantes<\/a>.<\/li>\n<li>1995: en <a title=\"Managua\" href=\"https:\/\/es.wikipedia.org\/wiki\/Managua\">Managua<\/a> (<a title=\"Nicaragua\" href=\"https:\/\/es.wikipedia.org\/wiki\/Nicaragua\">Nicaragua<\/a>) la polic\u00eda reprime a los estudiantes universitarios miembros del CNU (Concejo Nacional de Universidades): 1 estudiante muerto, 35 estudiantes y 10 polic\u00edas heridos.<\/li>\n<li><a title=\"1996\" href=\"https:\/\/es.wikipedia.org\/wiki\/1996\">1996<\/a>: <a title=\"Organizaci\u00f3n de las Naciones Unidas\" href=\"https:\/\/es.wikipedia.org\/wiki\/Organizaci%C3%B3n_de_las_Naciones_Unidas\">Naciones Unidas<\/a>: <a title=\"Kofi Annan\" href=\"https:\/\/es.wikipedia.org\/wiki\/Kofi_Annan\">Kofi Annan<\/a> es elegido <a class=\"mw-redirect\" title=\"Secretario General de la ONU\" href=\"https:\/\/es.wikipedia.org\/wiki\/Secretario_General_de_la_ONU\">secretario general<\/a>.<\/li>\n<li>1996: en el <a title=\"Ciudad del Vaticano\" href=\"https:\/\/es.wikipedia.org\/wiki\/Ciudad_del_Vaticano\">Vaticano<\/a>, el papa <a title=\"Juan Pablo II\" href=\"https:\/\/es.wikipedia.org\/wiki\/Juan_Pablo_II\">Juan Pablo II<\/a> y el patriarca de los cristianos armenios <a class=\"new\" title=\"Karek\u00edn I (a\u00fan no redactado)\" href=\"https:\/\/es.wikipedia.org\/w\/index.php?title=Karek%C3%ADn_I&amp;action=edit&amp;redlink=1\">Karek\u00edn I<\/a>, firman un documento que pone fin a una divisi\u00f3n de 1500\u00a0a\u00f1os.<\/li>\n<li><a title=\"1997\" href=\"https:\/\/es.wikipedia.org\/wiki\/1997\">1997<\/a>: en <a class=\"mw-redirect\" title=\"Guadalajara (Jalisco)\" href=\"https:\/\/es.wikipedia.org\/wiki\/Guadalajara_(Jalisco)\">Guadalajara<\/a>, el <a class=\"mw-redirect\" title=\"El Ni\u00f1o\" href=\"https:\/\/es.wikipedia.org\/wiki\/El_Ni%C3%B1o\">Fen\u00f3meno del Ni\u00f1o<\/a> provoca la \u00fanica nevada registrada en 116 a\u00f1os (la anterior hab\u00eda sido en 1881).<\/li>\n<li><a title=\"1998\" href=\"https:\/\/es.wikipedia.org\/wiki\/1998\">1998<\/a>: en <a title=\"Puerto Rico\" href=\"https:\/\/es.wikipedia.org\/wiki\/Puerto_Rico\">Puerto Rico<\/a>, los puertorrique\u00f1os rechazan por tercera vez en refer\u00e9ndum la integraci\u00f3n plena con Estados Unidos.<\/li>\n<li><a title=\"2000\" href=\"https:\/\/es.wikipedia.org\/wiki\/2000\">2000<\/a>: cerca de <a title=\"Kenedy (Texas)\" href=\"https:\/\/es.wikipedia.org\/wiki\/Kenedy_(Texas)\">Kenedy (Texas)<\/a>, el grupo de delincuentes <a class=\"mw-redirect\" title=\"Texas 7\" href=\"https:\/\/es.wikipedia.org\/wiki\/Texas_7\">Texas\u00a07<\/a> se escapan de la c\u00e1rcel John Connally Unit y salen en un raid delictivo, durante el cual matan a un polic\u00eda.<\/li>\n<li><a title=\"2001\" href=\"https:\/\/es.wikipedia.org\/wiki\/2001\">2001<\/a>: Muerte de <a title=\"Chuck Schuldiner\" href=\"https:\/\/es.wikipedia.org\/wiki\/Chuck_Schuldiner\">Chuck Schuldiner<\/a>.<\/li>\n<li><a title=\"2001\" href=\"https:\/\/es.wikipedia.org\/wiki\/2001\">2001<\/a>: en <a title=\"India\" href=\"https:\/\/es.wikipedia.org\/wiki\/India\">India<\/a>, el parlamento (Sansad) es atacado por terroristas. Mueren 15 personas (incluidos todos los terroristas).<\/li>\n<li>2001: en Brasil, l\u00edderes del Parlamento demandan al Gobierno por haber abandonado las negociaciones del <a class=\"mw-redirect\" title=\"ALCA\" href=\"https:\/\/es.wikipedia.org\/wiki\/ALCA\">ALCA<\/a>.<\/li>\n<li><a title=\"2002\" href=\"https:\/\/es.wikipedia.org\/wiki\/2002\">2002<\/a>: en <a title=\"Copenhague\" href=\"https:\/\/es.wikipedia.org\/wiki\/Copenhague\">Copenhague<\/a> (<a title=\"Dinamarca\" href=\"https:\/\/es.wikipedia.org\/wiki\/Dinamarca\">Dinamarca<\/a>), la <a title=\"Uni\u00f3n Europea\" href=\"https:\/\/es.wikipedia.org\/wiki\/Uni%C3%B3n_Europea\">Uni\u00f3n Europea<\/a> anuncia la incorporaci\u00f3n de diez pa\u00edses efectivo el <a title=\"1 de mayo\" href=\"https:\/\/es.wikipedia.org\/wiki\/1_de_mayo\">1 de mayo<\/a> de <a title=\"2004\" href=\"https:\/\/es.wikipedia.org\/wiki\/2004\">2004<\/a>: <a title=\"Chipre\" href=\"https:\/\/es.wikipedia.org\/wiki\/Chipre\">Chipre<\/a>, <a title=\"Estonia\" href=\"https:\/\/es.wikipedia.org\/wiki\/Estonia\">Estonia<\/a>, <a title=\"Hungr\u00eda\" href=\"https:\/\/es.wikipedia.org\/wiki\/Hungr%C3%ADa\">Hungr\u00eda<\/a>, <a title=\"Letonia\" href=\"https:\/\/es.wikipedia.org\/wiki\/Letonia\">Letonia<\/a>, <a title=\"Lituania\" href=\"https:\/\/es.wikipedia.org\/wiki\/Lituania\">Lituania<\/a>, <a title=\"Malta\" href=\"https:\/\/es.wikipedia.org\/wiki\/Malta\">Malta<\/a>, <a title=\"Polonia\" href=\"https:\/\/es.wikipedia.org\/wiki\/Polonia\">Polonia<\/a>, la <a title=\"Rep\u00fablica Checa\" href=\"https:\/\/es.wikipedia.org\/wiki\/Rep%C3%BAblica_Checa\">Rep\u00fablica Checa<\/a>, <a title=\"Eslovaquia\" href=\"https:\/\/es.wikipedia.org\/wiki\/Eslovaquia\">Eslovaquia<\/a>, y <a title=\"Eslovenia\" href=\"https:\/\/es.wikipedia.org\/wiki\/Eslovenia\">Eslovenia<\/a>.<\/li>\n<li><a title=\"2003\" href=\"https:\/\/es.wikipedia.org\/wiki\/2003\">2003<\/a>: en <a title=\"Tikrit\" href=\"https:\/\/es.wikipedia.org\/wiki\/Tikrit\">Tikrit<\/a> (<a title=\"Irak\" href=\"https:\/\/es.wikipedia.org\/wiki\/Irak\">Irak<\/a>) soldados estadounidenses capturan al exdictador <a title=\"Sadam Husein\" href=\"https:\/\/es.wikipedia.org\/wiki\/Sadam_Husein\">Saddam Hussein<\/a>.<\/li>\n<li><a title=\"2004\" href=\"https:\/\/es.wikipedia.org\/wiki\/2004\">2004<\/a>: en <a title=\"Chile\" href=\"https:\/\/es.wikipedia.org\/wiki\/Chile\">Chile<\/a>, el ex<a title=\"Dictadura\" href=\"https:\/\/es.wikipedia.org\/wiki\/Dictadura\">dictador<\/a> <a title=\"Augusto Pinochet\" href=\"https:\/\/es.wikipedia.org\/wiki\/Augusto_Pinochet\">Augusto Pinochet<\/a> es puesto en arresto domiciliario, por los cargos de 9 secuestros seguidos de asesinato.<\/li>\n<li><a title=\"2006\" href=\"https:\/\/es.wikipedia.org\/wiki\/2006\">2006<\/a>: se anuncia la extinci\u00f3n del <a title=\"Lipotes vexillifer\" href=\"https:\/\/es.wikipedia.org\/wiki\/Lipotes_vexillifer\">baiji<\/a> (delf\u00edn chino de r\u00edo).<\/li>\n<li>2006: es lanzado el <a title=\"Videojuego\" href=\"https:\/\/es.wikipedia.org\/wiki\/Videojuego\">videojuego<\/a> <i><a title=\"The Legend of Zelda: Twilight Princess\" href=\"https:\/\/es.wikipedia.org\/wiki\/The_Legend_of_Zelda:_Twilight_Princess\">The Legend of Zelda: Twilight Princess<\/a><\/i>.<\/li>\n<li><a title=\"2007\" href=\"https:\/\/es.wikipedia.org\/wiki\/2007\">2007<\/a>: en Estados Unidos, el informe Mitchell presenta la lista de 89\u00a0beisbolistas de las <a title=\"Grandes Ligas de B\u00e9isbol\" href=\"https:\/\/es.wikipedia.org\/wiki\/Grandes_Ligas_de_B%C3%A9isbol\">Grandes Ligas<\/a> que supuestamente han consumido <a title=\"Anabolizante androg\u00e9nico esteroideo\" href=\"https:\/\/es.wikipedia.org\/wiki\/Anabolizante_androg%C3%A9nico_esteroideo\">esteroides<\/a> y <a title=\"Hormona del crecimiento\" href=\"https:\/\/es.wikipedia.org\/wiki\/Hormona_del_crecimiento\">hormonas para el crecimiento humano<\/a>. Los m\u00e1s notables son <a title=\"Roger Clemens\" href=\"https:\/\/es.wikipedia.org\/wiki\/Roger_Clemens\">Roger Clemens<\/a> y <a title=\"Miguel Tejada\" href=\"https:\/\/es.wikipedia.org\/wiki\/Miguel_Tejada\">Miguel Tejada<\/a>.<\/li>\n<li><a title=\"2009\" href=\"https:\/\/es.wikipedia.org\/wiki\/2009\">2009<\/a>: en <a title=\"Barcelona\" href=\"https:\/\/es.wikipedia.org\/wiki\/Barcelona\">Barcelona<\/a> (Espa\u00f1a) se inaugura la <a title=\"L\u00ednea 9 del Metro de Barcelona\" href=\"https:\/\/es.wikipedia.org\/wiki\/L%C3%ADnea_9_del_Metro_de_Barcelona\">l\u00ednea\u00a09<\/a> del metro, primera l\u00ednea totalmente automatizada en ese pa\u00eds.<sup id=\"cite_ref-2\" class=\"reference\"><a href=\"https:\/\/es.wikipedia.org\/wiki\/13_de_diciembre#cite_note-2\">2<\/a><\/sup><\/li>\n<li>2009: en <a title=\"Buenos Aires\" href=\"https:\/\/es.wikipedia.org\/wiki\/Buenos_Aires\">Buenos Aires<\/a>, el <a title=\"Club Atl\u00e9tico Banfield\" href=\"https:\/\/es.wikipedia.org\/wiki\/Club_Atl%C3%A9tico_Banfield\">Club Atl\u00e9tico Banfield<\/a> se consagra por primera vez en su historia campe\u00f3n de la <a title=\"Primera Divisi\u00f3n de Argentina\" href=\"https:\/\/es.wikipedia.org\/wiki\/Primera_Divisi%C3%B3n_de_Argentina\">Primera Divisi\u00f3n de Argentina<\/a>.<\/li>\n<li><a title=\"2011\" href=\"https:\/\/es.wikipedia.org\/wiki\/2011\">2011<\/a>: en <a title=\"Lieja\" href=\"https:\/\/es.wikipedia.org\/wiki\/Lieja\">Lieja<\/a>, tiene lugar un <a title=\"Masacre de Lieja de 2011\" href=\"https:\/\/es.wikipedia.org\/wiki\/Masacre_de_Lieja_de_2011\">ataque suicida indiscriminado<\/a> en el que mueren 5\u00a0personas.<\/li>\n<li><a title=\"2013\" href=\"https:\/\/es.wikipedia.org\/wiki\/2013\">2013<\/a>: en <a title=\"M\u00e9xico\" href=\"https:\/\/es.wikipedia.org\/wiki\/M%C3%A9xico\">M\u00e9xico<\/a>, el Gobierno del Distrito Federal aumenta la tarifa del Sistema de Transporte Colectivo, conocido como Metro, de 3 a 5 <a class=\"mw-redirect\" title=\"Pesos mexicanos\" href=\"https:\/\/es.wikipedia.org\/wiki\/Pesos_mexicanos\">pesos mexicanos<\/a>.<\/li>\n<\/ul>\n<h2 style=\"text-align: justify;\"><span id=\"Nacimientos\" class=\"mw-headline\">Nacimientos<\/span><\/h2>\n<ul style=\"text-align: justify;\">\n<li><a title=\"1492\" href=\"https:\/\/es.wikipedia.org\/wiki\/1492\">1492<\/a>: <a class=\"mw-redirect\" title=\"Mart\u00edn de Azpilicueta\" href=\"https:\/\/es.wikipedia.org\/wiki\/Mart%C3%ADn_de_Azpilicueta\">Mart\u00edn de Azpilicueta<\/a>, intelectual espa\u00f1ol (f. 1586).<\/li>\n<li><a title=\"1521\" href=\"https:\/\/es.wikipedia.org\/wiki\/1521\">1521<\/a>: <a title=\"Sixto V\" href=\"https:\/\/es.wikipedia.org\/wiki\/Sixto_V\">Sixto V<\/a>, papa italiano (f. 1590).<\/li>\n<li><a title=\"1533\" href=\"https:\/\/es.wikipedia.org\/wiki\/1533\">1533<\/a>: <a title=\"Erico XIV de Suecia\" href=\"https:\/\/es.wikipedia.org\/wiki\/Erico_XIV_de_Suecia\">Erik XIV<\/a>, rey sueco (f. 1577).<\/li>\n<li><a title=\"1553\" href=\"https:\/\/es.wikipedia.org\/wiki\/1553\">1553<\/a>: <a title=\"Enrique IV de Francia\" href=\"https:\/\/es.wikipedia.org\/wiki\/Enrique_IV_de_Francia\">Enrique IV<\/a>, rey franc\u00e9s (f. 1610).<\/li>\n<li><a title=\"1585\" href=\"https:\/\/es.wikipedia.org\/wiki\/1585\">1585<\/a>: <a title=\"William Drummond\" href=\"https:\/\/es.wikipedia.org\/wiki\/William_Drummond\">William Drummond<\/a>, poeta escoc\u00e9s (f. 1649).<\/li>\n<li><a title=\"1640\" href=\"https:\/\/es.wikipedia.org\/wiki\/1640\">1640<\/a>: <a title=\"Robert Plot\" href=\"https:\/\/es.wikipedia.org\/wiki\/Robert_Plot\">Robert Plot<\/a>, naturalista brit\u00e1nico (f. 1696).<\/li>\n<li><a title=\"1662\" href=\"https:\/\/es.wikipedia.org\/wiki\/1662\">1662<\/a>: <a title=\"Francesco Bianchini\" href=\"https:\/\/es.wikipedia.org\/wiki\/Francesco_Bianchini\">Francesco Bianchini<\/a>, fil\u00f3sofo y cient\u00edfico italiano (f. 1729).<\/li>\n<li><a title=\"1678\" href=\"https:\/\/es.wikipedia.org\/wiki\/1678\">1678<\/a>: <a title=\"Yongzheng\" href=\"https:\/\/es.wikipedia.org\/wiki\/Yongzheng\">Yongzheng<\/a>, emperador chino (f. 1735).<\/li>\n<li><a title=\"1684\" href=\"https:\/\/es.wikipedia.org\/wiki\/1684\">1684<\/a>: <a title=\"Ludvig Holberg\" href=\"https:\/\/es.wikipedia.org\/wiki\/Ludvig_Holberg\">Ludvig Holberg<\/a>, escritor dan\u00e9s (f. 1754).<\/li>\n<li><a title=\"1720\" href=\"https:\/\/es.wikipedia.org\/wiki\/1720\">1720<\/a>: <a title=\"Carlo Gozzi\" href=\"https:\/\/es.wikipedia.org\/wiki\/Carlo_Gozzi\">Carlo Gozzi<\/a>, escritor y dramaturgo italiano (f. 1806).<\/li>\n<li><a title=\"1784\" href=\"https:\/\/es.wikipedia.org\/wiki\/1784\">1784<\/a>: <a class=\"mw-redirect\" title=\"Luis de Habsburgo-Lorena\" href=\"https:\/\/es.wikipedia.org\/wiki\/Luis_de_Habsburgo-Lorena\">Luis de Habsburgo-Lorena<\/a>, arist\u00f3crata austriaco (f. 1864).<\/li>\n<li><a title=\"1797\" href=\"https:\/\/es.wikipedia.org\/wiki\/1797\">1797<\/a>: <a title=\"Heinrich Heine\" href=\"https:\/\/es.wikipedia.org\/wiki\/Heinrich_Heine\">Heinrich Heine<\/a>, poeta alem\u00e1n (f. 1856).<\/li>\n<li><a title=\"1816\" href=\"https:\/\/es.wikipedia.org\/wiki\/1816\">1816<\/a>: <a title=\"Werner von Siemens\" href=\"https:\/\/es.wikipedia.org\/wiki\/Werner_von_Siemens\">Werner von Siemens<\/a>, ingeniero, inventor e industrial alem\u00e1n (f. 1892).<\/li>\n<li><a title=\"1817\" href=\"https:\/\/es.wikipedia.org\/wiki\/1817\">1817<\/a>: <a title=\"Arthur Hill Hassall\" href=\"https:\/\/es.wikipedia.org\/wiki\/Arthur_Hill_Hassall\">Arthur Hill Hassall<\/a> m\u00e9dico y qu\u00edmico brit\u00e1nico (f. 1894).<\/li>\n<li><a title=\"1818\" href=\"https:\/\/es.wikipedia.org\/wiki\/1818\">1818<\/a>: <a title=\"Mary Todd Lincoln\" href=\"https:\/\/es.wikipedia.org\/wiki\/Mary_Todd_Lincoln\">Mary Todd Lincoln<\/a>, primera dama estadounidense (f. 1882).<\/li>\n<li><a title=\"1836\" href=\"https:\/\/es.wikipedia.org\/wiki\/1836\">1836<\/a>: <a title=\"Franz von Lenbach\" href=\"https:\/\/es.wikipedia.org\/wiki\/Franz_von_Lenbach\">Franz von Lenbach<\/a>, pintor alem\u00e1n (f. 1904).<\/li>\n<li><a title=\"1865\" href=\"https:\/\/es.wikipedia.org\/wiki\/1865\">1865<\/a>: <a title=\"\u00c1ngel Ganivet\" href=\"https:\/\/es.wikipedia.org\/wiki\/%C3%81ngel_Ganivet\">\u00c1ngel Ganivet<\/a>, escritor y diplom\u00e1tico espa\u00f1ol (f. 1898).<\/li>\n<li><a title=\"1867\" href=\"https:\/\/es.wikipedia.org\/wiki\/1867\">1867<\/a>: <a title=\"Kristian Birkeland\" href=\"https:\/\/es.wikipedia.org\/wiki\/Kristian_Birkeland\">Kristian Birkeland<\/a>, f\u00edsico y explorador noruego (f. 1917).<\/li>\n<li><a title=\"1870\" href=\"https:\/\/es.wikipedia.org\/wiki\/1870\">1870<\/a>: <a title=\"Edward LeSaint\" href=\"https:\/\/es.wikipedia.org\/wiki\/Edward_LeSaint\">Edward LeSaint<\/a>, actor y cineasta estadounidense (f. 1940).<\/li>\n<li><a title=\"1871\" href=\"https:\/\/es.wikipedia.org\/wiki\/1871\">1871<\/a>: <a title=\"Emily Carr\" href=\"https:\/\/es.wikipedia.org\/wiki\/Emily_Carr\">Emily Carr<\/a>, artista y pintora canadiense (f. 1945).<\/li>\n<li><a title=\"1874\" href=\"https:\/\/es.wikipedia.org\/wiki\/1874\">1874<\/a>: <a title=\"Josef Lh\u00e9vinne\" href=\"https:\/\/es.wikipedia.org\/wiki\/Josef_Lh%C3%A9vinne\">Josef Lh\u00e9vinne<\/a>, pianista ruso (f. 1944).<\/li>\n<li><a title=\"1883\" href=\"https:\/\/es.wikipedia.org\/wiki\/1883\">1883<\/a>: <a title=\"Belle da Costa Greene\" href=\"https:\/\/es.wikipedia.org\/wiki\/Belle_da_Costa_Greene\">Belle da Costa Greene<\/a>, bibliotecaria estadounidense (f. 1950).<\/li>\n<li><a title=\"1887\" href=\"https:\/\/es.wikipedia.org\/wiki\/1887\">1887<\/a>: <a title=\"Miguel Maura\" href=\"https:\/\/es.wikipedia.org\/wiki\/Miguel_Maura\">Miguel Maura<\/a>, pol\u00edtico espa\u00f1ol (f. 1971).<\/li>\n<li>1887: <a title=\"George P\u00f3lya\" href=\"https:\/\/es.wikipedia.org\/wiki\/George_P%C3%B3lya\">George P\u00f3lya<\/a>, matem\u00e1tico h\u00fangaro (f. 1985).<\/li>\n<li><a title=\"1891\" href=\"https:\/\/es.wikipedia.org\/wiki\/1891\">1891<\/a>: <a title=\"Mita von Ahlefeldt\" href=\"https:\/\/es.wikipedia.org\/wiki\/Mita_von_Ahlefeldt\">Mita von Ahlefeldt<\/a>, actriz alemana (f. 1966).<\/li>\n<li><a title=\"1892\" href=\"https:\/\/es.wikipedia.org\/wiki\/1892\">1892<\/a>: <a title=\"Valeriano Le\u00f3n\" href=\"https:\/\/es.wikipedia.org\/wiki\/Valeriano_Le%C3%B3n\">Valeriano Le\u00f3n<\/a>, actor espa\u00f1ol (f. 1955).<\/li>\n<li><a title=\"1894\" href=\"https:\/\/es.wikipedia.org\/wiki\/1894\">1894<\/a>: <a title=\"Fernando de Fuentes\" href=\"https:\/\/es.wikipedia.org\/wiki\/Fernando_de_Fuentes\">Fernando de Fuentes<\/a>, cineasta mexicano (f. 1958).<\/li>\n<li><a title=\"1895\" href=\"https:\/\/es.wikipedia.org\/wiki\/1895\">1895<\/a>: <a title=\"Luc\u00eda S\u00e1nchez Saornil\" href=\"https:\/\/es.wikipedia.org\/wiki\/Luc%C3%ADa_S%C3%A1nchez_Saornil\">Luc\u00eda S\u00e1nchez Saornil<\/a>, poetisa y activista espa\u00f1ola (n. 1970).<\/li>\n<li><a title=\"1896\" href=\"https:\/\/es.wikipedia.org\/wiki\/1896\">1896<\/a>: <a title=\"Rafael Garza Guti\u00e9rrez\" href=\"https:\/\/es.wikipedia.org\/wiki\/Rafael_Garza_Guti%C3%A9rrez\">Rafael Garza Guti\u00e9rrez<\/a>, futbolista mexicano (f. 1974).<\/li>\n<li><a title=\"1902\" href=\"https:\/\/es.wikipedia.org\/wiki\/1902\">1902<\/a>: <a title=\"Talcott Parsons\" href=\"https:\/\/es.wikipedia.org\/wiki\/Talcott_Parsons\">Talcott Parsons<\/a>, soci\u00f3logo estadounidense (f. 1979).<\/li>\n<li><a title=\"1903\" href=\"https:\/\/es.wikipedia.org\/wiki\/1903\">1903<\/a>: <a title=\"Carlos Montoya\" href=\"https:\/\/es.wikipedia.org\/wiki\/Carlos_Montoya\">Carlos Montoya<\/a>, guitarrista espa\u00f1ol (f. 1993).<\/li>\n<li><a title=\"1906\" href=\"https:\/\/es.wikipedia.org\/wiki\/1906\">1906<\/a>: <a title=\"Marina de Grecia\" href=\"https:\/\/es.wikipedia.org\/wiki\/Marina_de_Grecia\">Marina de Grecia<\/a>, arist\u00f3crata brit\u00e1nica de origen griego (f. 1968).<\/li>\n<li>1906: <a title=\"Concha Piquer\" href=\"https:\/\/es.wikipedia.org\/wiki\/Concha_Piquer\">Concha Piquer<\/a>, cantante y actriz espa\u00f1ola (f. 1990).<\/li>\n<li>1906: <a title=\"Ignacio Mar\u00eda Alcorta Hermoso\" href=\"https:\/\/es.wikipedia.org\/wiki\/Ignacio_Mar%C3%ADa_Alcorta_Hermoso\"><i>Chol\u00edn<\/i><\/a> (Ignacio Mar\u00eda Alcorta), futbolista espa\u00f1ol (f. 1967).<\/li>\n<li><a title=\"1907\" href=\"https:\/\/es.wikipedia.org\/wiki\/1907\">1907<\/a>: <a title=\"Eduardo Nicol\" href=\"https:\/\/es.wikipedia.org\/wiki\/Eduardo_Nicol\">Eduardo Nicol<\/a>, fil\u00f3sofo mexicano (f. 1990).<\/li>\n<li><a title=\"1910\" href=\"https:\/\/es.wikipedia.org\/wiki\/1910\">1910<\/a>: <a title=\"Van Heflin\" href=\"https:\/\/es.wikipedia.org\/wiki\/Van_Heflin\">Van Heflin<\/a>, actor estadounidense (f. 1971).<\/li>\n<li><a title=\"1911\" href=\"https:\/\/es.wikipedia.org\/wiki\/1911\">1911<\/a>: <a title=\"Trygve Haavelmo\" href=\"https:\/\/es.wikipedia.org\/wiki\/Trygve_Haavelmo\">Trygve Haavelmo<\/a>, economista noruego, premio nobel de econom\u00eda en 1989 (f. 1999).<\/li>\n<li><a title=\"1913\" href=\"https:\/\/es.wikipedia.org\/wiki\/1913\">1913<\/a>: <a title=\"Mario Lozano\" href=\"https:\/\/es.wikipedia.org\/wiki\/Mario_Lozano\">Mario Lozano<\/a>, actor argentino (f. 2005).<\/li>\n<li>1913: <a title=\"Archie Moore\" href=\"https:\/\/es.wikipedia.org\/wiki\/Archie_Moore\">Archie Moore<\/a>, boxeador estadounidense (f. 1998).<\/li>\n<li><a title=\"1915\" href=\"https:\/\/es.wikipedia.org\/wiki\/1915\">1915<\/a>: <a title=\"Curd J\u00fcrgens\" href=\"https:\/\/es.wikipedia.org\/wiki\/Curd_J%C3%BCrgens\">Curd J\u00fcrgens<\/a>, actor austriaco de origen alem\u00e1n (f. 1982).<\/li>\n<li><a title=\"1916\" href=\"https:\/\/es.wikipedia.org\/wiki\/1916\">1916<\/a>: <a title=\"L\u00edber Seregni\" href=\"https:\/\/es.wikipedia.org\/wiki\/L%C3%ADber_Seregni\">L\u00edber Seregni<\/a>, pol\u00edtico y militar uruguayo (f. 2004).<\/li>\n<li>1916: <a title=\"Modesto Collados\" href=\"https:\/\/es.wikipedia.org\/wiki\/Modesto_Collados\">Modesto Collados<\/a>, abogado y pol\u00edtico chileno.<\/li>\n<li><a title=\"1917\" href=\"https:\/\/es.wikipedia.org\/wiki\/1917\">1917<\/a>: <a class=\"mw-redirect\" title=\"John Hart\" href=\"https:\/\/es.wikipedia.org\/wiki\/John_Hart\">John Hart<\/a>, actor estadounidense (f. 2009).<\/li>\n<li><a title=\"1918\" href=\"https:\/\/es.wikipedia.org\/wiki\/1918\">1918<\/a>: <a title=\"Ana Mar\u00eda Lynch\" href=\"https:\/\/es.wikipedia.org\/wiki\/Ana_Mar%C3%ADa_Lynch\">Ana Mar\u00eda Lynch<\/a>, actriz argentina (f. 1976).<\/li>\n<li><a title=\"1919\" href=\"https:\/\/es.wikipedia.org\/wiki\/1919\">1919<\/a>: <a title=\"Hans-Joachim Marseille\" href=\"https:\/\/es.wikipedia.org\/wiki\/Hans-Joachim_Marseille\">Hans-Joachim Marseille<\/a>, piloto alem\u00e1n (f. 1942).<\/li>\n<li>1919: <a title=\"Alceu Ribeiro\" href=\"https:\/\/es.wikipedia.org\/wiki\/Alceu_Ribeiro\">Alceu Ribeiro<\/a>, pintor, escultor y muralista uruguayo (f. 2013).<\/li>\n<li><a title=\"1920\" href=\"https:\/\/es.wikipedia.org\/wiki\/1920\">1920<\/a>: <a title=\"George Shultz\" href=\"https:\/\/es.wikipedia.org\/wiki\/George_Shultz\">George Shultz<\/a>, pol\u00edtico estadounidense.<\/li>\n<li><a title=\"1922\" href=\"https:\/\/es.wikipedia.org\/wiki\/1922\">1922<\/a>: <a title=\"Beatriz Guido\" href=\"https:\/\/es.wikipedia.org\/wiki\/Beatriz_Guido\">Beatriz Guido<\/a>, escritora argentina (f. 1988).<\/li>\n<li><a title=\"1923\" href=\"https:\/\/es.wikipedia.org\/wiki\/1923\">1923<\/a>: <a title=\"Philip Warren Anderson\" href=\"https:\/\/es.wikipedia.org\/wiki\/Philip_Warren_Anderson\">Philip Warren Anderson<\/a>, f\u00edsico estadounidense, premio nobel de f\u00edsica en 1977.<\/li>\n<li>1923: <a title=\"Antoni T\u00e0pies\" href=\"https:\/\/es.wikipedia.org\/wiki\/Antoni_T%C3%A0pies\">Antoni T\u00e0pies<\/a>, pintor espa\u00f1ol (f. 2012).<\/li>\n<li><a title=\"1924\" href=\"https:\/\/es.wikipedia.org\/wiki\/1924\">1924<\/a>: <a title=\"Enrique Fuentes Quintana\" href=\"https:\/\/es.wikipedia.org\/wiki\/Enrique_Fuentes_Quintana\">Enrique Fuentes Quintana<\/a>, economista y pol\u00edtico espa\u00f1ol (f. 2007).<\/li>\n<li><a title=\"1925\" href=\"https:\/\/es.wikipedia.org\/wiki\/1925\">1925<\/a>: <a title=\"Dick Van Dyke\" href=\"https:\/\/es.wikipedia.org\/wiki\/Dick_Van_Dyke\">Dick Van Dyke<\/a>, actor y comediante estadounidense.<\/li>\n<li><a title=\"1927\" href=\"https:\/\/es.wikipedia.org\/wiki\/1927\">1927<\/a>: <a title=\"Juan Alonso\" href=\"https:\/\/es.wikipedia.org\/wiki\/Juan_Alonso\">Juan Alonso<\/a>, futbolista espa\u00f1ol (f. 1994).<\/li>\n<li><a title=\"1928\" href=\"https:\/\/es.wikipedia.org\/wiki\/1928\">1928<\/a>: <a title=\"Nati Mistral\" href=\"https:\/\/es.wikipedia.org\/wiki\/Nati_Mistral\">Nati Mistral<\/a>, actriz y cantante espa\u00f1ola.<\/li>\n<li><a title=\"1929\" href=\"https:\/\/es.wikipedia.org\/wiki\/1929\">1929<\/a>: <a title=\"Lucy Gallardo\" href=\"https:\/\/es.wikipedia.org\/wiki\/Lucy_Gallardo\">Lucy Gallardo<\/a>, actriz mexicana de origen argentino (f. 2012).<\/li>\n<li>1929: <a title=\"Christopher Plummer\" href=\"https:\/\/es.wikipedia.org\/wiki\/Christopher_Plummer\">Christopher Plummer<\/a>, actor estadounidense.<\/li>\n<li><a title=\"1930\" href=\"https:\/\/es.wikipedia.org\/wiki\/1930\">1930<\/a>: <a title=\"Robert Prosky\" href=\"https:\/\/es.wikipedia.org\/wiki\/Robert_Prosky\">Robert Prosky<\/a>, actor estadounidense (f. 2008).<\/li>\n<li><a title=\"1932\" href=\"https:\/\/es.wikipedia.org\/wiki\/1932\">1932<\/a>: <a title=\"Tatsuya Nakadai\" href=\"https:\/\/es.wikipedia.org\/wiki\/Tatsuya_Nakadai\">Tatsuya Nakadai<\/a>, actor japon\u00e9s.<\/li>\n<li><a title=\"1934\" href=\"https:\/\/es.wikipedia.org\/wiki\/1934\">1934<\/a>: <a title=\"Richard D. Zanuck\" href=\"https:\/\/es.wikipedia.org\/wiki\/Richard_D._Zanuck\">Richard D. Zanuck<\/a>, productor estadounidense de cine.<\/li>\n<li><a title=\"1935\" href=\"https:\/\/es.wikipedia.org\/wiki\/1935\">1935<\/a>: <a title=\"Ad\u00e9lia Prado\" href=\"https:\/\/es.wikipedia.org\/wiki\/Ad%C3%A9lia_Prado\">Ad\u00e9lia Prado<\/a>, poeta portuguesa.<\/li>\n<li><a title=\"1937\" href=\"https:\/\/es.wikipedia.org\/wiki\/1937\">1937<\/a>: <a title=\"Josep Llu\u00eds\" href=\"https:\/\/es.wikipedia.org\/wiki\/Josep_Llu%C3%ADs\">Josep Llu\u00eds<\/a>, baloncestista espa\u00f1ol.<\/li>\n<li><a title=\"1938\" href=\"https:\/\/es.wikipedia.org\/wiki\/1938\">1938<\/a>: <a title=\"Heino\" href=\"https:\/\/es.wikipedia.org\/wiki\/Heino\">Heino<\/a>, cantante alem\u00e1n de m\u00fasica folk.<\/li>\n<li><a title=\"1941\" href=\"https:\/\/es.wikipedia.org\/wiki\/1941\">1941<\/a>: <a class=\"mw-redirect\" title=\"Jos\u00e9 Eloy Mijalchyk\" href=\"https:\/\/es.wikipedia.org\/wiki\/Jos%C3%A9_Eloy_Mijalchyk\">Jos\u00e9 Mijalchyk<\/a>, sacerdote cat\u00f3lico argentino.<\/li>\n<li><a title=\"1943\" href=\"https:\/\/es.wikipedia.org\/wiki\/1943\">1943<\/a>: <a title=\"Arturo Ripstein\" href=\"https:\/\/es.wikipedia.org\/wiki\/Arturo_Ripstein\">Arturo Ripstein<\/a>, cineasta mexicano.<\/li>\n<li>1943: <a title=\"G\u00f6sta Winbergh\" href=\"https:\/\/es.wikipedia.org\/wiki\/G%C3%B6sta_Winbergh\">G\u00f6sta Winbergh<\/a>, tenor sueco (f. 2002).<\/li>\n<li><a title=\"1944\" href=\"https:\/\/es.wikipedia.org\/wiki\/1944\">1944<\/a>: <a title=\"Karmele Marchante\" href=\"https:\/\/es.wikipedia.org\/wiki\/Karmele_Marchante\">Karmele Marchante<\/a>, periodista espa\u00f1ola.<\/li>\n<li><a title=\"1947\" href=\"https:\/\/es.wikipedia.org\/wiki\/1947\">1947<\/a>: <a title=\"Luis \u00c1ngel Gonz\u00e1lez Macchi\" href=\"https:\/\/es.wikipedia.org\/wiki\/Luis_%C3%81ngel_Gonz%C3%A1lez_Macchi\">Luis \u00c1ngel Gonz\u00e1lez Macchi<\/a>, pol\u00edtico y abogado paraguayo, presidente entre 1999 y 2003.<\/li>\n<li><a title=\"1948\" href=\"https:\/\/es.wikipedia.org\/wiki\/1948\">1948<\/a>: <a title=\"Steely Dan\" href=\"https:\/\/es.wikipedia.org\/wiki\/Steely_Dan\">Jeff Baxter<\/a>, m\u00fasico estadounidense, de las bandas Steely Dan y The Doobie Brothers.<\/li>\n<li>1948: <a title=\"Ted Nugent\" href=\"https:\/\/es.wikipedia.org\/wiki\/Ted_Nugent\">Ted Nugent<\/a>, guitarrista estadounidense.<\/li>\n<li><a title=\"1949\" href=\"https:\/\/es.wikipedia.org\/wiki\/1949\">1949<\/a>: <a title=\"Tom Verlaine\" href=\"https:\/\/es.wikipedia.org\/wiki\/Tom_Verlaine\">Tom Verlaine<\/a>, guitarrista, cantante y compositor estadounidense.<\/li>\n<li>1949: <a title=\"Paula Wilcox\" href=\"https:\/\/es.wikipedia.org\/wiki\/Paula_Wilcox\">Paula Wilcox<\/a>, actriz brit\u00e1nica.<\/li>\n<li><a title=\"1950\" href=\"https:\/\/es.wikipedia.org\/wiki\/1950\">1950<\/a>: <a title=\"Wendie Malick\" href=\"https:\/\/es.wikipedia.org\/wiki\/Wendie_Malick\">Wendie Malick<\/a>, actriz y modelo estadounidense.<\/li>\n<li>1950: <a title=\"Tom Vilsack\" href=\"https:\/\/es.wikipedia.org\/wiki\/Tom_Vilsack\">Tom Vilsack<\/a>, pol\u00edtico estadounidense.<\/li>\n<li>1950: <a title=\"Luisa Fernanda Rudi\" href=\"https:\/\/es.wikipedia.org\/wiki\/Luisa_Fernanda_Rudi\">Luisa Fernanda Rudi<\/a>, pol\u00edtica espa\u00f1ola.<\/li>\n<li><a title=\"1953\" href=\"https:\/\/es.wikipedia.org\/wiki\/1953\">1953<\/a>: <a title=\"Ben Bernanke\" href=\"https:\/\/es.wikipedia.org\/wiki\/Ben_Bernanke\">Ben Bernanke<\/a>, economista y pol\u00edtico estadounidense.<\/li>\n<li><a title=\"1957\" href=\"https:\/\/es.wikipedia.org\/wiki\/1957\">1957<\/a>: <a title=\"Steve Buscemi\" href=\"https:\/\/es.wikipedia.org\/wiki\/Steve_Buscemi\">Steve Buscemi<\/a>, actor estadounidense.<\/li>\n<li><a title=\"1961\" href=\"https:\/\/es.wikipedia.org\/wiki\/1961\">1961<\/a>: <a title=\"Sergio Elguez\u00e1bal\" href=\"https:\/\/es.wikipedia.org\/wiki\/Sergio_Elguez%C3%A1bal\">Sergio Elguez\u00e1bal<\/a>, periodista argentino.<\/li>\n<li>1961: <a title=\"Harry Gregson-Williams\" href=\"https:\/\/es.wikipedia.org\/wiki\/Harry_Gregson-Williams\">Harry Gregson-Williams<\/a>, compositor brit\u00e1nico.<\/li>\n<li>1961: <a title=\"Irene S\u00e1ez\" href=\"https:\/\/es.wikipedia.org\/wiki\/Irene_S%C3%A1ez\">Irene S\u00e1ez<\/a>, modelo, polit\u00f3loga y pol\u00edtica venezolana.<\/li>\n<li><a title=\"1963\" href=\"https:\/\/es.wikipedia.org\/wiki\/1963\">1963<\/a>: <a title=\"Abraham Quintanilla III\" href=\"https:\/\/es.wikipedia.org\/wiki\/Abraham_Quintanilla_III\">Abraham Quintanilla III<\/a>, cantante y m\u00fasico mexicano-estadounidense.<\/li>\n<li><a title=\"1964\" href=\"https:\/\/es.wikipedia.org\/wiki\/1964\">1964<\/a>: <a title=\"Hide\" href=\"https:\/\/es.wikipedia.org\/wiki\/Hide\">Hide<\/a> (Hideto Matsumoto), m\u00fasico y guitarrista japon\u00e9s, de la banda X Japan (f. 1998).<\/li>\n<li><a title=\"1965\" href=\"https:\/\/es.wikipedia.org\/wiki\/1965\">1965<\/a>: <a title=\"Mar\u00eda Dolores de Cospedal\" href=\"https:\/\/es.wikipedia.org\/wiki\/Mar%C3%ADa_Dolores_de_Cospedal\">Mar\u00eda Dolores de Cospedal<\/a>, pol\u00edtica espa\u00f1ola.<\/li>\n<li>1965: <a title=\"Pablo Novak\" href=\"https:\/\/es.wikipedia.org\/wiki\/Pablo_Novak\">Pablo Novak<\/a>, actor argentino.<\/li>\n<li><a title=\"1967\" href=\"https:\/\/es.wikipedia.org\/wiki\/1967\">1967<\/a>: <a title=\"Jamie Foxx\" href=\"https:\/\/es.wikipedia.org\/wiki\/Jamie_Foxx\">Jamie Foxx<\/a>, actor y cantante estadounidense.<\/li>\n<li>1967: <a title=\"Colin Kolles\" href=\"https:\/\/es.wikipedia.org\/wiki\/Colin_Kolles\">Colin Kolles<\/a>, ingeniero alem\u00e1n de origen rumano.<\/li>\n<li><a title=\"1969\" href=\"https:\/\/es.wikipedia.org\/wiki\/1969\">1969<\/a>: <a class=\"mw-redirect\" title=\"Sergei Fedorov\" href=\"https:\/\/es.wikipedia.org\/wiki\/Sergei_Fedorov\">Sergei Fedorov<\/a>, jugador ruso de hockey sobre hielo.<\/li>\n<li>1969: <a title=\"Shinnosuke Furumoto\" href=\"https:\/\/es.wikipedia.org\/wiki\/Shinnosuke_Furumoto\">Shinnosuke Furumoto<\/a>, actor de voz japon\u00e9s.<\/li>\n<li>1969: <a title=\"Marcela Morelo\" href=\"https:\/\/es.wikipedia.org\/wiki\/Marcela_Morelo\">Marcela Morelo<\/a>, cantautora argentina.<\/li>\n<li><a title=\"1974\" href=\"https:\/\/es.wikipedia.org\/wiki\/1974\">1974<\/a>: <a title=\"Nick McCarthy\" href=\"https:\/\/es.wikipedia.org\/wiki\/Nick_McCarthy\">Nick McCarthy<\/a>, guitarrista brit\u00e1nico, de la banda Franz Ferdinand.<\/li>\n<li><a title=\"1975\" href=\"https:\/\/es.wikipedia.org\/wiki\/1975\">1975<\/a>: <a title=\"Tom DeLonge\" href=\"https:\/\/es.wikipedia.org\/wiki\/Tom_DeLonge\">Tom DeLonge<\/a>, m\u00fasico estadounidense, de las bandas Blink 182, Box Car Racer y Angels &amp; Airwaves.<\/li>\n<li><a title=\"1976\" href=\"https:\/\/es.wikipedia.org\/wiki\/1976\">1976<\/a>: <a title=\"Rados\u0142aw Sobolewski\" href=\"https:\/\/es.wikipedia.org\/wiki\/Rados%C5%82aw_Sobolewski\">Rados\u0142aw Sobolewski<\/a>, futbolista polaco.<\/li>\n<li>1976: <a title=\"Mark Paston\" href=\"https:\/\/es.wikipedia.org\/wiki\/Mark_Paston\">Mark Paston<\/a>, futbolista neozeland\u00e9s.<\/li>\n<li><a title=\"1977\" href=\"https:\/\/es.wikipedia.org\/wiki\/1977\">1977<\/a>: <a title=\"Lauri Porra\" href=\"https:\/\/es.wikipedia.org\/wiki\/Lauri_Porra\">Lauri Porra<\/a>, m\u00fasico y bajista finland\u00e9s, de la banda Stratovarius.<\/li>\n<li><a title=\"1978\" href=\"https:\/\/es.wikipedia.org\/wiki\/1978\">1978<\/a>: <a title=\"Ryo Kawakita\" href=\"https:\/\/es.wikipedia.org\/wiki\/Ryo_Kawakita\">Ryo Kawakita<\/a>, guitarrista japon\u00e9s, de la banda Maximum the Hormone.<\/li>\n<li>1978: <a title=\"ToteKing\" href=\"https:\/\/es.wikipedia.org\/wiki\/ToteKing\">ToteKing<\/a>, rapero espa\u00f1ol.<\/li>\n<li><a title=\"1980\" href=\"https:\/\/es.wikipedia.org\/wiki\/1980\">1980<\/a>: <a title=\"Shungiku Nakamura\" href=\"https:\/\/es.wikipedia.org\/wiki\/Shungiku_Nakamura\">Shungiku Nakamura<\/a>, Mangaka, creadora de Junjou Rom\u00e1ntica, Sekaiichi Hatsukoi y Hybrid Child.<\/li>\n<li><a title=\"1981\" href=\"https:\/\/es.wikipedia.org\/wiki\/1981\">1981<\/a>: <a title=\"Amy Lee\" href=\"https:\/\/es.wikipedia.org\/wiki\/Amy_Lee\">Amy Lee<\/a>, cantante estadounidense, de la banda Evanescence.<\/li>\n<li><a title=\"1982\" href=\"https:\/\/es.wikipedia.org\/wiki\/1982\">1982<\/a>: <a title=\"Anthony Callea\" href=\"https:\/\/es.wikipedia.org\/wiki\/Anthony_Callea\">Anthony Callea<\/a>, cantautora australiana.<\/li>\n<li>1982: <a title=\"Tuka Rocha\" href=\"https:\/\/es.wikipedia.org\/wiki\/Tuka_Rocha\">Tuka Rocha<\/a>, corredor brasile\u00f1o de carreras.<\/li>\n<li><a title=\"1983\" href=\"https:\/\/es.wikipedia.org\/wiki\/1983\">1983<\/a>: <a class=\"mw-redirect\" title=\"J Alvarez\" href=\"https:\/\/es.wikipedia.org\/wiki\/J_Alvarez\">J. \u00c1lvarez<\/a>, cantante puertorrique\u00f1o.<\/li>\n<li><a title=\"1989\" href=\"https:\/\/es.wikipedia.org\/wiki\/1989\">1989<\/a>: <a title=\"Taylor Swift\" href=\"https:\/\/es.wikipedia.org\/wiki\/Taylor_Swift\">Taylor Swift<\/a>, cantautora estadounidense.<\/li>\n<li><a title=\"1990\" href=\"https:\/\/es.wikipedia.org\/wiki\/1990\">1990<\/a>: <a title=\"Nick Roux\" href=\"https:\/\/es.wikipedia.org\/wiki\/Nick_Roux\">Nick Roux<\/a>, actor y m\u00fasico estadounidense.<\/li>\n<li><a title=\"1991\" href=\"https:\/\/es.wikipedia.org\/wiki\/1991\">1991<\/a>: <a title=\"Gast\u00f3n Soffritti\" href=\"https:\/\/es.wikipedia.org\/wiki\/Gast%C3%B3n_Soffritti\">Gast\u00f3n Soffritti<\/a>, actor argentino.<\/li>\n<li>1991: <a title=\"Mat\u00edas Pisano\" href=\"https:\/\/es.wikipedia.org\/wiki\/Mat%C3%ADas_Pisano\">Mat\u00edas Pisano<\/a>, futbolista argentino.<\/li>\n<\/ul>\n<h2 style=\"text-align: justify;\"><span id=\"Fallecimientos\" class=\"mw-headline\">Fallecimientos<\/span><\/h2>\n<ul style=\"text-align: justify;\">\n<li><a title=\"1048\" href=\"https:\/\/es.wikipedia.org\/wiki\/1048\">1048<\/a>: <a title=\"Al-Biruni\" href=\"https:\/\/es.wikipedia.org\/wiki\/Al-Biruni\">Al-Biruni<\/a> (75), astr\u00f3nomo, farmac\u00e9utico, f\u00edsico, fil\u00f3sofo, historiador, matem\u00e1tico y viajero uzbeko (n. 973).<\/li>\n<li><a title=\"1124\" href=\"https:\/\/es.wikipedia.org\/wiki\/1124\">1124<\/a>: <a title=\"Calixto II\" href=\"https:\/\/es.wikipedia.org\/wiki\/Calixto_II\">Calixto II<\/a>, papa cat\u00f3lico franc\u00e9s entre 1119 y 1124 (n. c. 1050).<\/li>\n<li><a title=\"1204\" href=\"https:\/\/es.wikipedia.org\/wiki\/1204\">1204<\/a>: <a class=\"new\" title=\"Moses ben Maimon (a\u00fan no redactado)\" href=\"https:\/\/es.wikipedia.org\/w\/index.php?title=Moses_ben_Maimon&amp;action=edit&amp;redlink=1\">Maim\u00f3nides<\/a>, matem\u00e1tico, m\u00e9dico, rabino y te\u00f3logo jud\u00edo espa\u00f1ol (n. 1135).<\/li>\n<li><a title=\"1250\" href=\"https:\/\/es.wikipedia.org\/wiki\/1250\">1250<\/a>: <a title=\"Federico II Hohenstaufen\" href=\"https:\/\/es.wikipedia.org\/wiki\/Federico_II_Hohenstaufen\">Federico II<\/a>, emperador romano-germ\u00e1nico y rey siciliano entre <a title=\"1212\" href=\"https:\/\/es.wikipedia.org\/wiki\/1212\">1212<\/a> y 1250 (n. 1194).<\/li>\n<li><a title=\"1466\" href=\"https:\/\/es.wikipedia.org\/wiki\/1466\">1466<\/a>: <a title=\"Donatello\" href=\"https:\/\/es.wikipedia.org\/wiki\/Donatello\">Donatello<\/a>, escultor italiano (n. 1386).<\/li>\n<li><a title=\"1516\" href=\"https:\/\/es.wikipedia.org\/wiki\/1516\">1516<\/a>: <a title=\"Johannes Trithemius\" href=\"https:\/\/es.wikipedia.org\/wiki\/Johannes_Trithemius\">Johannes Trithemius<\/a>, cript\u00f3grafo alem\u00e1n (n. 1462).<\/li>\n<li><a title=\"1521\" href=\"https:\/\/es.wikipedia.org\/wiki\/1521\">1521<\/a>: <a title=\"Manuel I de Portugal\" href=\"https:\/\/es.wikipedia.org\/wiki\/Manuel_I_de_Portugal\">Manuel I<\/a>, rey portugu\u00e9s entre 1495 y 1521 (n. 1469).<\/li>\n<li><a title=\"1565\" href=\"https:\/\/es.wikipedia.org\/wiki\/1565\">1565<\/a>: <a class=\"mw-redirect\" title=\"Conrad Gessner\" href=\"https:\/\/es.wikipedia.org\/wiki\/Conrad_Gessner\">Conrad Gessner<\/a>, bot\u00e1nico, bi\u00f3logo y naturalista suizo (n. 1516).<\/li>\n<li><a title=\"1557\" href=\"https:\/\/es.wikipedia.org\/wiki\/1557\">1557<\/a>: <a title=\"Niccol\u00f2 Fontana Tartaglia\" href=\"https:\/\/es.wikipedia.org\/wiki\/Niccol%C3%B2_Fontana_Tartaglia\">Niccol\u00f2 Fontana Tartaglia<\/a>, matem\u00e1tico italiano (n. 1499).<\/li>\n<li><a title=\"1603\" href=\"https:\/\/es.wikipedia.org\/wiki\/1603\">1603<\/a>: <a title=\"Fran\u00e7ois Vi\u00e8te\" href=\"https:\/\/es.wikipedia.org\/wiki\/Fran%C3%A7ois_Vi%C3%A8te\">Fran\u00e7ois Vi\u00e8te<\/a>, matem\u00e1tico franc\u00e9s (n. 1540).<\/li>\n<li><a title=\"1621\" href=\"https:\/\/es.wikipedia.org\/wiki\/1621\">1621<\/a>: <a title=\"Catalina Stenbock\" href=\"https:\/\/es.wikipedia.org\/wiki\/Catalina_Stenbock\">Catalina Stenbock<\/a>, reina consorte sueca (n. 1535).<\/li>\n<li><a title=\"1638\" href=\"https:\/\/es.wikipedia.org\/wiki\/1638\">1638<\/a>: <a title=\"Catalina Vasa\" href=\"https:\/\/es.wikipedia.org\/wiki\/Catalina_Vasa\">Catalina Vasa<\/a>, arist\u00f3crata sueca (n. 1584).<\/li>\n<li><a title=\"1754\" href=\"https:\/\/es.wikipedia.org\/wiki\/1754\">1754<\/a>: <a title=\"Mahmud I\" href=\"https:\/\/es.wikipedia.org\/wiki\/Mahmud_I\">Mahmud I<\/a>, sult\u00e1n otomano (n. 1696).<\/li>\n<li><a title=\"1784\" href=\"https:\/\/es.wikipedia.org\/wiki\/1784\">1784<\/a>: <a title=\"Samuel Johnson\" href=\"https:\/\/es.wikipedia.org\/wiki\/Samuel_Johnson\">Samuel Johnson<\/a>, escritor brit\u00e1nico (n. 1709).<\/li>\n<li><a title=\"1814\" href=\"https:\/\/es.wikipedia.org\/wiki\/1814\">1814<\/a>: <a title=\"Charles-Joseph de Ligne\" href=\"https:\/\/es.wikipedia.org\/wiki\/Charles-Joseph_de_Ligne\">Charles-Joseph de Ligne<\/a>, mariscal y arist\u00f3crata austriaco de origen belga (n. 1735).<\/li>\n<li><a title=\"1818\" href=\"https:\/\/es.wikipedia.org\/wiki\/1818\">1818<\/a>: <a title=\"Pedro Inocencio Bejarano\" href=\"https:\/\/es.wikipedia.org\/wiki\/Pedro_Inocencio_Bejarano\">Pedro Inocencio Bejarano<\/a>, obispo espa\u00f1ol (n. 1750).<\/li>\n<li><a title=\"1819\" href=\"https:\/\/es.wikipedia.org\/wiki\/1819\">1819<\/a>: <a title=\"Vincenzo Dandolo\" href=\"https:\/\/es.wikipedia.org\/wiki\/Vincenzo_Dandolo\">Vincenzo Dandolo<\/a>, qu\u00edmico italiano (n. 1758)<\/li>\n<li><a title=\"1823\" href=\"https:\/\/es.wikipedia.org\/wiki\/1823\">1823<\/a>: <a title=\"Antonio Nari\u00f1o\" href=\"https:\/\/es.wikipedia.org\/wiki\/Antonio_Nari%C3%B1o\">Antonio Nari\u00f1o<\/a>, pol\u00edtico y pol\u00edtico colombiano, precursor de la independencia de su pa\u00eds (n. 1765).<\/li>\n<li><a title=\"1828\" href=\"https:\/\/es.wikipedia.org\/wiki\/1828\">1828<\/a>: <a title=\"Manuel Dorrego\" href=\"https:\/\/es.wikipedia.org\/wiki\/Manuel_Dorrego\">Manuel Dorrego<\/a>, militar y pol\u00edtico argentino (n. 1787).<sup id=\"cite_ref-3\" class=\"reference\"><a href=\"https:\/\/es.wikipedia.org\/wiki\/13_de_diciembre#cite_note-3\">3<\/a><\/sup><\/li>\n<li><a title=\"1863\" href=\"https:\/\/es.wikipedia.org\/wiki\/1863\">1863<\/a>: <a class=\"mw-redirect\" title=\"Christian Friedrich Hebbel\" href=\"https:\/\/es.wikipedia.org\/wiki\/Christian_Friedrich_Hebbel\">Christian Friedrich Hebbel<\/a>, escritor alem\u00e1n (n. 1813).<\/li>\n<li><a title=\"1867\" href=\"https:\/\/es.wikipedia.org\/wiki\/1867\">1867<\/a>: <a title=\"T\u014dd\u014d Heisuke\" href=\"https:\/\/es.wikipedia.org\/wiki\/T%C5%8Dd%C5%8D_Heisuke\">T\u014dd\u014d Heisuke<\/a>, capit\u00e1n de la octava unidad del <a title=\"Shinsengumi\" href=\"https:\/\/es.wikipedia.org\/wiki\/Shinsengumi\">Shinsengumi<\/a> (n. 1844).<\/li>\n<li><a title=\"1868\" href=\"https:\/\/es.wikipedia.org\/wiki\/1868\">1868<\/a>: <a title=\"Carl Friedrich Philipp von Martius\" href=\"https:\/\/es.wikipedia.org\/wiki\/Carl_Friedrich_Philipp_von_Martius\">Carl Friedrich Philipp von Martius<\/a>, m\u00e9dico, bot\u00e1nico y explorador alem\u00e1n (n. 1794).<\/li>\n<li><a title=\"1870\" href=\"https:\/\/es.wikipedia.org\/wiki\/1870\">1870<\/a>: <a title=\"Pascual Madoz\" href=\"https:\/\/es.wikipedia.org\/wiki\/Pascual_Madoz\">Pascual Madoz<\/a>, intelectual, pol\u00edtico y escritor espa\u00f1ol (n. 1806).<\/li>\n<li><a title=\"1894\" href=\"https:\/\/es.wikipedia.org\/wiki\/1894\">1894<\/a>: <a title=\"Juan Le\u00f3n Mera\" href=\"https:\/\/es.wikipedia.org\/wiki\/Juan_Le%C3%B3n_Mera\">Juan Le\u00f3n Mera<\/a>, escritor ecuatoriano (n. 1832).<\/li>\n<li><a title=\"1909\" href=\"https:\/\/es.wikipedia.org\/wiki\/1909\">1909<\/a>: <a title=\"Innokienti \u00c1nnienski\" href=\"https:\/\/es.wikipedia.org\/wiki\/Innokienti_%C3%81nnienski\">Innokienti \u00c1nnienski<\/a>, poeta ruso (n. 1855).<\/li>\n<li><a title=\"1912\" href=\"https:\/\/es.wikipedia.org\/wiki\/1912\">1912<\/a>: <a title=\"Vital Aza\" href=\"https:\/\/es.wikipedia.org\/wiki\/Vital_Aza\">Vital Aza<\/a>, escritor espa\u00f1ol (n. 1851).<\/li>\n<li><a title=\"1923\" href=\"https:\/\/es.wikipedia.org\/wiki\/1923\">1923<\/a>: <a title=\"Th\u00e9ophile Alexandre Steinlen\" href=\"https:\/\/es.wikipedia.org\/wiki\/Th%C3%A9ophile_Alexandre_Steinlen\">Th\u00e9ophile Alexandre Steinlen<\/a>, pintor francosuizo (n. 1859).<\/li>\n<li><a title=\"1924\" href=\"https:\/\/es.wikipedia.org\/wiki\/1924\">1924<\/a>: <a title=\"Samuel Gompers\" href=\"https:\/\/es.wikipedia.org\/wiki\/Samuel_Gompers\">Samuel Gompers<\/a>, dirigente obrero estadounidense (n. 1850).<\/li>\n<li><a title=\"1925\" href=\"https:\/\/es.wikipedia.org\/wiki\/1925\">1925<\/a>: <a title=\"Antonio Maura\" href=\"https:\/\/es.wikipedia.org\/wiki\/Antonio_Maura\">Antonio Maura<\/a>, estadista espa\u00f1ol (n. 1853).<\/li>\n<li><a title=\"1930\" href=\"https:\/\/es.wikipedia.org\/wiki\/1930\">1930<\/a>: <a title=\"Fritz Pregl\" href=\"https:\/\/es.wikipedia.org\/wiki\/Fritz_Pregl\">Fritz Pregl<\/a>, qu\u00edmico austriaco, premio nobel de qu\u00edmica en 1923 (n. 1869).<\/li>\n<li><a title=\"1931\" href=\"https:\/\/es.wikipedia.org\/wiki\/1931\">1931<\/a>: <a title=\"Gustave Le Bon\" href=\"https:\/\/es.wikipedia.org\/wiki\/Gustave_Le_Bon\">Gustave Le Bon<\/a>, soci\u00f3logo, psic\u00f3logo y pol\u00edgrafo franc\u00e9s (n. 1841).<\/li>\n<li><a title=\"1934\" href=\"https:\/\/es.wikipedia.org\/wiki\/1934\">1934<\/a>: <a title=\"Jos\u00e9 Santos Chocano\" href=\"https:\/\/es.wikipedia.org\/wiki\/Jos%C3%A9_Santos_Chocano\">Jos\u00e9 Santos Chocano<\/a>, escritor peruano (n. 1875).<\/li>\n<li><a title=\"1935\" href=\"https:\/\/es.wikipedia.org\/wiki\/1935\">1935<\/a>: <a title=\"Victor Grignard\" href=\"https:\/\/es.wikipedia.org\/wiki\/Victor_Grignard\">Victor Grignard<\/a>, qu\u00edmico franc\u00e9s, premio nobel de qu\u00edmica en 1912 (n. 1871).<\/li>\n<li><a title=\"1940\" href=\"https:\/\/es.wikipedia.org\/wiki\/1940\">1940<\/a>: <a title=\"Ars\u00e8ne d'Arsonval\" href=\"https:\/\/es.wikipedia.org\/wiki\/Ars%C3%A8ne_d%27Arsonval\">Ars\u00e8ne d&#8217;Arsonval<\/a>, f\u00edsico franc\u00e9s (n. 1851).<\/li>\n<li><a title=\"1944\" href=\"https:\/\/es.wikipedia.org\/wiki\/1944\">1944<\/a>: <a class=\"mw-redirect\" title=\"Wassily Kandinski\" href=\"https:\/\/es.wikipedia.org\/wiki\/Wassily_Kandinski\">Wassily Kandinski<\/a>, pintor ruso (n. 1866).<\/li>\n<li>1944: <a title=\"Lupe V\u00e9lez\" href=\"https:\/\/es.wikipedia.org\/wiki\/Lupe_V%C3%A9lez\">Lupe V\u00e9lez<\/a>, actriz mexicana (n. 1908, 1909 o 1910).<\/li>\n<li><a title=\"1945\" href=\"https:\/\/es.wikipedia.org\/wiki\/1945\">1945<\/a>: <a title=\"Irma Grese\" href=\"https:\/\/es.wikipedia.org\/wiki\/Irma_Grese\">Irma Grese<\/a>, supervisora nazi de campos de concentraci\u00f3n alemana (n. 1923).<\/li>\n<li>1945: <a title=\"Josef Kramer\" href=\"https:\/\/es.wikipedia.org\/wiki\/Josef_Kramer\">Josef Kramer<\/a>, oficial alem\u00e1n de la SS (n. 1906).<\/li>\n<li><a title=\"1947\" href=\"https:\/\/es.wikipedia.org\/wiki\/1947\">1947<\/a>: <a title=\"Nikol\u00e1i Roerich\" href=\"https:\/\/es.wikipedia.org\/wiki\/Nikol%C3%A1i_Roerich\">Nikol\u00e1i Roerich<\/a>, pintor ruso (n. 1874).<\/li>\n<li><a title=\"1950\" href=\"https:\/\/es.wikipedia.org\/wiki\/1950\">1950<\/a>: <a title=\"Abraham Wald\" href=\"https:\/\/es.wikipedia.org\/wiki\/Abraham_Wald\">Abraham Wald<\/a>, matem\u00e1tico h\u00fangaro (n. 1902).<\/li>\n<li><a title=\"1955\" href=\"https:\/\/es.wikipedia.org\/wiki\/1955\">1955<\/a>: <a title=\"Valeriano Le\u00f3n\" href=\"https:\/\/es.wikipedia.org\/wiki\/Valeriano_Le%C3%B3n\">Valeriano Le\u00f3n<\/a>, actor espa\u00f1ol (n. 1892).<\/li>\n<li><a title=\"1958\" href=\"https:\/\/es.wikipedia.org\/wiki\/1958\">1958<\/a>: <a title=\"Mar\u00eda P\u00e1vlovna Rom\u00e1nova (1890-1958)\" href=\"https:\/\/es.wikipedia.org\/wiki\/Mar%C3%ADa_P%C3%A1vlovna_Rom%C3%A1nova_(1890-1958)\">Mar\u00eda P\u00e1vlovna Rom\u00e1nova<\/a>, arist\u00f3crata rusa (n. 1890).<\/li>\n<li><a title=\"1961\" href=\"https:\/\/es.wikipedia.org\/wiki\/1961\">1961<\/a>: <a class=\"mw-redirect\" title=\"Fernando M\u00e1rquez (arque\u00f3logo)\" href=\"https:\/\/es.wikipedia.org\/wiki\/Fernando_M%C3%A1rquez_(arque%C3%B3logo)\">Fernando M\u00e1rquez<\/a>, arque\u00f3logo argentino (n. 1897).<\/li>\n<li>1961: <a title=\"Anna Mary Robertson Moses\" href=\"https:\/\/es.wikipedia.org\/wiki\/Anna_Mary_Robertson_Moses\">Grandma Moses<\/a>, pintora estadounidense (n. 1860).<\/li>\n<li><a title=\"1969\" href=\"https:\/\/es.wikipedia.org\/wiki\/1969\">1969<\/a>: <a title=\"Raymond Spruance\" href=\"https:\/\/es.wikipedia.org\/wiki\/Raymond_Spruance\">Raymond Spruance<\/a>, almirante estadounidense (n. 1896).<\/li>\n<li><a title=\"1973\" href=\"https:\/\/es.wikipedia.org\/wiki\/1973\">1973<\/a>: <a title=\"Henry Green\" href=\"https:\/\/es.wikipedia.org\/wiki\/Henry_Green\">Henry Green<\/a>, escritor brit\u00e1nico (n. 1905).<\/li>\n<li><a title=\"1983\" href=\"https:\/\/es.wikipedia.org\/wiki\/1983\">1983<\/a>: <a title=\"Mary Renault\" href=\"https:\/\/es.wikipedia.org\/wiki\/Mary_Renault\">Mary Renault<\/a>, escritora brit\u00e1nica (n. 1905).<\/li>\n<li>1983: <a title=\"Nichita St\u0103nescu\" href=\"https:\/\/es.wikipedia.org\/wiki\/Nichita_St%C4%83nescu\">Nichita St\u0103nescu<\/a>, poeta rumano (n. 1933).<\/li>\n<li><a title=\"1984\" href=\"https:\/\/es.wikipedia.org\/wiki\/1984\">1984<\/a>: <a title=\"Antonio Tovar\" href=\"https:\/\/es.wikipedia.org\/wiki\/Antonio_Tovar\">Antonio Tovar<\/a>, ling\u00fcista e historiador espa\u00f1ol (n. 1911).<\/li>\n<li><a title=\"1988\" href=\"https:\/\/es.wikipedia.org\/wiki\/1988\">1988<\/a>: <a title=\"Mar\u00eda Teresa Le\u00f3n\" href=\"https:\/\/es.wikipedia.org\/wiki\/Mar%C3%ADa_Teresa_Le%C3%B3n\">Mar\u00eda Teresa Le\u00f3n<\/a>, escritora espa\u00f1ola (n. 1903).<\/li>\n<li>1988: <a class=\"mw-redirect\" title=\"M. Lopez Quiroga Miquel\" href=\"https:\/\/es.wikipedia.org\/wiki\/M._Lopez_Quiroga_Miquel\">Manuel L\u00f3pez Quiroga<\/a>, pianista y compositor espa\u00f1ol (n. 1899).<\/li>\n<li><a title=\"1995\" href=\"https:\/\/es.wikipedia.org\/wiki\/1995\">1995<\/a>: <a title=\"Anatoli Di\u00e1tlov\" href=\"https:\/\/es.wikipedia.org\/wiki\/Anatoli_Di%C3%A1tlov\">Anatoli Di\u00e1tlov<\/a> ingeniero ruso (n. 1931).<\/li>\n<li><a title=\"1996\" href=\"https:\/\/es.wikipedia.org\/wiki\/1996\">1996<\/a>: <a title=\"V\u00edctor de los R\u00edos\" href=\"https:\/\/es.wikipedia.org\/wiki\/V%C3%ADctor_de_los_R%C3%ADos\">V\u00edctor de los R\u00edos<\/a>, escultor espa\u00f1ol (n. 1909).<\/li>\n<li><a title=\"2001\" href=\"https:\/\/es.wikipedia.org\/wiki\/2001\">2001<\/a>: <a title=\"Chuck Schuldiner\" href=\"https:\/\/es.wikipedia.org\/wiki\/Chuck_Schuldiner\">Chuck Schuldiner<\/a>, guitarrista y vocalista estadounidense, de la banda Death (n. 1967).<\/li>\n<li><a title=\"2002\" href=\"https:\/\/es.wikipedia.org\/wiki\/2002\">2002<\/a>: <a title=\"Juan Rosa\" href=\"https:\/\/es.wikipedia.org\/wiki\/Juan_Rosa\">Juan Rosa, <i>el Pulga<\/i><\/a>, humorista espa\u00f1ol (n. 1951).<\/li>\n<li><a title=\"2003\" href=\"https:\/\/es.wikipedia.org\/wiki\/2003\">2003<\/a>: <a title=\"Luis Cordara\" href=\"https:\/\/es.wikipedia.org\/wiki\/Luis_Cordara\">Luis Cordara<\/a>, actor argentino.<\/li>\n<li>2003: <a title=\"Luis Gonz\u00e1lez y Gonz\u00e1lez\" href=\"https:\/\/es.wikipedia.org\/wiki\/Luis_Gonz%C3%A1lez_y_Gonz%C3%A1lez\">Luis Gonz\u00e1lez y Gonz\u00e1lez<\/a>, historiador mexicano (n. 1925).<\/li>\n<li><a title=\"2005\" href=\"https:\/\/es.wikipedia.org\/wiki\/2005\">2005<\/a>: <a title=\"Stanley Williams\" href=\"https:\/\/es.wikipedia.org\/wiki\/Stanley_Williams\">Stanley <i>Tookie<\/i> Williams<\/a>, pandillero estadounidense (n. 1953).<\/li>\n<li><a title=\"2006\" href=\"https:\/\/es.wikipedia.org\/wiki\/2006\">2006<\/a>: <a title=\"Loyola de Palacio\" href=\"https:\/\/es.wikipedia.org\/wiki\/Loyola_de_Palacio\">Loyola de Palacio<\/a>, pol\u00edtica espa\u00f1ola (n. 1950).<\/li>\n<li><a title=\"2007\" href=\"https:\/\/es.wikipedia.org\/wiki\/2007\">2007<\/a>: <a title=\"V\u00edctor Sueiro\" href=\"https:\/\/es.wikipedia.org\/wiki\/V%C3%ADctor_Sueiro\">V\u00edctor Sueiro<\/a>, periodista, escritor y presentador de televisi\u00f3n argentino (n. 1943).<\/li>\n<li><a title=\"2010\" href=\"https:\/\/es.wikipedia.org\/wiki\/2010\">2010<\/a>: <a title=\"Helen Escobedo\" href=\"https:\/\/es.wikipedia.org\/wiki\/Helen_Escobedo\">Helen Escobedo<\/a>, escultora mexicana (n. 1934).<\/li>\n<li>2010: <a title=\"Valent\u00edn Garc\u00eda Yebra\" href=\"https:\/\/es.wikipedia.org\/wiki\/Valent%C3%ADn_Garc%C3%ADa_Yebra\">Valent\u00edn Garc\u00eda Yebra<\/a>, acad\u00e9mico, fil\u00f3logo y traductor espa\u00f1ol (n. 1917).<sup id=\"cite_ref-4\" class=\"reference\"><a href=\"https:\/\/es.wikipedia.org\/wiki\/13_de_diciembre#cite_note-4\">4<\/a><\/sup><\/li>\n<li>2010: <a title=\"Richard Holbrooke\" href=\"https:\/\/es.wikipedia.org\/wiki\/Richard_Holbrooke\">Richard Holbrooke<\/a>, diplom\u00e1tico y escritor estadounidense (n. 1941).<sup id=\"cite_ref-5\" class=\"reference\"><a href=\"https:\/\/es.wikipedia.org\/wiki\/13_de_diciembre#cite_note-5\">5<\/a><\/sup><\/li>\n<li>2010: <a title=\"Enrique Morente\" href=\"https:\/\/es.wikipedia.org\/wiki\/Enrique_Morente\">Enrique Morente<\/a>, cantaor espa\u00f1ol (n. 1942).<sup id=\"cite_ref-6\" class=\"reference\"><a href=\"https:\/\/es.wikipedia.org\/wiki\/13_de_diciembre#cite_note-6\">6<\/a><\/sup><\/li>\n<li><a title=\"2011\" href=\"https:\/\/es.wikipedia.org\/wiki\/2011\">2011<\/a>: <a title=\"Juan \u201cEl Gallo\u201d Calder\u00f3n\" href=\"https:\/\/es.wikipedia.org\/wiki\/Juan_%E2%80%9CEl_Gallo%E2%80%9D_Calder%C3%B3n\">Juan \u201cEl Gallo\u201d Calder\u00f3n<\/a>, periodista y locutor hispanomexicano (n. 1936).<\/li>\n<\/ul>\n<h2 style=\"text-align: justify;\"><span id=\"Celebraciones\" class=\"mw-headline\">Celebraciones<\/span><\/h2>\n<h3 style=\"text-align: justify;\"><span id=\"Santoral_cat.C3.B3lico\" class=\"mw-headline\">Santoral cat\u00f3lico<\/span><\/h3>\n<ul>\n<li style=\"text-align: justify;\"><a title=\"Luc\u00eda de Siracusa\" href=\"https:\/\/es.wikipedia.org\/wiki\/Luc%C3%ADa_de_Siracusa\">Santa Luc\u00eda<\/a><\/li>\n<li style=\"text-align: justify;\"><a title=\"Odilia de Alsacia\" href=\"https:\/\/es.wikipedia.org\/wiki\/Odilia_de_Alsacia\">Santa Odilia<\/a><\/li>\n<\/ul>\n","protected":false},"excerpt":{"rendered":"<p>Es el 347.\u00ba (tricent\u00e9simo cuadrag\u00e9simo s\u00e9ptimo) d\u00eda del a\u00f1o en el calendario gregoriano y el 348.\u00ba en los a\u00f1os bisiestos. Quedan 18\u00a0d\u00edas para finalizar el a\u00f1o.<\/p>\n","protected":false},"author":6,"featured_media":9838,"comment_status":"open","ping_status":"open","sticky":false,"template":"","format":"standard","meta":{"_acf_changed":false,"_monsterinsights_skip_tracking":false,"slim_seo":{"title":"Efem\u00e9rides 13 de Diciembre - Opini\u00f3n P\u00fablica","description":"Es el 347.\u00ba (tricent\u00e9simo cuadrag\u00e9simo s\u00e9ptimo) d\u00eda del a\u00f1o en el calendario gregoriano y el 348.\u00ba en los a\u00f1os bisiestos. Quedan 18\u00a0d\u00edas para finalizar el a\u00f1o."},"footnotes":""},"categories":[27],"tags":[],"class_list":["post-9839","post","type-post","status-publish","format-standard","has-post-thumbnail","hentry","category-un-dia-como-hoy"],"acf":[],"_links":{"self":[{"href":"https:\/\/www.opinionpublica.tv\/portada\/wp-json\/wp\/v2\/posts\/9839","targetHints":{"allow":["GET"]}}],"collection":[{"href":"https:\/\/www.opinionpublica.tv\/portada\/wp-json\/wp\/v2\/posts"}],"about":[{"href":"https:\/\/www.opinionpublica.tv\/portada\/wp-json\/wp\/v2\/types\/post"}],"author":[{"embeddable":true,"href":"https:\/\/www.opinionpublica.tv\/portada\/wp-json\/wp\/v2\/users\/6"}],"replies":[{"embeddable":true,"href":"https:\/\/www.opinionpublica.tv\/portada\/wp-json\/wp\/v2\/comments?post=9839"}],"version-history":[{"count":0,"href":"https:\/\/www.opinionpublica.tv\/portada\/wp-json\/wp\/v2\/posts\/9839\/revisions"}],"wp:featuredmedia":[{"embeddable":true,"href":"https:\/\/www.opinionpublica.tv\/portada\/wp-json\/wp\/v2\/media\/9838"}],"wp:attachment":[{"href":"https:\/\/www.opinionpublica.tv\/portada\/wp-json\/wp\/v2\/media?parent=9839"}],"wp:term":[{"taxonomy":"category","embeddable":true,"href":"https:\/\/www.opinionpublica.tv\/portada\/wp-json\/wp\/v2\/categories?post=9839"},{"taxonomy":"post_tag","embeddable":true,"href":"https:\/\/www.opinionpublica.tv\/portada\/wp-json\/wp\/v2\/tags?post=9839"}],"curies":[{"name":"wp","href":"https:\/\/api.w.org\/{rel}","templated":true}]}}