{"id":9835,"date":"2016-12-11T07:00:00","date_gmt":"2016-12-11T06:00:00","guid":{"rendered":"https:\/\/www.opinionpublica.tv\/portada\/2016\/12\/11\/efemerides-12-de-diciembre\/"},"modified":"2016-12-11T07:00:00","modified_gmt":"2016-12-11T06:00:00","slug":"efemerides-12-de-diciembre","status":"publish","type":"post","link":"https:\/\/www.opinionpublica.tv\/portada\/efemerides-12-de-diciembre\/","title":{"rendered":"Efem\u00e9rides 12 de Diciembre"},"content":{"rendered":"<img fetchpriority=\"high\" decoding=\"async\" class=\" size-full wp-image-9834\" src=\"https:\/\/www.opinionpublica.tv\/portada\/wp-content\/uploads\/2016\/12\/9a802386611b47684937bd3c40c768b4.jpg\" alt=\"\" class=\"caption\" title=\"Nuestra Se\u00f1ora de Guadalupe1 es una aparici\u00f3n mariana de la Iglesia cat\u00f3lica de origen mexicano\" width=\"245\" height=\"381\" srcset=\"https:\/\/www.opinionpublica.tv\/portada\/wp-content\/uploads\/2016\/12\/9a802386611b47684937bd3c40c768b4.jpg 245w, https:\/\/www.opinionpublica.tv\/portada\/wp-content\/uploads\/2016\/12\/9a802386611b47684937bd3c40c768b4-193x300.jpg 193w\" sizes=\"(max-width: 245px) 100vw, 245px\" \/>\n<p style=\"text-align: justify;\">Es el d\u00eda 346.\u00ba (tricent\u00e9simo cuadrag\u00e9simo sexto) d\u00eda del a\u00f1o en el calendario gregoriano y el 347.\u00ba en los a\u00f1os bisiestos. Quedan 19\u00a0d\u00edas para finalizar el a\u00f1o.<\/p>\n<p><!--more--><\/p>\n<h2 style=\"text-align: justify;\"><span id=\"Acontecimientos\" class=\"mw-headline\">Acontecimientos<\/span><\/h2>\n<ul style=\"text-align: justify;\">\n<li><a title=\"627\" href=\"https:\/\/es.wikipedia.org\/wiki\/627\">627<\/a>: cerca de <a title=\"Mosul\" href=\"https:\/\/es.wikipedia.org\/wiki\/Mosul\">Mosul<\/a> (<a title=\"Irak\" href=\"https:\/\/es.wikipedia.org\/wiki\/Irak\">Irak<\/a>), el ej\u00e9rcito bizantino de <a title=\"Heraclio\" href=\"https:\/\/es.wikipedia.org\/wiki\/Heraclio\">Heraclio<\/a> derrota en la <a title=\"Batalla de N\u00ednive\" href=\"https:\/\/es.wikipedia.org\/wiki\/Batalla_de_N%C3%ADnive\">Batalla de N\u00ednive<\/a> a las fuerzas del sha persa <a title=\"Cosroes II\" href=\"https:\/\/es.wikipedia.org\/wiki\/Cosroes_II\">Cosroes II<\/a>, comandadas por <a class=\"new\" title=\"Rhahzadh (a\u00fan no redactado)\" href=\"https:\/\/es.wikipedia.org\/w\/index.php?title=Rhahzadh&amp;action=edit&amp;redlink=1\">Rhahzadh<\/a>, poniendo as\u00ed fin a las <a class=\"mw-redirect\" title=\"Guerras Romano-Sas\u00e1nidas\" href=\"https:\/\/es.wikipedia.org\/wiki\/Guerras_Romano-Sas%C3%A1nidas\">Guerras Romano-Sas\u00e1nidas<\/a>.<\/li>\n<li><a title=\"914\" href=\"https:\/\/es.wikipedia.org\/wiki\/914\">914<\/a>: en <a title=\"Le\u00f3n (Espa\u00f1a)\" href=\"https:\/\/es.wikipedia.org\/wiki\/Le%C3%B3n_(Espa%C3%B1a)\">Le\u00f3n<\/a> (actual Espa\u00f1a), <a title=\"Ordo\u00f1o II de Le\u00f3n\" href=\"https:\/\/es.wikipedia.org\/wiki\/Ordo%C3%B1o_II_de_Le%C3%B3n\">Ordo\u00f1o II<\/a> es aclamado soberano por los principales magnates, obispos, abades y condes de Le\u00f3n, reunidos en asamblea general, ungido por 12\u00a0obispos y coronado.<\/li>\n<li><a title=\"1098\" href=\"https:\/\/es.wikipedia.org\/wiki\/1098\">1098<\/a>: en <a class=\"mw-redirect\" title=\"Marras\" href=\"https:\/\/es.wikipedia.org\/wiki\/Marras\">Maarat an-Numan<\/a> (<a title=\"Siria\" href=\"https:\/\/es.wikipedia.org\/wiki\/Siria\">Siria<\/a>), en el transcurso de la <a title=\"Primera Cruzada\" href=\"https:\/\/es.wikipedia.org\/wiki\/Primera_Cruzada\">Primera Cruzada<\/a>, tras dos semanas de sitio, los habitantes llegan a un acuerdo con los cruzados, de no ofrecer m\u00e1s resistencia y entregar la ciudad. (<a class=\"mw-redirect\" title=\"Matanza de Marras\" href=\"https:\/\/es.wikipedia.org\/wiki\/Matanza_de_Marras\">Matanza de Maarat<\/a>).<\/li>\n<li><a title=\"1408\" href=\"https:\/\/es.wikipedia.org\/wiki\/1408\">1408<\/a>: el <a title=\"Concilio de Perpi\u00f1\u00e1n\" href=\"https:\/\/es.wikipedia.org\/wiki\/Concilio_de_Perpi%C3%B1%C3%A1n\">Concilio de Perpi\u00f1\u00e1n<\/a> declara la legitimidad del papa <a title=\"Benedicto XIII de Avi\u00f1\u00f3n\" href=\"https:\/\/es.wikipedia.org\/wiki\/Benedicto_XIII_de_Avi%C3%B1%C3%B3n\">Benedicto XIII de Avi\u00f1\u00f3n<\/a>.<\/li>\n<li><a title=\"1408\" href=\"https:\/\/es.wikipedia.org\/wiki\/1408\">1408<\/a>: el <a title=\"Emperador\" href=\"https:\/\/es.wikipedia.org\/wiki\/Emperador\">emperador<\/a> <a class=\"mw-redirect\" title=\"Segismundo del Sacro Imperio Romano Germ\u00e1nico\" href=\"https:\/\/es.wikipedia.org\/wiki\/Segismundo_del_Sacro_Imperio_Romano_Germ%C3%A1nico\">Segismundo de Luxemburgo<\/a>, por entonces <a class=\"mw-redirect\" title=\"Rey de Hungr\u00eda\" href=\"https:\/\/es.wikipedia.org\/wiki\/Rey_de_Hungr%C3%ADa\">rey de Hungr\u00eda<\/a> crea la <a title=\"Orden del Drag\u00f3n\" href=\"https:\/\/es.wikipedia.org\/wiki\/Orden_del_Drag%C3%B3n\">Orden del Drag\u00f3n<\/a>.<\/li>\n<li><a title=\"1531\" href=\"https:\/\/es.wikipedia.org\/wiki\/1531\">1531<\/a>: en el cerro del <a class=\"mw-redirect\" title=\"Tepeyac\" href=\"https:\/\/es.wikipedia.org\/wiki\/Tepeyac\">Tepeyac<\/a> (en la actual <a title=\"Ciudad de M\u00e9xico\" href=\"https:\/\/es.wikipedia.org\/wiki\/Ciudad_de_M%C3%A9xico\">Ciudad de M\u00e9xico<\/a>), el ind\u00edgena <a title=\"Juan Diego Cuauhtlatoatzin\" href=\"https:\/\/es.wikipedia.org\/wiki\/Juan_Diego_Cuauhtlatoatzin\">Juan Diego<\/a> dice que la <a title=\"Nuestra Se\u00f1ora de Guadalupe (M\u00e9xico)\" href=\"https:\/\/es.wikipedia.org\/wiki\/Nuestra_Se%C3%B1ora_de_Guadalupe_(M%C3%A9xico)\">Virgen de Guadalupe<\/a> se le ha aparecido por cuarta y \u00faltima vez, y que le dej\u00f3 su imagen grabada en la <a title=\"Tilma\" href=\"https:\/\/es.wikipedia.org\/wiki\/Tilma\">tilma<\/a> (manta).<\/li>\n<li><a title=\"1543\" href=\"https:\/\/es.wikipedia.org\/wiki\/1543\">1543<\/a>: en <a title=\"M\u00e9xico\" href=\"https:\/\/es.wikipedia.org\/wiki\/M%C3%A9xico\">M\u00e9xico<\/a> estalla la revuelta de los encomenderos mexicanos.<\/li>\n<li><a title=\"1575\" href=\"https:\/\/es.wikipedia.org\/wiki\/1575\">1575<\/a>: en el <a title=\"Guanajuato\" href=\"https:\/\/es.wikipedia.org\/wiki\/Guanajuato\">estado de Guanajuato<\/a> (<a title=\"M\u00e9xico\" href=\"https:\/\/es.wikipedia.org\/wiki\/M%C3%A9xico\">M\u00e9xico<\/a>), el virrey <a title=\"Mart\u00edn Enr\u00edquez de Almansa\" href=\"https:\/\/es.wikipedia.org\/wiki\/Mart%C3%ADn_Enr%C3%ADquez_de_Almansa\">Mart\u00edn Enr\u00edquez de Almansa<\/a> crea el edicto que ordena la fundaci\u00f3n de una ciudad, la que ser\u00e1 <a class=\"mw-redirect\" title=\"Le\u00f3n de los Aldamas\" href=\"https:\/\/es.wikipedia.org\/wiki\/Le%C3%B3n_de_los_Aldamas\">Le\u00f3n<\/a>.<\/li>\n<li><a title=\"1584\" href=\"https:\/\/es.wikipedia.org\/wiki\/1584\">1584<\/a>: en Espa\u00f1a, el escritor <a title=\"Miguel de Cervantes\" href=\"https:\/\/es.wikipedia.org\/wiki\/Miguel_de_Cervantes\">Miguel de Cervantes<\/a> se casa con Catalina de Palacios.<\/li>\n<li><a title=\"1779\" href=\"https:\/\/es.wikipedia.org\/wiki\/1779\">1779<\/a>: en <a title=\"Oporto\" href=\"https:\/\/es.wikipedia.org\/wiki\/Oporto\">Oporto<\/a> (<a title=\"Portugal\" href=\"https:\/\/es.wikipedia.org\/wiki\/Portugal\">Portugal<\/a>), el obispo Fray Juan Rafael de Mendon\u00e7a consagra la <a title=\"Iglesia de los Cl\u00e9rigos\" href=\"https:\/\/es.wikipedia.org\/wiki\/Iglesia_de_los_Cl%C3%A9rigos\">Iglesia de los Cl\u00e9rigos<\/a>.<\/li>\n<li><a title=\"1781\" href=\"https:\/\/es.wikipedia.org\/wiki\/1781\">1781<\/a>: en el marco de la <a title=\"Guerra de Independencia de los Estados Unidos\" href=\"https:\/\/es.wikipedia.org\/wiki\/Guerra_de_Independencia_de_los_Estados_Unidos\">Guerra de Independencia de los Estados Unidos<\/a>, una escuadra de 13\u00a0naves de la <a class=\"mw-redirect\" title=\"Royal Navy\" href=\"https:\/\/es.wikipedia.org\/wiki\/Royal_Navy\">Royal Navy<\/a> al mando del contraalmirante <a class=\"new\" title=\"Richard Kempenfelt (a\u00fan no redactado)\" href=\"https:\/\/es.wikipedia.org\/w\/index.php?title=Richard_Kempenfelt&amp;action=edit&amp;redlink=1\">Richard Kempenfelt<\/a> derrota una flota <a title=\"Antiguo R\u00e9gimen en Francia\" href=\"https:\/\/es.wikipedia.org\/wiki\/Antiguo_R%C3%A9gimen_en_Francia\">francesa<\/a> de 19\u00a0naves en la <a class=\"new\" title=\"Segunda Batalla de Ushant (a\u00fan no redactado)\" href=\"https:\/\/es.wikipedia.org\/w\/index.php?title=Segunda_Batalla_de_Ushant&amp;action=edit&amp;redlink=1\">Segunda Batalla de Ushant<\/a>.<\/li>\n<li><a title=\"1793\" href=\"https:\/\/es.wikipedia.org\/wiki\/1793\">1793<\/a>: en <a title=\"Francia\" href=\"https:\/\/es.wikipedia.org\/wiki\/Francia\">Francia<\/a>, los republicanos derrotan a los rebeldes mon\u00e1rquicos en la <a title=\"Batalla de Le Mans (1793)\" href=\"https:\/\/es.wikipedia.org\/wiki\/Batalla_de_Le_Mans_(1793)\">batalla de Le Mans<\/a>.<\/li>\n<li><a title=\"1794\" href=\"https:\/\/es.wikipedia.org\/wiki\/1794\">1794<\/a>: en <a title=\"M\u00e9xico\" href=\"https:\/\/es.wikipedia.org\/wiki\/M%C3%A9xico\">M\u00e9xico<\/a>, el fraile dominico <a title=\"Servando Teresa de Mier\" href=\"https:\/\/es.wikipedia.org\/wiki\/Servando_Teresa_de_Mier\">Servando Teresa de Mier<\/a> pronuncia un serm\u00f3n en el que afirma que desde hac\u00eda muchos siglos los aztecas adoraban im\u00e1genes de la <a title=\"Nuestra Se\u00f1ora de Guadalupe (M\u00e9xico)\" href=\"https:\/\/es.wikipedia.org\/wiki\/Nuestra_Se%C3%B1ora_de_Guadalupe_(M%C3%A9xico)\">Virgen de Guadalupe<\/a> junto con <a class=\"mw-redirect\" title=\"Quetzalcoatl\" href=\"https:\/\/es.wikipedia.org\/wiki\/Quetzalcoatl\">Quetzalcoatl<\/a>. Considerado her\u00e9tico, es arrestado y condenado a diez a\u00f1os de destierro en <a title=\"Espa\u00f1a\" href=\"https:\/\/es.wikipedia.org\/wiki\/Espa%C3%B1a\">Espa\u00f1a<\/a>.<\/li>\n<li><a title=\"1804\" href=\"https:\/\/es.wikipedia.org\/wiki\/1804\">1804<\/a>: <a title=\"Espa\u00f1a\" href=\"https:\/\/es.wikipedia.org\/wiki\/Espa%C3%B1a\">Espa\u00f1a<\/a> declara la guerra a <a title=\"Inglaterra\" href=\"https:\/\/es.wikipedia.org\/wiki\/Inglaterra\">Inglaterra<\/a> por los tratados de <a title=\"Tratado de San Ildefonso (1800)\" href=\"https:\/\/es.wikipedia.org\/wiki\/Tratado_de_San_Ildefonso_(1800)\">San Ildefonso<\/a> y <a title=\"Convenio de Aranjuez\" href=\"https:\/\/es.wikipedia.org\/wiki\/Convenio_de_Aranjuez\">Aranjuez<\/a> con <a title=\"Francia\" href=\"https:\/\/es.wikipedia.org\/wiki\/Francia\">Francia<\/a>.<\/li>\n<li><a title=\"1812\" href=\"https:\/\/es.wikipedia.org\/wiki\/1812\">1812<\/a>: los \u00faltimos <a title=\"Invasi\u00f3n napole\u00f3nica de Rusia\" href=\"https:\/\/es.wikipedia.org\/wiki\/Invasi%C3%B3n_napole%C3%B3nica_de_Rusia\">invasores franceses<\/a> supervivientes abandonan Rusia.<\/li>\n<li><a title=\"1834\" href=\"https:\/\/es.wikipedia.org\/wiki\/1834\">1834<\/a>: en el marco de la <a title=\"Primera Guerra Carlista\" href=\"https:\/\/es.wikipedia.org\/wiki\/Primera_Guerra_Carlista\">Primera Guerra Carlista<\/a> se libra la <a title=\"Batalla de Mendaza\" href=\"https:\/\/es.wikipedia.org\/wiki\/Batalla_de_Mendaza\">batalla de Mendaza<\/a>. El general isabelino <a title=\"Luis Fern\u00e1ndez de C\u00f3rdova\" href=\"https:\/\/es.wikipedia.org\/wiki\/Luis_Fern%C3%A1ndez_de_C%C3%B3rdova\">Fern\u00e1ndez de C\u00f3rdova<\/a> vence a <a title=\"Tom\u00e1s de Zumalac\u00e1rregui\" href=\"https:\/\/es.wikipedia.org\/wiki\/Tom%C3%A1s_de_Zumalac%C3%A1rregui\">Zumalac\u00e1rregui<\/a>.<\/li>\n<li><a title=\"1840\" href=\"https:\/\/es.wikipedia.org\/wiki\/1840\">1840<\/a>: en <a class=\"mw-redirect\" title=\"Valencia (ciudad)\" href=\"https:\/\/es.wikipedia.org\/wiki\/Valencia_(ciudad)\">Valencia<\/a> (Espa\u00f1a), la reina <a class=\"mw-redirect\" title=\"Mar\u00eda Cristina de Borb\u00f3n\" href=\"https:\/\/es.wikipedia.org\/wiki\/Mar%C3%ADa_Cristina_de_Borb%C3%B3n\">Mar\u00eda Cristina<\/a> renuncia a la regencia.<\/li>\n<li><a title=\"1846\" href=\"https:\/\/es.wikipedia.org\/wiki\/1846\">1846<\/a>: se firma el <a title=\"Tratado Mallarino-Bidlack\" href=\"https:\/\/es.wikipedia.org\/wiki\/Tratado_Mallarino-Bidlack\">Tratado Mallarino-Bidlack<\/a> entre la <a title=\"Rep\u00fablica de la Nueva Granada\" href=\"https:\/\/es.wikipedia.org\/wiki\/Rep%C3%BAblica_de_la_Nueva_Granada\">Rep\u00fablica de la Nueva Granada<\/a> y los <a title=\"Estados Unidos\" href=\"https:\/\/es.wikipedia.org\/wiki\/Estados_Unidos\">Estados Unidos<\/a>.<\/li>\n<li><a title=\"1863\" href=\"https:\/\/es.wikipedia.org\/wiki\/1863\">1863<\/a>: en <a title=\"Chile\" href=\"https:\/\/es.wikipedia.org\/wiki\/Chile\">Chile<\/a>, la primera Asamblea radical de Copiap\u00f3 es organizada por <a class=\"mw-redirect\" title=\"Pedro Le\u00f3n Gallo (Chile)\" href=\"https:\/\/es.wikipedia.org\/wiki\/Pedro_Le%C3%B3n_Gallo_(Chile)\">Pedro Le\u00f3n Gallo<\/a>.<\/li>\n<li><a title=\"1898\" href=\"https:\/\/es.wikipedia.org\/wiki\/1898\">1898<\/a>: en <a title=\"Bolivia\" href=\"https:\/\/es.wikipedia.org\/wiki\/Bolivia\">Bolivia<\/a> estalla la <a title=\"Guerra civil boliviana de 1898\" href=\"https:\/\/es.wikipedia.org\/wiki\/Guerra_civil_boliviana_de_1898\">Revoluci\u00f3n Federal<\/a> al mando del coronel <a title=\"Jos\u00e9 Manuel Pando\" href=\"https:\/\/es.wikipedia.org\/wiki\/Jos%C3%A9_Manuel_Pando\">Jos\u00e9 Manuel Pando<\/a>.<\/li>\n<li><a title=\"1900\" href=\"https:\/\/es.wikipedia.org\/wiki\/1900\">1900<\/a>: <a title=\"Max Planck\" href=\"https:\/\/es.wikipedia.org\/wiki\/Max_Planck\">Max Planck<\/a> expone su <a class=\"mw-redirect\" title=\"Teor\u00eda cu\u00e1ntica\" href=\"https:\/\/es.wikipedia.org\/wiki\/Teor%C3%ADa_cu%C3%A1ntica\">teor\u00eda cu\u00e1ntica<\/a>, base de la <a title=\"F\u00edsica moderna\" href=\"https:\/\/es.wikipedia.org\/wiki\/F%C3%ADsica_moderna\">f\u00edsica moderna<\/a>.<\/li>\n<li><a title=\"1901\" href=\"https:\/\/es.wikipedia.org\/wiki\/1901\">1901<\/a>: <a class=\"mw-redirect\" title=\"Guiglielmo Marconi\" href=\"https:\/\/es.wikipedia.org\/wiki\/Guiglielmo_Marconi\">Guiglielmo Marconi<\/a> consigue la primera <a title=\"Radio (medio de comunicaci\u00f3n)\" href=\"https:\/\/es.wikipedia.org\/wiki\/Radio_(medio_de_comunicaci%C3%B3n)\">comunicaci\u00f3n radiof\u00f3nica<\/a> trasatl\u00e1ntica entre <a class=\"mw-redirect\" title=\"Cornwall\" href=\"https:\/\/es.wikipedia.org\/wiki\/Cornwall\">Cornwall<\/a> y <a title=\"San Juan de Terranova\" href=\"https:\/\/es.wikipedia.org\/wiki\/San_Juan_de_Terranova\">San Juan de Terranova<\/a>.<\/li>\n<li><a title=\"1903\" href=\"https:\/\/es.wikipedia.org\/wiki\/1903\">1903<\/a>: en <a title=\"Espa\u00f1a\" href=\"https:\/\/es.wikipedia.org\/wiki\/Espa%C3%B1a\">Espa\u00f1a<\/a>, el Congreso aprueba el proyecto de ley que establece el <a title=\"Ley del descanso dominical\" href=\"https:\/\/es.wikipedia.org\/wiki\/Ley_del_descanso_dominical\">descanso dominical<\/a>.<\/li>\n<li><a title=\"1904\" href=\"https:\/\/es.wikipedia.org\/wiki\/1904\">1904<\/a>: en <a title=\"Suecia\" href=\"https:\/\/es.wikipedia.org\/wiki\/Suecia\">Suecia<\/a>, el dramaturgo <a class=\"mw-redirect\" title=\"Jos\u00e9 de Echegaray\" href=\"https:\/\/es.wikipedia.org\/wiki\/Jos%C3%A9_de_Echegaray\">Jos\u00e9 de Echegaray<\/a> obtiene el primer <a title=\"Premio Nobel de Literatura\" href=\"https:\/\/es.wikipedia.org\/wiki\/Premio_Nobel_de_Literatura\">premio Nobel de Literatura<\/a> concedido a un espa\u00f1ol.<\/li>\n<li><a title=\"1907\" href=\"https:\/\/es.wikipedia.org\/wiki\/1907\">1907<\/a>: en <a title=\"Uruguay\" href=\"https:\/\/es.wikipedia.org\/wiki\/Uruguay\">Uruguay<\/a> se funda la <a title=\"Escuela Naval (Uruguay)\" href=\"https:\/\/es.wikipedia.org\/wiki\/Escuela_Naval_(Uruguay)\">Escuela Naval<\/a> de la <a class=\"mw-redirect\" title=\"Armada Nacional\" href=\"https:\/\/es.wikipedia.org\/wiki\/Armada_Nacional\">Armada Nacional<\/a>.<\/li>\n<li><a title=\"1911\" href=\"https:\/\/es.wikipedia.org\/wiki\/1911\">1911<\/a>: en <a title=\"India\" href=\"https:\/\/es.wikipedia.org\/wiki\/India\">India<\/a>, el rey <a title=\"Jorge V del Reino Unido\" href=\"https:\/\/es.wikipedia.org\/wiki\/Jorge_V_del_Reino_Unido\">Jorge V del Reino Unido<\/a> funda la ciudad de <a title=\"Nueva Delhi\" href=\"https:\/\/es.wikipedia.org\/wiki\/Nueva_Delhi\">Nueva Delhi<\/a>.<\/li>\n<li><a title=\"1915\" href=\"https:\/\/es.wikipedia.org\/wiki\/1915\">1915<\/a>: en <a title=\"Berl\u00edn\" href=\"https:\/\/es.wikipedia.org\/wiki\/Berl%C3%ADn\">Berl\u00edn<\/a> (Alemania), <a title=\"Hugo Junkers\" href=\"https:\/\/es.wikipedia.org\/wiki\/Hugo_Junkers\">Hugo Junkers<\/a> presenta el primer avi\u00f3n totalmente met\u00e1lico.<\/li>\n<li><a title=\"1918\" href=\"https:\/\/es.wikipedia.org\/wiki\/1918\">1918<\/a>: en <a title=\"Chile\" href=\"https:\/\/es.wikipedia.org\/wiki\/Chile\">Chile<\/a>, el aviador <a title=\"Dagoberto Godoy\" href=\"https:\/\/es.wikipedia.org\/wiki\/Dagoberto_Godoy\">Dagoberto Godoy<\/a> hace por primera vez el cruce de la <a title=\"Cordillera de los Andes\" href=\"https:\/\/es.wikipedia.org\/wiki\/Cordillera_de_los_Andes\">cordillera de los Andes<\/a> en avi\u00f3n.<\/li>\n<li><a title=\"1924\" href=\"https:\/\/es.wikipedia.org\/wiki\/1924\">1924<\/a>: en <a title=\"Espa\u00f1a\" href=\"https:\/\/es.wikipedia.org\/wiki\/Espa%C3%B1a\">Espa\u00f1a<\/a>, el <a title=\"Autogiro\" href=\"https:\/\/es.wikipedia.org\/wiki\/Autogiro\">autogiro<\/a> de <a class=\"mw-redirect\" title=\"Juan de la Cierva y Codorn\u00edu\" href=\"https:\/\/es.wikipedia.org\/wiki\/Juan_de_la_Cierva_y_Codorn%C3%ADu\">Juan de la Cierva<\/a> realiza sus primeras pruebas, en un trayecto desde <a class=\"mw-redirect\" title=\"Aeropuerto de Cuatro Vientos\" href=\"https:\/\/es.wikipedia.org\/wiki\/Aeropuerto_de_Cuatro_Vientos\">Cuatro Vientos<\/a> a <a title=\"Getafe\" href=\"https:\/\/es.wikipedia.org\/wiki\/Getafe\">Getafe<\/a>.<\/li>\n<li><a title=\"1930\" href=\"https:\/\/es.wikipedia.org\/wiki\/1930\">1930<\/a>: en <a title=\"Espa\u00f1a\" href=\"https:\/\/es.wikipedia.org\/wiki\/Espa%C3%B1a\">Espa\u00f1a<\/a> sucede la <a title=\"Sublevaci\u00f3n de Jaca\" href=\"https:\/\/es.wikipedia.org\/wiki\/Sublevaci%C3%B3n_de_Jaca\">Sublevaci\u00f3n de Jaca<\/a><\/li>\n<li><a title=\"1932\" href=\"https:\/\/es.wikipedia.org\/wiki\/1932\">1932<\/a>: en el municipio de <a title=\"Mexicali\" href=\"https:\/\/es.wikipedia.org\/wiki\/Mexicali\">Mexicali<\/a> (<a title=\"Baja California\" href=\"https:\/\/es.wikipedia.org\/wiki\/Baja_California\">Baja California<\/a>, <a title=\"M\u00e9xico\" href=\"https:\/\/es.wikipedia.org\/wiki\/M%C3%A9xico\">M\u00e9xico<\/a>) sucede la primera y \u00fanica nevada conocida.<\/li>\n<li><a title=\"1947\" href=\"https:\/\/es.wikipedia.org\/wiki\/1947\">1947<\/a>: en <a title=\"Panam\u00e1\" href=\"https:\/\/es.wikipedia.org\/wiki\/Panam%C3%A1\">Panam\u00e1<\/a> la Federaci\u00f3n de Estudiantes de Panam\u00e1 (FEP), demostr\u00f3 su compromiso con la soberan\u00eda nacional al oponerse al tratado Fil\u00f3s-Hines, que permit\u00eda la ocupaci\u00f3n permanente de bases militares de los Estados Unidos fuera de la antigua Zona del Canal.<\/li>\n<li><a title=\"1952\" href=\"https:\/\/es.wikipedia.org\/wiki\/1952\">1952<\/a>: en <a title=\"Viena\" href=\"https:\/\/es.wikipedia.org\/wiki\/Viena\">Viena<\/a> se inaugura la Conferencia de los Pueblos por la Paz.<\/li>\n<li><a title=\"1957\" href=\"https:\/\/es.wikipedia.org\/wiki\/1957\">1957<\/a>: en <a title=\"Chile\" href=\"https:\/\/es.wikipedia.org\/wiki\/Chile\">Chile<\/a> se funda un equipo llamado <a title=\"Club de Deportes Aviaci\u00f3n\" href=\"https:\/\/es.wikipedia.org\/wiki\/Club_de_Deportes_Aviaci%C3%B3n\">Club de Deportes Aviaci\u00f3n<\/a>.<\/li>\n<li><a title=\"1953\" href=\"https:\/\/es.wikipedia.org\/wiki\/1953\">1953<\/a>: en <a title=\"Brasil\" href=\"https:\/\/es.wikipedia.org\/wiki\/Brasil\">Brasil<\/a> se funda la ciudad <a title=\"Ribeir\u00e3o das Neves\" href=\"https:\/\/es.wikipedia.org\/wiki\/Ribeir%C3%A3o_das_Neves\">Ribeir\u00e3o das Neves<\/a>.<\/li>\n<li><a title=\"1956\" href=\"https:\/\/es.wikipedia.org\/wiki\/1956\">1956<\/a>: en <a title=\"Nueva York\" href=\"https:\/\/es.wikipedia.org\/wiki\/Nueva_York\">Nueva York<\/a>, el <a title=\"Consejo de Seguridad de las Naciones Unidas\" href=\"https:\/\/es.wikipedia.org\/wiki\/Consejo_de_Seguridad_de_las_Naciones_Unidas\">Consejo de Seguridad de las Naciones Unidas<\/a> adopta la <a title=\"Resoluci\u00f3n 121 del Consejo de Seguridad de las Naciones Unidas\" href=\"https:\/\/es.wikipedia.org\/wiki\/Resoluci%C3%B3n_121_del_Consejo_de_Seguridad_de_las_Naciones_Unidas\">Resoluci\u00f3n\u00a0121<\/a> sobre <a title=\"Jap\u00f3n\" href=\"https:\/\/es.wikipedia.org\/wiki\/Jap%C3%B3n\">Jap\u00f3n<\/a><\/li>\n<li><a title=\"1960\" href=\"https:\/\/es.wikipedia.org\/wiki\/1960\">1960<\/a>: en <a title=\"Ecuador\" href=\"https:\/\/es.wikipedia.org\/wiki\/Ecuador\">Ecuador<\/a> se funda <a class=\"mw-redirect\" title=\"Red Telesistema\" href=\"https:\/\/es.wikipedia.org\/wiki\/Red_Telesistema\">RTS<\/a>, primer canal de televisi\u00f3n de ese pa\u00eds.<\/li>\n<li><a title=\"1962\" href=\"https:\/\/es.wikipedia.org\/wiki\/1962\">1962<\/a>: en un pozo a 245\u00a0metros bajo tierra, en el \u00e1rea U3bu del <a class=\"mw-redirect\" title=\"Sitio de pruebas at\u00f3micas de Nevada\" href=\"https:\/\/es.wikipedia.org\/wiki\/Sitio_de_pruebas_at%C3%B3micas_de_Nevada\">Sitio de pruebas at\u00f3micas de Nevada<\/a> (a unos 100\u00a0km al noroeste de la ciudad de <a title=\"Las Vegas\" href=\"https:\/\/es.wikipedia.org\/wiki\/Las_Vegas\">Las Vegas<\/a>), a las 9:25 (hora local) Estados Unidos detona su <a title=\"Bomba at\u00f3mica\" href=\"https:\/\/es.wikipedia.org\/wiki\/Bomba_at%C3%B3mica\">bomba at\u00f3mica<\/a> <a title=\"Operaci\u00f3n Storax\" href=\"https:\/\/es.wikipedia.org\/wiki\/Operaci%C3%B3n_Storax\">Madison<\/a>, de menos de 20\u00a0<a class=\"mw-redirect\" title=\"Kilotones\" href=\"https:\/\/es.wikipedia.org\/wiki\/Kilotones\">kt<\/a>. A las 10:45, a 232\u00a0metros bajo tierra y a 22\u00a0km al sureste de la anterior, detona su bomba Numbat, de 11\u00a0<a class=\"mw-redirect\" title=\"Kilotones\" href=\"https:\/\/es.wikipedia.org\/wiki\/Kilotones\">kt<\/a>. Son las bombas\u00a0n.\u00ba\u00a0302 y 303 de las 1131 que Estados Unidos deton\u00f3 entre 1945 y 1992.<\/li>\n<li><a title=\"1963\" href=\"https:\/\/es.wikipedia.org\/wiki\/1963\">1963<\/a>: <a title=\"Kenia\" href=\"https:\/\/es.wikipedia.org\/wiki\/Kenia\">Kenia<\/a> se independiza de <a title=\"Reino Unido\" href=\"https:\/\/es.wikipedia.org\/wiki\/Reino_Unido\">Imperio brit\u00e1nico<\/a>.<\/li>\n<li>1963: en un pozo a 130\u00a0metros bajo tierra, en el \u00e1rea U3gq del <a class=\"mw-redirect\" title=\"Sitio de pruebas at\u00f3micas de Nevada\" href=\"https:\/\/es.wikipedia.org\/wiki\/Sitio_de_pruebas_at%C3%B3micas_de_Nevada\">Sitio de pruebas at\u00f3micas de Nevada<\/a> (a unos 100\u00a0km al noroeste de la ciudad de <a title=\"Las Vegas\" href=\"https:\/\/es.wikipedia.org\/wiki\/Las_Vegas\">Las Vegas<\/a>), a las 7:00 (hora local) Estados Unidos detona su <a title=\"Bomba at\u00f3mica\" href=\"https:\/\/es.wikipedia.org\/wiki\/Bomba_at%C3%B3mica\">bomba at\u00f3mica<\/a> <a class=\"new\" title=\"Operaci\u00f3n Bowline (a\u00fan no redactado)\" href=\"https:\/\/es.wikipedia.org\/w\/index.php?title=Operaci%C3%B3n_Bowline&amp;action=edit&amp;redlink=1\">Bay Leaf<\/a>, de menos de 20\u00a0<a class=\"mw-redirect\" title=\"Kilotones\" href=\"https:\/\/es.wikipedia.org\/wiki\/Kilotones\">kt<\/a>. Diez minutos despu\u00e9s, detona simult\u00e1neamente seis bombas at\u00f3micas, tambi\u00e9n subterr\u00e1neas y a pocos kil\u00f3metros de distancia unas de otras: Tyg\u00a01 a 6, de entre 1 y 20\u00a0kt cada una. Diez minutos despu\u00e9s (a las 7:20) detona su bomba Scissors, de 1\u00a0kt. Son las bombas\u00a0n.\u00ba\u00a0596 a 603 de las 1131 que Estados Unidos deton\u00f3 entre 1945 y 1992.<\/li>\n<li><a title=\"1968\" href=\"https:\/\/es.wikipedia.org\/wiki\/1968\">1968<\/a>: en <a title=\"Tokio\" href=\"https:\/\/es.wikipedia.org\/wiki\/Tokio\">Tokio<\/a> (<a title=\"Jap\u00f3n\" href=\"https:\/\/es.wikipedia.org\/wiki\/Jap%C3%B3n\">Jap\u00f3n<\/a>) el boxeador argentino <a title=\"Nicolino Locche\" href=\"https:\/\/es.wikipedia.org\/wiki\/Nicolino_Locche\">Nicolino Locche<\/a> se consagra campe\u00f3n del mundo AMB al vencer al japon\u00e9s <a class=\"new\" title=\"Paul Fuji (a\u00fan no redactado)\" href=\"https:\/\/es.wikipedia.org\/w\/index.php?title=Paul_Fuji&amp;action=edit&amp;redlink=1\">Paul Fuji<\/a> por abandono del local luego del noveno\u00a0round.<\/li>\n<li><a title=\"1969\" href=\"https:\/\/es.wikipedia.org\/wiki\/1969\">1969<\/a>: en el <a class=\"mw-redirect\" title=\"S\u00e1hara Occidental\" href=\"https:\/\/es.wikipedia.org\/wiki\/S%C3%A1hara_Occidental\">S\u00e1hara Occidental<\/a>, se constituye oficialmente el <a class=\"mw-redirect\" title=\"Harakat Tahrir\" href=\"https:\/\/es.wikipedia.org\/wiki\/Harakat_Tahrir\">Harakat Tahrir<\/a> (en espa\u00f1ol Movimiento Nacional de Liberaci\u00f3n Saharaui), encabezado por <a title=\"Mohamed Sidi Brahim Basir\" href=\"https:\/\/es.wikipedia.org\/wiki\/Mohamed_Sidi_Brahim_Basir\">Mohamed Sidi Brahim Basir<\/a>.<\/li>\n<li><a title=\"1972\" href=\"https:\/\/es.wikipedia.org\/wiki\/1972\">1972<\/a>: en un pozo a 271\u00a0metros bajo tierra, en el \u00e1rea U3gi del <a class=\"mw-redirect\" title=\"Sitio de pruebas at\u00f3micas de Nevada\" href=\"https:\/\/es.wikipedia.org\/wiki\/Sitio_de_pruebas_at%C3%B3micas_de_Nevada\">Sitio de pruebas at\u00f3micas de Nevada<\/a> (a unos 100\u00a0km al noroeste de la ciudad de <a title=\"Las Vegas\" href=\"https:\/\/es.wikipedia.org\/wiki\/Las_Vegas\">Las Vegas<\/a>), a las 8:30 (hora local) Estados Unidos detona su <a title=\"Bomba at\u00f3mica\" href=\"https:\/\/es.wikipedia.org\/wiki\/Bomba_at%C3%B3mica\">bomba at\u00f3mica<\/a> <a class=\"new\" title=\"Operaci\u00f3n Toggle (a\u00fan no redactado)\" href=\"https:\/\/es.wikipedia.org\/w\/index.php?title=Operaci%C3%B3n_Toggle&amp;action=edit&amp;redlink=1\">Tuloso<\/a>, de 0,2\u00a0<a class=\"mw-redirect\" title=\"Kilotones\" href=\"https:\/\/es.wikipedia.org\/wiki\/Kilotones\">kt<\/a>. Es la bomba\u00a0n.\u00ba\u00a0780 de las 1131 que Estados Unidos deton\u00f3 entre 1945 y 1992.<\/li>\n<li><a title=\"1973\" href=\"https:\/\/es.wikipedia.org\/wiki\/1973\">1973<\/a>: en un pozo a 278\u00a0metros bajo tierra, en el \u00e1rea U3ji del <a class=\"mw-redirect\" title=\"Sitio de pruebas at\u00f3micas de Nevada\" href=\"https:\/\/es.wikipedia.org\/wiki\/Sitio_de_pruebas_at%C3%B3micas_de_Nevada\">Sitio de pruebas at\u00f3micas de Nevada<\/a> (a unos 100\u00a0km al noroeste de la ciudad de <a title=\"Las Vegas\" href=\"https:\/\/es.wikipedia.org\/wiki\/Las_Vegas\">Las Vegas<\/a>), a las 11:00 (hora local) Estados Unidos detona su <a title=\"Bomba at\u00f3mica\" href=\"https:\/\/es.wikipedia.org\/wiki\/Bomba_at%C3%B3mica\">bomba at\u00f3mica<\/a> <a class=\"new\" title=\"Operaci\u00f3n Arbor (a\u00fan no redactado)\" href=\"https:\/\/es.wikipedia.org\/w\/index.php?title=Operaci%C3%B3n_Arbor&amp;action=edit&amp;redlink=1\">Pajara<\/a>, de 5\u00a0<a class=\"mw-redirect\" title=\"Kilotones\" href=\"https:\/\/es.wikipedia.org\/wiki\/Kilotones\">kt<\/a>. Es la bomba\u00a0n.\u00ba\u00a0808 de las 1131 que Estados Unidos deton\u00f3 entre 1945 y 1992.<\/li>\n<li><a title=\"1975\" href=\"https:\/\/es.wikipedia.org\/wiki\/1975\">1975<\/a>: en <a title=\"Espa\u00f1a\" href=\"https:\/\/es.wikipedia.org\/wiki\/Espa%C3%B1a\">Espa\u00f1a<\/a>, <a title=\"Carlos Arias Navarro\" href=\"https:\/\/es.wikipedia.org\/wiki\/Carlos_Arias_Navarro\">Carlos Arias Navarro<\/a> es nombrado presidente del Gobierno.<\/li>\n<li><a title=\"1979\" href=\"https:\/\/es.wikipedia.org\/wiki\/1979\">1979<\/a>: en <a title=\"Colombia\" href=\"https:\/\/es.wikipedia.org\/wiki\/Colombia\">Colombia<\/a> se produce el segundo mayor terremoto de su historia en el siglo\u00a0XX, que alcanza una magnitud de 8,1 y provoca un <a title=\"Tsunami\" href=\"https:\/\/es.wikipedia.org\/wiki\/Tsunami\">tsunami<\/a> con olas de 5\u00a0metros que matan a 259\u00a0personas en la costa del Pac\u00edfico colombiano.<\/li>\n<li><a title=\"1981\" href=\"https:\/\/es.wikipedia.org\/wiki\/1981\">1981<\/a>: en <a title=\"El Salvador\" href=\"https:\/\/es.wikipedia.org\/wiki\/El_Salvador\">El Salvador<\/a> \u2015en el marco de la \u00abOperaci\u00f3n Rescate\u00bb contra el <a title=\"Frente Farabundo Mart\u00ed para la Liberaci\u00f3n Nacional\" href=\"https:\/\/es.wikipedia.org\/wiki\/Frente_Farabundo_Mart%C3%AD_para_la_Liberaci%C3%B3n_Nacional\">FMLN<\/a>\u2015 sucede el tercer y \u00faltimo d\u00eda de la <a title=\"Masacre del Mozote\" href=\"https:\/\/es.wikipedia.org\/wiki\/Masacre_del_Mozote\">Masacre de El Mozote<\/a>: la <a class=\"mw-redirect\" title=\"Fuerzas Armadas de El Salvador\" href=\"https:\/\/es.wikipedia.org\/wiki\/Fuerzas_Armadas_de_El_Salvador\">Fuerza Armada<\/a> tortura y ejecuta a 900\u00a0campesinos civiles (hombres, mujeres y ni\u00f1os) desarmados. Se considera la peor masacre en el hemisferio occidental, en tiempos modernos. Su responsable pol\u00edtico, el dictador <a title=\"Jos\u00e9 Napole\u00f3n Duarte\" href=\"https:\/\/es.wikipedia.org\/wiki\/Jos%C3%A9_Napole%C3%B3n_Duarte\">Jos\u00e9 Napole\u00f3n Duarte<\/a> (1925-1990), nunca fue juzgado.<\/li>\n<li><a title=\"1981\" href=\"https:\/\/es.wikipedia.org\/wiki\/1981\">1981<\/a>: en <a title=\"Polonia\" href=\"https:\/\/es.wikipedia.org\/wiki\/Polonia\">Polonia<\/a>, el general <a class=\"mw-redirect\" title=\"Jaruzelski\" href=\"https:\/\/es.wikipedia.org\/wiki\/Jaruzelski\">Jaruzelski<\/a> dirige un golpe militar.<\/li>\n<li><a title=\"1984\" href=\"https:\/\/es.wikipedia.org\/wiki\/1984\">1984<\/a>: en <a title=\"Mauritania\" href=\"https:\/\/es.wikipedia.org\/wiki\/Mauritania\">Mauritania<\/a>, <a title=\"Maaouya Ould Sid'Ahmed Taya\" href=\"https:\/\/es.wikipedia.org\/wiki\/Maaouya_Ould_Sid%27Ahmed_Taya\">Maaouya Ould Sid&#8217;Ahmed Taya<\/a> derroca a <a title=\"Mohamed Khouna Ould Haidalla\" href=\"https:\/\/es.wikipedia.org\/wiki\/Mohamed_Khouna_Ould_Haidalla\">Mohamed Khouna Ould Haidalla<\/a>.<\/li>\n<li><a title=\"1995\" href=\"https:\/\/es.wikipedia.org\/wiki\/1995\">1995<\/a>: <a title=\"Gonzalo Alcalde Crespo\" href=\"https:\/\/es.wikipedia.org\/wiki\/Gonzalo_Alcalde_Crespo\">Gonzalo Alcalde Crespo<\/a> es nombrado acad\u00e9mico numerario de la <a title=\"Instituci\u00f3n Tello T\u00e9llez de Meneses\" href=\"https:\/\/es.wikipedia.org\/wiki\/Instituci%C3%B3n_Tello_T%C3%A9llez_de_Meneses\">Instituci\u00f3n Tello T\u00e9llez de Meneses<\/a>.<\/li>\n<li><a title=\"1997\" href=\"https:\/\/es.wikipedia.org\/wiki\/1997\">1997<\/a>: en M\u00e9xico se realiza el primer evento caritativo <a title=\"Telet\u00f3n\" href=\"https:\/\/es.wikipedia.org\/wiki\/Telet%C3%B3n\">Telet\u00f3n<\/a> con la meta de recaudar 80\u00a0millones de MXN, superando la meta con 138\u00a0millones.<\/li>\n<li><a title=\"2000\" href=\"https:\/\/es.wikipedia.org\/wiki\/2000\">2000<\/a>: en <a title=\"Nicaragua\" href=\"https:\/\/es.wikipedia.org\/wiki\/Nicaragua\">Nicaragua<\/a> la polic\u00eda detiene al exregente de la <a title=\"Ciudad de M\u00e9xico\" href=\"https:\/\/es.wikipedia.org\/wiki\/Ciudad_de_M%C3%A9xico\">ciudad de M\u00e9xico<\/a>, <a title=\"\u00d3scar Espinosa Villarreal\" href=\"https:\/\/es.wikipedia.org\/wiki\/%C3%93scar_Espinosa_Villarreal\">\u00d3scar Espinosa Villarreal<\/a>, acusado de varios delitos.<\/li>\n<li><a title=\"2015\" href=\"https:\/\/es.wikipedia.org\/wiki\/2015\">2015<\/a>: en <a title=\"Afganist\u00e1n\" href=\"https:\/\/es.wikipedia.org\/wiki\/Afganist%C3%A1n\">Afganist\u00e1n<\/a> Atentado contra la embajada Espa\u00f1ola en Kabur <a title=\"Afganist\u00e1n\" href=\"https:\/\/es.wikipedia.org\/wiki\/Afganist%C3%A1n\">Afganist\u00e1n<\/a>.<\/li>\n<li><a title=\"2015\" href=\"https:\/\/es.wikipedia.org\/wiki\/2015\">2015<\/a>: en <a title=\"Arabia Saudita\" href=\"https:\/\/es.wikipedia.org\/wiki\/Arabia_Saudita\">Arabia Saudita<\/a> pueden votar las mujeres y ser candidatas por primera vez.<\/li>\n<li><a title=\"2015\" href=\"https:\/\/es.wikipedia.org\/wiki\/2015\">2015<\/a>: en <a title=\"Francia\" href=\"https:\/\/es.wikipedia.org\/wiki\/Francia\">Francia<\/a> se aprueba un hist\u00f3rico acuerdo mundial contra el cambio clim\u00e1tico para poner freno al efecto invernadero.<\/li>\n<\/ul>\n<h2 style=\"text-align: justify;\"><span id=\"Nacimientos\" class=\"mw-headline\">Nacimientos<\/span><\/h2>\n<ul style=\"text-align: justify;\">\n<li><a title=\"1298\" href=\"https:\/\/es.wikipedia.org\/wiki\/1298\">1298<\/a>: <a title=\"Alberto II de Austria\" href=\"https:\/\/es.wikipedia.org\/wiki\/Alberto_II_de_Austria\">Alberto II<\/a>, arist\u00f3crata austriaco.<\/li>\n<li><a title=\"1418\" href=\"https:\/\/es.wikipedia.org\/wiki\/1418\">1418<\/a>: <a title=\"Alberto VI de Austria\" href=\"https:\/\/es.wikipedia.org\/wiki\/Alberto_VI_de_Austria\">Alberto VI<\/a>, arist\u00f3crata austriaco.<\/li>\n<li><a title=\"1526\" href=\"https:\/\/es.wikipedia.org\/wiki\/1526\">1526<\/a>: <a title=\"\u00c1lvaro de Baz\u00e1n\" href=\"https:\/\/es.wikipedia.org\/wiki\/%C3%81lvaro_de_Baz%C3%A1n\">\u00c1lvaro de Baz\u00e1n<\/a>, almirante espa\u00f1ol.<\/li>\n<li><a title=\"1712\" href=\"https:\/\/es.wikipedia.org\/wiki\/1712\">1712<\/a>: <a title=\"Carlos Alejandro de Lorena\" href=\"https:\/\/es.wikipedia.org\/wiki\/Carlos_Alejandro_de_Lorena\">Carlos Alejandro de Lorena<\/a>, general austriaco (f. 1780).<\/li>\n<li><a title=\"1731\" href=\"https:\/\/es.wikipedia.org\/wiki\/1731\">1731<\/a>: <a title=\"Erasmus Darwin\" href=\"https:\/\/es.wikipedia.org\/wiki\/Erasmus_Darwin\">Erasmus Darwin<\/a>, f\u00edsico brit\u00e1nico.<\/li>\n<li><a title=\"1732\" href=\"https:\/\/es.wikipedia.org\/wiki\/1732\">1732<\/a>: <a title=\"Carl Gotthard Langhans\" href=\"https:\/\/es.wikipedia.org\/wiki\/Carl_Gotthard_Langhans\">Carl Gotthard Langhans<\/a>, arquitecto alem\u00e1n.<\/li>\n<li><a title=\"1745\" href=\"https:\/\/es.wikipedia.org\/wiki\/1745\">1745<\/a>: <a title=\"John Jay\" href=\"https:\/\/es.wikipedia.org\/wiki\/John_Jay\">John Jay<\/a>, pol\u00edtico y jurista estadounidense.<\/li>\n<li><a title=\"1779\" href=\"https:\/\/es.wikipedia.org\/wiki\/1779\">1779<\/a>: <a title=\"Magdalena Sof\u00eda Barat\" href=\"https:\/\/es.wikipedia.org\/wiki\/Magdalena_Sof%C3%ADa_Barat\">Magdalena Sof\u00eda Barat<\/a>, religiosa francesa.<\/li>\n<li><a title=\"1791\" href=\"https:\/\/es.wikipedia.org\/wiki\/1791\">1791<\/a>: <a title=\"Mar\u00eda Luisa de Austria\" href=\"https:\/\/es.wikipedia.org\/wiki\/Mar%C3%ADa_Luisa_de_Austria\">Mar\u00eda Luisa de Austria<\/a>, arist\u00f3crata austriaca, esposa de Napole\u00f3n\u00a0I.<\/li>\n<li><a title=\"1814\" href=\"https:\/\/es.wikipedia.org\/wiki\/1814\">1814<\/a>: <a title=\"Juan Prim\" href=\"https:\/\/es.wikipedia.org\/wiki\/Juan_Prim\">Juan Prim y Prats<\/a>, militar y pol\u00edtico espa\u00f1ol (f. 1870).<\/li>\n<li><a title=\"1820\" href=\"https:\/\/es.wikipedia.org\/wiki\/1820\">1820<\/a>: <a title=\"Carolina Coronado\" href=\"https:\/\/es.wikipedia.org\/wiki\/Carolina_Coronado\">Carolina Coronado<\/a>, poetisa espa\u00f1ola (f. 1911).<\/li>\n<li><a title=\"1821\" href=\"https:\/\/es.wikipedia.org\/wiki\/1821\">1821<\/a>: <a title=\"Gustave Flaubert\" href=\"https:\/\/es.wikipedia.org\/wiki\/Gustave_Flaubert\">Gustave Flaubert<\/a>, novelista franc\u00e9s (f. 1880).<\/li>\n<li><a title=\"1859\" href=\"https:\/\/es.wikipedia.org\/wiki\/1859\">1859<\/a>: <a title=\"Sinesio Delgado\" href=\"https:\/\/es.wikipedia.org\/wiki\/Sinesio_Delgado\">Sinesio Delgado<\/a>, escritor espa\u00f1ol.<\/li>\n<li><a title=\"1862\" href=\"https:\/\/es.wikipedia.org\/wiki\/1862\">1862<\/a>: <a title=\"J. Bruce Ismay\" href=\"https:\/\/es.wikipedia.org\/wiki\/J._Bruce_Ismay\">J. Bruce Ismay<\/a>, empresario brit\u00e1nico (f. 1937).<\/li>\n<li><a title=\"1863\" href=\"https:\/\/es.wikipedia.org\/wiki\/1863\">1863<\/a>: <a title=\"Edvard Munch\" href=\"https:\/\/es.wikipedia.org\/wiki\/Edvard_Munch\">Edvard Munch<\/a>, pintor noruego (f. 1944).<\/li>\n<li><a title=\"1866\" href=\"https:\/\/es.wikipedia.org\/wiki\/1866\">1866<\/a>: <a title=\"Alfred Werner\" href=\"https:\/\/es.wikipedia.org\/wiki\/Alfred_Werner\">Alfred Werner<\/a>, qu\u00edmico suizo, premio nobel de qu\u00edmica en 1913.<\/li>\n<li><a title=\"1875\" href=\"https:\/\/es.wikipedia.org\/wiki\/1875\">1875<\/a>: <a title=\"Gerd von Rundstedt\" href=\"https:\/\/es.wikipedia.org\/wiki\/Gerd_von_Rundstedt\">Gerd von Rundstedt<\/a>, militar alem\u00e1n.<\/li>\n<li><a title=\"1882\" href=\"https:\/\/es.wikipedia.org\/wiki\/1882\">1882<\/a>: <a title=\"Akiba Rubinstein\" href=\"https:\/\/es.wikipedia.org\/wiki\/Akiba_Rubinstein\">Akiba Rubinstein<\/a>, ajedrecista polaco.<\/li>\n<li><a title=\"1884\" href=\"https:\/\/es.wikipedia.org\/wiki\/1884\">1884<\/a>: <a title=\"Ernesto De Fiori\" href=\"https:\/\/es.wikipedia.org\/wiki\/Ernesto_De_Fiori\">Ernesto De Fiori<\/a>, escultor italiano (f. 1945).<\/li>\n<li><a title=\"1886\" href=\"https:\/\/es.wikipedia.org\/wiki\/1886\">1886<\/a>: <a class=\"mw-redirect\" title=\"Alfonso de Orleans\" href=\"https:\/\/es.wikipedia.org\/wiki\/Alfonso_de_Orleans\">Alfonso de Orleans<\/a>, arist\u00f3crata y aviador militar espa\u00f1ol.<\/li>\n<li><a title=\"1893\" href=\"https:\/\/es.wikipedia.org\/wiki\/1893\">1893<\/a>: <a title=\"Edward G. Robinson\" href=\"https:\/\/es.wikipedia.org\/wiki\/Edward_G._Robinson\">Edward G. Robinson<\/a>, actor estadounidense de origen rumano.<\/li>\n<li><a title=\"1897\" href=\"https:\/\/es.wikipedia.org\/wiki\/1897\">1897<\/a>: <a class=\"mw-redirect\" title=\"Magdalena Aulina Saurina\" href=\"https:\/\/es.wikipedia.org\/wiki\/Magdalena_Aulina_Saurina\">Magdalena Aulina<\/a>, religiosa espa\u00f1ola (f. 1956).<\/li>\n<li><a title=\"1898\" href=\"https:\/\/es.wikipedia.org\/wiki\/1898\">1898<\/a>: <a title=\"Humberto Zarrilli\" href=\"https:\/\/es.wikipedia.org\/wiki\/Humberto_Zarrilli\">Humberto Zarrilli<\/a>, poeta y pedagogo uruguayo (f. 1964).<\/li>\n<li><a title=\"1902\" href=\"https:\/\/es.wikipedia.org\/wiki\/1902\">1902<\/a>: <a class=\"mw-redirect\" title=\"Antonio Jos\u00e9 Mart\u00ednez Palacios\" href=\"https:\/\/es.wikipedia.org\/wiki\/Antonio_Jos%C3%A9_Mart%C3%ADnez_Palacios\">Antonio Jos\u00e9 Mart\u00ednez Palacios<\/a>, compositor espa\u00f1ol.<\/li>\n<li><a title=\"1903\" href=\"https:\/\/es.wikipedia.org\/wiki\/1903\">1903<\/a>: <a title=\"Yasujir\u014d Ozu\" href=\"https:\/\/es.wikipedia.org\/wiki\/Yasujir%C5%8D_Ozu\">Yasujir\u014d Ozu<\/a>, cineasta japon\u00e9s.<\/li>\n<li><a title=\"1904\" href=\"https:\/\/es.wikipedia.org\/wiki\/1904\">1904<\/a>: <a title=\"Johannes Iversen\" href=\"https:\/\/es.wikipedia.org\/wiki\/Johannes_Iversen\">Johannes Iversen<\/a>, bi\u00f3logo dan\u00e9s (f. 1972).<\/li>\n<li><a title=\"1906\" href=\"https:\/\/es.wikipedia.org\/wiki\/1906\">1906<\/a>: <a title=\"Ludwig Suthaus\" href=\"https:\/\/es.wikipedia.org\/wiki\/Ludwig_Suthaus\">Ludwig Suthaus<\/a>, tenor alem\u00e1n (f. 1971).<\/li>\n<li>1906: <a title=\"Pamela Wedekind\" href=\"https:\/\/es.wikipedia.org\/wiki\/Pamela_Wedekind\">Pamela Wedekind<\/a>, actriz, cantante y traductora alemana (f. 1986).<\/li>\n<li><a title=\"1908\" href=\"https:\/\/es.wikipedia.org\/wiki\/1908\">1908<\/a>: <a title=\"Luis Escobar Kirkpatrick\" href=\"https:\/\/es.wikipedia.org\/wiki\/Luis_Escobar_Kirkpatrick\">Luis Escobar<\/a>, actor y director espa\u00f1ol (f. 1991).<\/li>\n<li><a title=\"1909\" href=\"https:\/\/es.wikipedia.org\/wiki\/1909\">1909<\/a>: <a title=\"Karen Morley\" href=\"https:\/\/es.wikipedia.org\/wiki\/Karen_Morley\">Karen Morley<\/a>, actriz estadounidense.<\/li>\n<li><a title=\"1912\" href=\"https:\/\/es.wikipedia.org\/wiki\/1912\">1912<\/a>: <a title=\"Camilo Da Passano\" href=\"https:\/\/es.wikipedia.org\/wiki\/Camilo_Da_Passano\">Camilo Da Passano<\/a>, actor argentino (f. 1983).<\/li>\n<li><a title=\"1914\" href=\"https:\/\/es.wikipedia.org\/wiki\/1914\">1914<\/a>: <a title=\"Patrick O'Brian\" href=\"https:\/\/es.wikipedia.org\/wiki\/Patrick_O%27Brian\">Patrick O&#8217;Brian<\/a>, novelista y traductor brit\u00e1nico.<\/li>\n<li><a title=\"1915\" href=\"https:\/\/es.wikipedia.org\/wiki\/1915\">1915<\/a>: <a title=\"Frank Sinatra\" href=\"https:\/\/es.wikipedia.org\/wiki\/Frank_Sinatra\">Frank Sinatra<\/a>, cantante y actor estadounidense (f. 1998).<\/li>\n<li>1915: <a title=\"Carlos Humberto Perette\" href=\"https:\/\/es.wikipedia.org\/wiki\/Carlos_Humberto_Perette\">Carlos Humberto Perette<\/a>, pol\u00edtico argentino (f. 1992).<\/li>\n<li><a title=\"1916\" href=\"https:\/\/es.wikipedia.org\/wiki\/1916\">1916<\/a>: <a class=\"mw-redirect\" title=\"Damian Y\u00e1\u00f1ez Neira\" href=\"https:\/\/es.wikipedia.org\/wiki\/Damian_Y%C3%A1%C3%B1ez_Neira\">Damian Y\u00e1\u00f1ez Neira<\/a>, escritor religioso espa\u00f1ol (f. 2015).<\/li>\n<li><a title=\"1918\" href=\"https:\/\/es.wikipedia.org\/wiki\/1918\">1918<\/a>: <a title=\"Oleg Gazenko\" href=\"https:\/\/es.wikipedia.org\/wiki\/Oleg_Gazenko\">Oleg Gazenko<\/a>, cient\u00edfico ruso (f. 2007).<\/li>\n<li>1918: <a title=\"Stephen Pace\" href=\"https:\/\/es.wikipedia.org\/wiki\/Stephen_Pace\">Stephen Pace<\/a>, pintor estadounidense (f. 2010).<\/li>\n<li>1918: <a title=\"Joe Williams\" href=\"https:\/\/es.wikipedia.org\/wiki\/Joe_Williams\">Joe Williams<\/a>, cantante estadounidense.<\/li>\n<li><a title=\"1919\" href=\"https:\/\/es.wikipedia.org\/wiki\/1919\">1919<\/a>: <a title=\"Fritz Muliar\" href=\"https:\/\/es.wikipedia.org\/wiki\/Fritz_Muliar\">Fritz Muliar<\/a>, actor austriaco.<\/li>\n<li><a title=\"1920\" href=\"https:\/\/es.wikipedia.org\/wiki\/1920\">1920<\/a>: <a title=\"Heleno de Freitas\" href=\"https:\/\/es.wikipedia.org\/wiki\/Heleno_de_Freitas\">Heleno de Freitas<\/a>, futbolista brasile\u00f1o (f. 1959).<\/li>\n<li><a title=\"1923\" href=\"https:\/\/es.wikipedia.org\/wiki\/1923\">1923<\/a>: <a title=\"Bob Barker\" href=\"https:\/\/es.wikipedia.org\/wiki\/Bob_Barker\">Bob Barker<\/a>, presentador de televisi\u00f3n estadounidense.<\/li>\n<li><a title=\"1924\" href=\"https:\/\/es.wikipedia.org\/wiki\/1924\">1924<\/a>: <a title=\"Ed Koch\" href=\"https:\/\/es.wikipedia.org\/wiki\/Ed_Koch\">Ed Koch<\/a>, pol\u00edtico estadounidense, alcalde de Nueva York (f. 2013).<\/li>\n<li><a title=\"1925\" href=\"https:\/\/es.wikipedia.org\/wiki\/1925\">1925<\/a>: <a class=\"mw-redirect\" title=\"Ahmad Shamlou\" href=\"https:\/\/es.wikipedia.org\/wiki\/Ahmad_Shamlou\">Ahmad Shamlou<\/a>, poeta iran\u00ed.<\/li>\n<li>1927: <a title=\"Robert Noyce\" href=\"https:\/\/es.wikipedia.org\/wiki\/Robert_Noyce\">Robert Noyce<\/a>, inventor estadounidense.<\/li>\n<li><a title=\"1928\" href=\"https:\/\/es.wikipedia.org\/wiki\/1928\">1928<\/a>: <a title=\"Helen Frankenthaler\" href=\"https:\/\/es.wikipedia.org\/wiki\/Helen_Frankenthaler\">Helen Frankenthaler<\/a>, pintora estadounidense (f. 2011).<\/li>\n<li>1928: <a title=\"Eutiquio Leal\" href=\"https:\/\/es.wikipedia.org\/wiki\/Eutiquio_Leal\">Eutiquio Leal<\/a>, escritor colombiano (f. 1997).<\/li>\n<li>1928: <a class=\"mw-redirect\" title=\"Marcos Ribak\" href=\"https:\/\/es.wikipedia.org\/wiki\/Marcos_Ribak\">Andr\u00e9s Rivera<\/a>, escritor y periodista argentino.<\/li>\n<li><a title=\"1929\" href=\"https:\/\/es.wikipedia.org\/wiki\/1929\">1929<\/a>: <a title=\"Toshiko Akiyoshi\" href=\"https:\/\/es.wikipedia.org\/wiki\/Toshiko_Akiyoshi\">Toshiko Akiyoshi<\/a>, compositora japonesa.<\/li>\n<li>1929: <a title=\"Antunes Filho\" href=\"https:\/\/es.wikipedia.org\/wiki\/Antunes_Filho\">Antunes Filho<\/a>, director de teatro brasile\u00f1o.<\/li>\n<li>1929: <a title=\"John Osborne\" href=\"https:\/\/es.wikipedia.org\/wiki\/John_Osborne\">John Osborne<\/a>, dramaturgo y actor brit\u00e1nico.<\/li>\n<li><a title=\"1932\" href=\"https:\/\/es.wikipedia.org\/wiki\/1932\">1932<\/a>: <a title=\"Mart\u00edn Adjemi\u00e1n\" href=\"https:\/\/es.wikipedia.org\/wiki\/Mart%C3%ADn_Adjemi%C3%A1n\">Mart\u00edn Adjemi\u00e1n<\/a>, actor argentino (f. 2005).<\/li>\n<li>1932: <a title=\"Bob Pettit\" href=\"https:\/\/es.wikipedia.org\/wiki\/Bob_Pettit\">Bob Pettit<\/a>, baloncestista estadounidense.<\/li>\n<li><a title=\"1933\" href=\"https:\/\/es.wikipedia.org\/wiki\/1933\">1933<\/a>: <a title=\"Jorge Olavarr\u00eda\" href=\"https:\/\/es.wikipedia.org\/wiki\/Jorge_Olavarr%C3%ADa\">Jorge Olavarr\u00eda<\/a>, pol\u00edtico, historiador y periodista venezolano (f. 2005).<\/li>\n<li><a title=\"1934\" href=\"https:\/\/es.wikipedia.org\/wiki\/1934\">1934<\/a>: <a title=\"Miguel de la Madrid\" href=\"https:\/\/es.wikipedia.org\/wiki\/Miguel_de_la_Madrid\">Miguel de la Madrid<\/a>, presidente mexicano entre 1982 y 1988 (f. 2012).<\/li>\n<li>1934: <a title=\"Ram\u00f3n Marsal\" href=\"https:\/\/es.wikipedia.org\/wiki\/Ram%C3%B3n_Marsal\">Ram\u00f3n Marsal<\/a>, futbolista espa\u00f1ol.<\/li>\n<li><a title=\"1938\" href=\"https:\/\/es.wikipedia.org\/wiki\/1938\">1938<\/a>: <a title=\"Connie Francis\" href=\"https:\/\/es.wikipedia.org\/wiki\/Connie_Francis\">Connie Francis<\/a>, cantante estadounidense.<\/li>\n<li><a title=\"1940\" href=\"https:\/\/es.wikipedia.org\/wiki\/1940\">1940<\/a>: <a title=\"Dionne Warwick\" href=\"https:\/\/es.wikipedia.org\/wiki\/Dionne_Warwick\">Dionne Warwick<\/a>, cantante estadounidense de soul y pop.<\/li>\n<li>1940: <a title=\"Jos\u00e9 G. Moreno de Alba\" href=\"https:\/\/es.wikipedia.org\/wiki\/Jos%C3%A9_G._Moreno_de_Alba\">Jos\u00e9 G. Moreno de Alba<\/a>, ling\u00fcista espa\u00f1ol.<\/li>\n<li><a title=\"1942\" href=\"https:\/\/es.wikipedia.org\/wiki\/1942\">1942<\/a>: <a title=\"Miguel Ramos Vargas\" href=\"https:\/\/es.wikipedia.org\/wiki\/Miguel_Ramos_Vargas\">Migueli<\/a>, futbolista espa\u00f1ol (f. 2002).<\/li>\n<li><a title=\"1943\" href=\"https:\/\/es.wikipedia.org\/wiki\/1943\">1943<\/a>: <a class=\"mw-redirect\" title=\"Allman Brothers Band\" href=\"https:\/\/es.wikipedia.org\/wiki\/Allman_Brothers_Band\">Dickey Betts<\/a>, m\u00fasico estadounidense, de la banda Allman Brothers Band.<\/li>\n<li><a title=\"1944\" href=\"https:\/\/es.wikipedia.org\/wiki\/1944\">1944<\/a>: <a title=\"Diana Bracho\" href=\"https:\/\/es.wikipedia.org\/wiki\/Diana_Bracho\">Diana Bracho<\/a>, actriz mexicana.<\/li>\n<li>1944: <a title=\"Rob Tyner\" href=\"https:\/\/es.wikipedia.org\/wiki\/Rob_Tyner\">Rob Tyner<\/a>, cantante y m\u00fasico estadounidense, de la banda MC5.<\/li>\n<li><a title=\"1945\" href=\"https:\/\/es.wikipedia.org\/wiki\/1945\">1945<\/a>: <a title=\"Portia Simpson-Miller\" href=\"https:\/\/es.wikipedia.org\/wiki\/Portia_Simpson-Miller\">Portia Simpson-Miller<\/a>, pol\u00edtica jamaiquina, primera ministra de Jamaica.<\/li>\n<li><a title=\"1946\" href=\"https:\/\/es.wikipedia.org\/wiki\/1946\">1946<\/a>: <a title=\"Emerson Fittipaldi\" href=\"https:\/\/es.wikipedia.org\/wiki\/Emerson_Fittipaldi\">Emerson Fittipaldi<\/a>, piloto de automovilismo brasile\u00f1o.<\/li>\n<li><a title=\"1948\" href=\"https:\/\/es.wikipedia.org\/wiki\/1948\">1948<\/a>: <a title=\"Francisco Michavila\" href=\"https:\/\/es.wikipedia.org\/wiki\/Francisco_Michavila\">Francisco Michavila<\/a>, rector universitario espa\u00f1ol.<\/li>\n<li>1948: <a title=\"Juan Pel\u00e1ez (actor)\" href=\"https:\/\/es.wikipedia.org\/wiki\/Juan_Pel%C3%A1ez_(actor)\">Juan Pel\u00e1ez<\/a>, actor mexicano (f. 2013).<\/li>\n<li>1948: <a title=\"Tom Wilkinson\" href=\"https:\/\/es.wikipedia.org\/wiki\/Tom_Wilkinson\">Tom Wilkinson<\/a>, actor brit\u00e1nico.<\/li>\n<li><a title=\"1949\" href=\"https:\/\/es.wikipedia.org\/wiki\/1949\">1949<\/a>: <a title=\"Bill Nighy\" href=\"https:\/\/es.wikipedia.org\/wiki\/Bill_Nighy\">Bill Nighy<\/a>, actor brit\u00e1nico.<\/li>\n<li><a title=\"1950\" href=\"https:\/\/es.wikipedia.org\/wiki\/1950\">1950<\/a>: <a title=\"Eric Maskin\" href=\"https:\/\/es.wikipedia.org\/wiki\/Eric_Maskin\">Eric Maskin<\/a>, economista estadounidense, premio nobel de econom\u00eda en 2007.<\/li>\n<li><a title=\"1952\" href=\"https:\/\/es.wikipedia.org\/wiki\/1952\">1952<\/a>: <a title=\"Manuel Rosales\" href=\"https:\/\/es.wikipedia.org\/wiki\/Manuel_Rosales\">Manuel Rosales<\/a>, pol\u00edtico venezolano.<\/li>\n<li><a title=\"1953\" href=\"https:\/\/es.wikipedia.org\/wiki\/1953\">1953<\/a>: <a title=\"Bruce Kulick\" href=\"https:\/\/es.wikipedia.org\/wiki\/Bruce_Kulick\">Bruce Kulick<\/a>, guitarrista estadounidense, de la banda Kiss.<\/li>\n<li><a title=\"1955\" href=\"https:\/\/es.wikipedia.org\/wiki\/1955\">1955<\/a>: <a class=\"mw-redirect\" title=\"Azuzena Mart\u00edn-Dorado Calvo\" href=\"https:\/\/es.wikipedia.org\/wiki\/Azuzena_Mart%C3%ADn-Dorado_Calvo\">Azuzena Mart\u00edn-Dorado Calvo<\/a>, cantante espa\u00f1ola.<\/li>\n<li><a title=\"1956\" href=\"https:\/\/es.wikipedia.org\/wiki\/1956\">1956<\/a>: <a class=\"mw-redirect\" title=\"Johan Van der Velde\" href=\"https:\/\/es.wikipedia.org\/wiki\/Johan_Van_der_Velde\">Johan Van der Velde<\/a>, ciclista neerland\u00e9s.<\/li>\n<li>1956: <a title=\"Luis Xavier\" href=\"https:\/\/es.wikipedia.org\/wiki\/Luis_Xavier\">Luis Xavier<\/a>, actor mexicano.<\/li>\n<li><a title=\"1958\" href=\"https:\/\/es.wikipedia.org\/wiki\/1958\">1958<\/a>: <a title=\"Sheree J. Wilson\" href=\"https:\/\/es.wikipedia.org\/wiki\/Sheree_J._Wilson\">Sheree J. Wilson<\/a>, actriz estadounidense.<\/li>\n<li><a title=\"1960\" href=\"https:\/\/es.wikipedia.org\/wiki\/1960\">1960<\/a>: <a title=\"Manuel Bandera\" href=\"https:\/\/es.wikipedia.org\/wiki\/Manuel_Bandera\">Manuel Bandera<\/a>, actor espa\u00f1ol.<\/li>\n<li>1960: <a title=\"Gabriel Corrado\" href=\"https:\/\/es.wikipedia.org\/wiki\/Gabriel_Corrado\">Gabriel Corrado<\/a>, actor argentino.<\/li>\n<li>1960: <a title=\"Lydia Lozano\" href=\"https:\/\/es.wikipedia.org\/wiki\/Lydia_Lozano\">Lydia Lozano<\/a>, periodista espa\u00f1ola.<\/li>\n<li><a title=\"1961\" href=\"https:\/\/es.wikipedia.org\/wiki\/1961\">1961<\/a>: <a class=\"mw-redirect\" title=\"Sergio Dioguardi\" href=\"https:\/\/es.wikipedia.org\/wiki\/Sergio_Dioguardi\"><i>Pasta<\/i> Dioguardi<\/a>, actor argentino.<\/li>\n<li>1961: <a title=\"Alberto Fern\u00e1ndez D\u00edaz\" href=\"https:\/\/es.wikipedia.org\/wiki\/Alberto_Fern%C3%A1ndez_D%C3%ADaz\">Alberto Fern\u00e1ndez D\u00edaz<\/a>, abogado y pol\u00edtico espa\u00f1ol, presidente del PPC en el ayuntamiento de Barcelona.<\/li>\n<li><a title=\"1962\" href=\"https:\/\/es.wikipedia.org\/wiki\/1962\">1962<\/a>: <a title=\"Tracy Austin\" href=\"https:\/\/es.wikipedia.org\/wiki\/Tracy_Austin\">Tracy Austin<\/a>, tenista estadounidense.<\/li>\n<li><a title=\"1963\" href=\"https:\/\/es.wikipedia.org\/wiki\/1963\">1963<\/a>: <a title=\"Tomoyuki Shimura\" href=\"https:\/\/es.wikipedia.org\/wiki\/Tomoyuki_Shimura\">Tomoyuki Shimura<\/a>, actor de voz japon\u00e9s.<\/li>\n<li><a title=\"1964\" href=\"https:\/\/es.wikipedia.org\/wiki\/1964\">1964<\/a>: <a class=\"mw-redirect\" title=\"Terry Brunk\" href=\"https:\/\/es.wikipedia.org\/wiki\/Terry_Brunk\">Terry Brunk<\/a>, luchador profesional estadounidense.<\/li>\n<li><a title=\"1965\" href=\"https:\/\/es.wikipedia.org\/wiki\/1965\">1965<\/a>: <a title=\"Jos\u00e9 Corbacho\" href=\"https:\/\/es.wikipedia.org\/wiki\/Jos%C3%A9_Corbacho\">Jos\u00e9 Corbacho<\/a>, actor espa\u00f1ol.<\/li>\n<li><a title=\"1966\" href=\"https:\/\/es.wikipedia.org\/wiki\/1966\">1966<\/a>: <a title=\"Royce Gracie\" href=\"https:\/\/es.wikipedia.org\/wiki\/Royce_Gracie\">Royce Gracie<\/a>, luchador brasile\u00f1o de artes marciales mixtas.<\/li>\n<li>1966: <a title=\"Pops Fern\u00e1ndez\" href=\"https:\/\/es.wikipedia.org\/wiki\/Pops_Fern%C3%A1ndez\">Pops Fern\u00e1ndez<\/a>, actriz, cantante y compositora filipina.<\/li>\n<li><a title=\"1968\" href=\"https:\/\/es.wikipedia.org\/wiki\/1968\">1968<\/a>: <a title=\"Federica Pais\" href=\"https:\/\/es.wikipedia.org\/wiki\/Federica_Pais\">Federica Pais<\/a>, conductora de televisi\u00f3n argentina.<\/li>\n<li><a title=\"1968\" href=\"https:\/\/es.wikipedia.org\/wiki\/1968\">1968<\/a>: <a title=\"Tatiana\" href=\"https:\/\/es.wikipedia.org\/wiki\/Tatiana\">Tatiana<\/a>, cantante y conductora de televisi\u00f3n mexicana.<\/li>\n<li><a title=\"1970\" href=\"https:\/\/es.wikipedia.org\/wiki\/1970\">1970<\/a>: <a title=\"M\u00e4dchen Amick\" href=\"https:\/\/es.wikipedia.org\/wiki\/M%C3%A4dchen_Amick\">M\u00e4dchen Amick<\/a>, actriz estadounidense.<\/li>\n<li>1970: <a title=\"Marisa Brel\" href=\"https:\/\/es.wikipedia.org\/wiki\/Marisa_Brel\">Marisa Brel<\/a>, periodista, escritora y conductora de televisi\u00f3n argentina.<\/li>\n<li>1970: <a title=\"Jennifer Connelly\" href=\"https:\/\/es.wikipedia.org\/wiki\/Jennifer_Connelly\">Jennifer Connelly<\/a>, actriz estadounidense.<\/li>\n<li>1970: <a title=\"Regina Hall\" href=\"https:\/\/es.wikipedia.org\/wiki\/Regina_Hall\">Regina Hall<\/a>, actriz estadounidense.<\/li>\n<li>1970: <a title=\"Wilson Kipketer\" href=\"https:\/\/es.wikipedia.org\/wiki\/Wilson_Kipketer\">Wilson Kipketer<\/a>, atleta keniano-dan\u00e9s.<\/li>\n<li><a title=\"1972\" href=\"https:\/\/es.wikipedia.org\/wiki\/1972\">1972<\/a>: <a title=\"Hank Williams III\" href=\"https:\/\/es.wikipedia.org\/wiki\/Hank_Williams_III\">Hank Williams III<\/a>, m\u00fasico estadounidense.<\/li>\n<li><a title=\"1973\" href=\"https:\/\/es.wikipedia.org\/wiki\/1973\">1973<\/a>: <a title=\"William Hutton\" href=\"https:\/\/es.wikipedia.org\/wiki\/William_Hutton\">William Hutton<\/a>, ge\u00f3logo y paleont\u00f3logo brit\u00e1nico.<\/li>\n<li><a title=\"1974\" href=\"https:\/\/es.wikipedia.org\/wiki\/1974\">1974<\/a>: <a title=\"Nolberto Solano\" href=\"https:\/\/es.wikipedia.org\/wiki\/Nolberto_Solano\">Nolberto Solano<\/a>, futbolista peruano.<\/li>\n<li><a title=\"1975\" href=\"https:\/\/es.wikipedia.org\/wiki\/1975\">1975<\/a>: <a title=\"Craig Moore\" href=\"https:\/\/es.wikipedia.org\/wiki\/Craig_Moore\">Craig Moore<\/a>, futbolista australiano.<\/li>\n<li>1975: <a title=\"Mayim Bialik\" href=\"https:\/\/es.wikipedia.org\/wiki\/Mayim_Bialik\">Mayim Bialik<\/a>, actriz estadounidense.<\/li>\n<li><a title=\"1976\" href=\"https:\/\/es.wikipedia.org\/wiki\/1976\">1976<\/a>: <a title=\"Dan Hawkins\" href=\"https:\/\/es.wikipedia.org\/wiki\/Dan_Hawkins\">Dan Hawkins<\/a>, guitarrista brit\u00e1nico, de la banda The Darkness.<\/li>\n<li>1976: <a title=\"Fernando Mon\" href=\"https:\/\/es.wikipedia.org\/wiki\/Fernando_Mon\">Fernando Mon<\/a>, guitarrista espa\u00f1ol, de las bandas Warcry y Sauze.<\/li>\n<li><a title=\"1977\" href=\"https:\/\/es.wikipedia.org\/wiki\/1977\">1977<\/a>: <a title=\"Erica, Nicole y Jaclyn Dahm\" href=\"https:\/\/es.wikipedia.org\/wiki\/Erica,_Nicole_y_Jaclyn_Dahm\">Erica, Nicole y Jaclyn Dahm<\/a>, modelos estadounidenses.<\/li>\n<li>1977: <a title=\"Diana Palaz\u00f3n\" href=\"https:\/\/es.wikipedia.org\/wiki\/Diana_Palaz%C3%B3n\">Diana Palaz\u00f3n<\/a>, actriz espa\u00f1ola.<\/li>\n<li>1977: <a title=\"Tom\u00e1s Yankelevich\" href=\"https:\/\/es.wikipedia.org\/wiki\/Tom%C3%A1s_Yankelevich\">Tom\u00e1s Yankelevich<\/a>, director y productor de televisi\u00f3n argentino.<\/li>\n<li><a title=\"1982\" href=\"https:\/\/es.wikipedia.org\/wiki\/1982\">1982<\/a>: <a title=\"Ervin Santana\" href=\"https:\/\/es.wikipedia.org\/wiki\/Ervin_Santana\">Ervin Santana<\/a>, beisbolista dominicano.<\/li>\n<li>1982: <a title=\"Dmitri Turs\u00fanov\" href=\"https:\/\/es.wikipedia.org\/wiki\/Dmitri_Turs%C3%BAnov\">Dmitri Turs\u00fanov<\/a>, tenista ruso.<\/li>\n<li><a title=\"1984\" href=\"https:\/\/es.wikipedia.org\/wiki\/1984\">1984<\/a>: <a title=\"Daniel Agger\" href=\"https:\/\/es.wikipedia.org\/wiki\/Daniel_Agger\">Daniel Agger<\/a>, futbolista dan\u00e9s.<\/li>\n<li><a title=\"1986\" href=\"https:\/\/es.wikipedia.org\/wiki\/1986\">1986<\/a>: <a title=\"Reykon\" href=\"https:\/\/es.wikipedia.org\/wiki\/Reykon\">Reykon<\/a>, cantante colombiano de reguet\u00f3n.<\/li>\n<li><a title=\"1990\" href=\"https:\/\/es.wikipedia.org\/wiki\/1990\">1990<\/a>: <a title=\"Victor Moses\" href=\"https:\/\/es.wikipedia.org\/wiki\/Victor_Moses\">Victor Moses<\/a>, futbolista nigeriano.<\/li>\n<li>1990: <a title=\"Wilson Way\" href=\"https:\/\/es.wikipedia.org\/wiki\/Wilson_Way\">Wilson Way<\/a>, cantante colombiano de rap, reguet\u00f3n y r&amp;b<\/li>\n<li><a title=\"1991\" href=\"https:\/\/es.wikipedia.org\/wiki\/1991\">1991<\/a>: <a title=\"Daniel Magder\" href=\"https:\/\/es.wikipedia.org\/wiki\/Daniel_Magder\">Daniel Magder<\/a>, actor canadiense.<\/li>\n<\/ul>\n<h2 style=\"text-align: justify;\"><span id=\"Fallecimientos\" class=\"mw-headline\">Fallecimientos<\/span><\/h2>\n<ul style=\"text-align: justify;\">\n<li><a title=\"884\" href=\"https:\/\/es.wikipedia.org\/wiki\/884\">884<\/a>: <a title=\"Carlom\u00e1n II de Francia\" href=\"https:\/\/es.wikipedia.org\/wiki\/Carlom%C3%A1n_II_de_Francia\">Carlom\u00e1n II<\/a>, rey franc\u00e9s.<\/li>\n<li><a title=\"894\" href=\"https:\/\/es.wikipedia.org\/wiki\/894\">894<\/a>: <a title=\"Guido de Spoleto\" href=\"https:\/\/es.wikipedia.org\/wiki\/Guido_de_Spoleto\">Guido de Spoleto<\/a>, rey italiano (entre 889 y 894) y emperador carolingio (entre 891 y 894).<\/li>\n<li><a title=\"1213\" href=\"https:\/\/es.wikipedia.org\/wiki\/1213\">1213<\/a>: <a class=\"mw-redirect\" title=\"San Juan de Mata\" href=\"https:\/\/es.wikipedia.org\/wiki\/San_Juan_de_Mata\">San Juan de Mata<\/a>, sacerdote franc\u00e9s.<\/li>\n<li><a title=\"1574\" href=\"https:\/\/es.wikipedia.org\/wiki\/1574\">1574<\/a>: <a title=\"Selim II\" href=\"https:\/\/es.wikipedia.org\/wiki\/Selim_II\">Selim II<\/a>, sult\u00e1n otomano.<\/li>\n<li><a title=\"1600\" href=\"https:\/\/es.wikipedia.org\/wiki\/1600\">1600<\/a>: <a title=\"Luis de Molina\" href=\"https:\/\/es.wikipedia.org\/wiki\/Luis_de_Molina\">Luis de Molina<\/a>, te\u00f3logo jesuita.<\/li>\n<li><a title=\"1603\" href=\"https:\/\/es.wikipedia.org\/wiki\/1603\">1603<\/a>: <a class=\"new\" title=\"Alejandro de Aguiar (a\u00fan no redactado)\" href=\"https:\/\/es.wikipedia.org\/w\/index.php?title=Alejandro_de_Aguiar&amp;action=edit&amp;redlink=1\">Alejandro de Aguiar<\/a>, m\u00fasico, cantante de c\u00e1mara y poeta espa\u00f1ol en la corte de Felipe II.<\/li>\n<li><a title=\"1766\" href=\"https:\/\/es.wikipedia.org\/wiki\/1766\">1766<\/a>: <a title=\"Johann Christoph Gottsched\" href=\"https:\/\/es.wikipedia.org\/wiki\/Johann_Christoph_Gottsched\">Johann Christoph Gottsched<\/a>, escritor alem\u00e1n.<\/li>\n<li><a title=\"1777\" href=\"https:\/\/es.wikipedia.org\/wiki\/1777\">1777<\/a>: <a title=\"Albrecht von Haller\" href=\"https:\/\/es.wikipedia.org\/wiki\/Albrecht_von_Haller\">Albrecht von Haller<\/a> m\u00e9dico, anatomista, poeta y naturista suizo.<\/li>\n<li><a title=\"1877\" href=\"https:\/\/es.wikipedia.org\/wiki\/1877\">1877<\/a>: <a title=\"Jos\u00e9 de Alencar\" href=\"https:\/\/es.wikipedia.org\/wiki\/Jos%C3%A9_de_Alencar\">Jos\u00e9 de Alencar<\/a>, escritor, periodista y pol\u00edtico brasile\u00f1o (n. 1829).<\/li>\n<li><a title=\"1859\" href=\"https:\/\/es.wikipedia.org\/wiki\/1859\">1859<\/a>: <a title=\"Robert Stephenson\" href=\"https:\/\/es.wikipedia.org\/wiki\/Robert_Stephenson\">Robert Stephenson<\/a>, ingeniero brit\u00e1nico.<\/li>\n<li><a title=\"1897\" href=\"https:\/\/es.wikipedia.org\/wiki\/1897\">1897<\/a>: <a title=\"John Sparrow David Thompson\" href=\"https:\/\/es.wikipedia.org\/wiki\/John_Sparrow_David_Thompson\">John Sparrow David Thompson<\/a>, pol\u00edtico y primer ministro canadiense (n. 1845).<\/li>\n<li><a title=\"1921\" href=\"https:\/\/es.wikipedia.org\/wiki\/1921\">1921<\/a>: <a title=\"Henrietta Swan Leavitt\" href=\"https:\/\/es.wikipedia.org\/wiki\/Henrietta_Swan_Leavitt\">Henrietta Swan Leavitt<\/a>, astr\u00f3noma estadounidense.<\/li>\n<li><a title=\"1937\" href=\"https:\/\/es.wikipedia.org\/wiki\/1937\">1937<\/a>: <a title=\"Alfred Abel\" href=\"https:\/\/es.wikipedia.org\/wiki\/Alfred_Abel\">Alfred Abel<\/a>, actor alem\u00e1n (n. 1879).<\/li>\n<li><a title=\"1939\" href=\"https:\/\/es.wikipedia.org\/wiki\/1939\">1939<\/a>: <a title=\"Douglas Fairbanks\" href=\"https:\/\/es.wikipedia.org\/wiki\/Douglas_Fairbanks\">Douglas Fairbanks<\/a>, actor estadounidense.<\/li>\n<li><a title=\"1942\" href=\"https:\/\/es.wikipedia.org\/wiki\/1942\">1942<\/a>: <a title=\"Amparo L\u00f3pez Jean\" href=\"https:\/\/es.wikipedia.org\/wiki\/Amparo_L%C3%B3pez_Jean\">Amparo L\u00f3pez Jean<\/a>, galleguista y sufragista espa\u00f1ola (n. 1885).<\/li>\n<li><a title=\"1951\" href=\"https:\/\/es.wikipedia.org\/wiki\/1951\">1951<\/a>: <a title=\"Mildred Bailey\" href=\"https:\/\/es.wikipedia.org\/wiki\/Mildred_Bailey\">Mildred Bailey<\/a>, cantante estadounidense de jazz.<\/li>\n<li><a title=\"1957\" href=\"https:\/\/es.wikipedia.org\/wiki\/1957\">1957<\/a>: <a title=\"Robert Kurka\" href=\"https:\/\/es.wikipedia.org\/wiki\/Robert_Kurka\">Robert Kurka<\/a>, compositor estadounidense (f. 1957).<\/li>\n<li><a title=\"1958\" href=\"https:\/\/es.wikipedia.org\/wiki\/1958\">1958<\/a>: <a title=\"Slobodan Jovanovi\u0107\" href=\"https:\/\/es.wikipedia.org\/wiki\/Slobodan_Jovanovi%C4%87\">Slobodan Iovanovich<\/a>, pol\u00edtico yugoslavo (n. 1869).<\/li>\n<li><a title=\"1963\" href=\"https:\/\/es.wikipedia.org\/wiki\/1963\">1963<\/a>: <a title=\"Theodor Heuss\" href=\"https:\/\/es.wikipedia.org\/wiki\/Theodor_Heuss\">Theodor Heuss<\/a>, pol\u00edtico alem\u00e1n.<\/li>\n<li>1963: <a title=\"Yasujir\u014d Ozu\" href=\"https:\/\/es.wikipedia.org\/wiki\/Yasujir%C5%8D_Ozu\">Yasujir\u014d Ozu<\/a>, cineasta japon\u00e9s.<\/li>\n<li><a title=\"1967\" href=\"https:\/\/es.wikipedia.org\/wiki\/1967\">1967<\/a>: <a class=\"mw-redirect\" title=\"Dion\u00eds Benn\u00e0ssar Mulet\" href=\"https:\/\/es.wikipedia.org\/wiki\/Dion%C3%ADs_Benn%C3%A0ssar_Mulet\">Dion\u00eds Benn\u00e0ssar<\/a>, pintor mallorqu\u00ed (n. 1904).<\/li>\n<li><a title=\"1968\" href=\"https:\/\/es.wikipedia.org\/wiki\/1968\">1968<\/a>: <a title=\"Tallulah Bankhead\" href=\"https:\/\/es.wikipedia.org\/wiki\/Tallulah_Bankhead\">Tallulah Bankhead<\/a>, actriz estadounidense.<\/li>\n<li><a title=\"1973\" href=\"https:\/\/es.wikipedia.org\/wiki\/1973\">1973<\/a>: <a title=\"Atilio Garc\u00eda\" href=\"https:\/\/es.wikipedia.org\/wiki\/Atilio_Garc%C3%ADa\">Atilio Garc\u00eda<\/a>, futbolista uruguayo (n. 1914).<\/li>\n<li><a title=\"1976\" href=\"https:\/\/es.wikipedia.org\/wiki\/1976\">1976<\/a>: <a title=\"Jack Cassidy\" href=\"https:\/\/es.wikipedia.org\/wiki\/Jack_Cassidy\">Jack Cassidy<\/a>, actor estadounidense.<\/li>\n<li>1976: <a title=\"Francesco Merli\" href=\"https:\/\/es.wikipedia.org\/wiki\/Francesco_Merli\">Francesco Merli<\/a>, tenor italiano (n. 1887).<\/li>\n<li><a title=\"1978\" href=\"https:\/\/es.wikipedia.org\/wiki\/1978\">1978<\/a>: <a title=\"Fay Compton\" href=\"https:\/\/es.wikipedia.org\/wiki\/Fay_Compton\">Fay Compton<\/a>, actriz brit\u00e1nica (n. 1894).<\/li>\n<li><a title=\"1983\" href=\"https:\/\/es.wikipedia.org\/wiki\/1983\">1983<\/a>: <a title=\"Alfonso Grosso S\u00e1nchez\" href=\"https:\/\/es.wikipedia.org\/wiki\/Alfonso_Grosso_S%C3%A1nchez\">Alfonso Grosso S\u00e1nchez<\/a>, pintor espa\u00f1ol (n. 1893).<\/li>\n<li><a title=\"1985\" href=\"https:\/\/es.wikipedia.org\/wiki\/1985\">1985<\/a>: <a title=\"Ian Stewart\" href=\"https:\/\/es.wikipedia.org\/wiki\/Ian_Stewart\">Ian Stewart<\/a>, tecladista brit\u00e1nico, de la banda The Rolling Stones.<\/li>\n<li><a title=\"1989\" href=\"https:\/\/es.wikipedia.org\/wiki\/1989\">1989<\/a>: <a title=\"Carlos Barral\" href=\"https:\/\/es.wikipedia.org\/wiki\/Carlos_Barral\">Carlos Barral<\/a>, poeta, editor y pol\u00edtico espa\u00f1ol.<\/li>\n<li>1989: <a class=\"mw-redirect\" title=\"Enrique Omar Sobisch\" href=\"https:\/\/es.wikipedia.org\/wiki\/Enrique_Omar_Sobisch\">Enrique Sobisch<\/a> (59), pintor y dibujante argentino (n. 1929).<\/li>\n<li><a title=\"1990\" href=\"https:\/\/es.wikipedia.org\/wiki\/1990\">1990<\/a>: <a title=\"Concha Piquer\" href=\"https:\/\/es.wikipedia.org\/wiki\/Concha_Piquer\">Concha Piquer<\/a>, cantante espa\u00f1ola (n. 1906).<\/li>\n<li><a title=\"1993\" href=\"https:\/\/es.wikipedia.org\/wiki\/1993\">1993<\/a>: <a class=\"new\" title=\"Jozef Antall (a\u00fan no redactado)\" href=\"https:\/\/es.wikipedia.org\/w\/index.php?title=Jozef_Antall&amp;action=edit&amp;redlink=1\">Jozef Antall<\/a>, primer ministro e historiador h\u00fangaro.<\/li>\n<li><a title=\"1994\" href=\"https:\/\/es.wikipedia.org\/wiki\/1994\">1994<\/a>: <a title=\"Stuart Allen Roosa\" href=\"https:\/\/es.wikipedia.org\/wiki\/Stuart_Allen_Roosa\">Stuart Roosa<\/a>, astronauta estadounidense.<\/li>\n<li><a title=\"1995\" href=\"https:\/\/es.wikipedia.org\/wiki\/1995\">1995<\/a>: <a title=\"\u00c1ngel Crespo\" href=\"https:\/\/es.wikipedia.org\/wiki\/%C3%81ngel_Crespo\">\u00c1ngel Crespo<\/a>, escritor, traductor y profesor espa\u00f1ol.<\/li>\n<li><a title=\"1997\" href=\"https:\/\/es.wikipedia.org\/wiki\/1997\">1997<\/a>: <a class=\"mw-redirect\" title=\"Yevgeniy Landis\" href=\"https:\/\/es.wikipedia.org\/wiki\/Yevgeniy_Landis\">Yevgeniy Landis<\/a>, matem\u00e1tico sovi\u00e9tico (n. 1921).<\/li>\n<li><a title=\"1998\" href=\"https:\/\/es.wikipedia.org\/wiki\/1998\">1998<\/a>: <a title=\"Marco Denevi\" href=\"https:\/\/es.wikipedia.org\/wiki\/Marco_Denevi\">Marco Denevi<\/a>, escritor y guionista argentino (n. 1922).<\/li>\n<li><a title=\"1999\" href=\"https:\/\/es.wikipedia.org\/wiki\/1999\">1999<\/a>: <a title=\"Joseph Heller\" href=\"https:\/\/es.wikipedia.org\/wiki\/Joseph_Heller\">Joseph Heller<\/a>, escritor estadounidense.<\/li>\n<li>1999: <a title=\"Ignacio Quir\u00f3s\" href=\"https:\/\/es.wikipedia.org\/wiki\/Ignacio_Quir%C3%B3s\">Ignacio Quir\u00f3s<\/a>, actor hispano-argentino (n. 1931).<\/li>\n<li><a title=\"2000\" href=\"https:\/\/es.wikipedia.org\/wiki\/2000\">2000<\/a>: <a title=\"Libertad Lamarque\" href=\"https:\/\/es.wikipedia.org\/wiki\/Libertad_Lamarque\">Libertad Lamarque<\/a>, actriz y cantante argentina (n. 1908).<\/li>\n<li><a title=\"2002\" href=\"https:\/\/es.wikipedia.org\/wiki\/2002\">2002<\/a>: <a title=\"Brad Dexter\" href=\"https:\/\/es.wikipedia.org\/wiki\/Brad_Dexter\">Brad Dexter<\/a>, actor estadounidense (n. 1917).<\/li>\n<li><a title=\"2003\" href=\"https:\/\/es.wikipedia.org\/wiki\/2003\">2003<\/a>: <a title=\"Keiko (orca)\" href=\"https:\/\/es.wikipedia.org\/wiki\/Keiko_(orca)\">Keiko<\/a>, famosa orca actor de <a title=\"Free Willy\" href=\"https:\/\/es.wikipedia.org\/wiki\/Free_Willy\">Liberad a Willy<\/a> (n. 1976).<\/li>\n<li><a title=\"2005\" href=\"https:\/\/es.wikipedia.org\/wiki\/2005\">2005<\/a>: <a title=\"Jon Cortina\" href=\"https:\/\/es.wikipedia.org\/wiki\/Jon_Cortina\">Jon Cortina<\/a>, sacerdote jesuita e ingeniero espa\u00f1ol (n. 1934).<\/li>\n<li>2005: <a title=\"David Pritchard\" href=\"https:\/\/es.wikipedia.org\/wiki\/David_Pritchard\">David Pritchard<\/a>, escritor brit\u00e1nico (n. 1919).<\/li>\n<li><a title=\"2006\" href=\"https:\/\/es.wikipedia.org\/wiki\/2006\">2006<\/a>: <a title=\"Paul Arizin\" href=\"https:\/\/es.wikipedia.org\/wiki\/Paul_Arizin\">Paul Arizin<\/a>, baloncestista estadounidense (n. 1928).<\/li>\n<li>2006: <a title=\"Peter Boyle\" href=\"https:\/\/es.wikipedia.org\/wiki\/Peter_Boyle\">Peter Boyle<\/a>, actor estadounidense (n. 1935).<\/li>\n<li>2006: <a title=\"Yuki Namb\u00e1\" href=\"https:\/\/es.wikipedia.org\/wiki\/Yuki_Namb%C3%A1\">Yuki Namb\u00e1<\/a>, actriz argentina (n. 1923).<\/li>\n<li><a title=\"2007\" href=\"https:\/\/es.wikipedia.org\/wiki\/2007\">2007<\/a>: <a title=\"Josep Guinovart\" href=\"https:\/\/es.wikipedia.org\/wiki\/Josep_Guinovart\">Josep Guinovart<\/a>, artista pl\u00e1stico espa\u00f1ol (n. 1927).<\/li>\n<li>2007: <a title=\"Fran\u00e7ois al-Hajj\" href=\"https:\/\/es.wikipedia.org\/wiki\/Fran%C3%A7ois_al-Hajj\">Fran\u00e7ois al-Hajj<\/a>, general liban\u00e9s (f. 1953).<\/li>\n<li>2007: <a title=\"Alberto Locati\" href=\"https:\/\/es.wikipedia.org\/wiki\/Alberto_Locati\">Alberto Locati<\/a>, actor argentino (n. 1939).<\/li>\n<li>2007: <a title=\"Ike Turner\" href=\"https:\/\/es.wikipedia.org\/wiki\/Ike_Turner\">Ike Turner<\/a>, m\u00fasico estadounidense, exesposo de Tina Turner (n. 1931).<\/li>\n<li><a title=\"2008\" href=\"https:\/\/es.wikipedia.org\/wiki\/2008\">2008<\/a>: <a title=\"Amalia Sol\u00f3rzano\" href=\"https:\/\/es.wikipedia.org\/wiki\/Amalia_Sol%C3%B3rzano\">Amalia Sol\u00f3rzano<\/a>, personalidad mexicana (n. 1911).<\/li>\n<li>2008: <a title=\"Van Johnson\" href=\"https:\/\/es.wikipedia.org\/wiki\/Van_Johnson\">Van Johnson<\/a>, actor estadounidense (n. 1916).<\/li>\n<li>2008: <a title=\"Tassos Papadopoulos\" href=\"https:\/\/es.wikipedia.org\/wiki\/Tassos_Papadopoulos\">Tassos Papadopoulos<\/a>, pol\u00edtico y presidente chipriota entre 2003 y 2008 (n. 1934).<\/li>\n<li><a title=\"2010\" href=\"https:\/\/es.wikipedia.org\/wiki\/2010\">2010<\/a>: <a title=\"Manuel Caballero\" href=\"https:\/\/es.wikipedia.org\/wiki\/Manuel_Caballero\">Manuel Caballero<\/a>, escritor, historiador, periodista y profesor venezolano (n. 1931).<\/li>\n<li>2010: <a title=\"Fernando Urdiales\" href=\"https:\/\/es.wikipedia.org\/wiki\/Fernando_Urdiales\">Fernando Urdiales<\/a>, director de teatro, dramaturgo y m\u00e9dico espa\u00f1ol (n. 1951).<\/li>\n<li><a title=\"2011\" href=\"https:\/\/es.wikipedia.org\/wiki\/2011\">2011<\/a>: <a title=\"Alberto de Mendoza\" href=\"https:\/\/es.wikipedia.org\/wiki\/Alberto_de_Mendoza\">Alberto de Mendoza<\/a>, actor argentino (n. 1923).<\/li>\n<li>2011: <a title=\"M\u0103lina Olinescu\" href=\"https:\/\/es.wikipedia.org\/wiki\/M%C4%83lina_Olinescu\">M\u0103lina Olinescu<\/a>, cantante rumana (n. 1974).<\/li>\n<li><a title=\"2012\" href=\"https:\/\/es.wikipedia.org\/wiki\/2012\">2012<\/a>: <a title=\"Ricardo Passano\" href=\"https:\/\/es.wikipedia.org\/wiki\/Ricardo_Passano\">Ricardo Passano<\/a>, actor argentino (n. 1922).<\/li>\n<\/ul>\n<h2 style=\"text-align: justify;\"><span id=\"Celebraciones\" class=\"mw-headline\">Celebraciones<\/span><\/h2>\n<ul style=\"text-align: justify;\">\n<li><span class=\"flagicon\"><img decoding=\"async\" class=\"thumbborder\" title=\"Bandera de M\u00e9xico\" src=\"https:\/\/upload.wikimedia.org\/wikipedia\/commons\/thumb\/f\/fc\/Flag_of_Mexico.svg\/20px-Flag_of_Mexico.svg.png\" srcset=\"\/\/upload.wikimedia.org\/wikipedia\/commons\/thumb\/f\/fc\/Flag_of_Mexico.svg\/30px-Flag_of_Mexico.svg.png 1.5x, \/\/upload.wikimedia.org\/wikipedia\/commons\/thumb\/f\/fc\/Flag_of_Mexico.svg\/40px-Flag_of_Mexico.svg.png 2x\" alt=\"Bandera de M\u00e9xico\" width=\"20\" height=\"11\" data-file-width=\"840\" data-file-height=\"480\" \/>\u00a0<\/span><a title=\"M\u00e9xico\" href=\"https:\/\/es.wikipedia.org\/wiki\/M%C3%A9xico\">M\u00e9xico<\/a>: <a title=\"D\u00eda de la Virgen de Guadalupe\" href=\"https:\/\/es.wikipedia.org\/wiki\/D%C3%ADa_de_la_Virgen_de_Guadalupe\">D\u00eda de la Virgen de Guadalupe<\/a><\/li>\n<li><a title=\"D\u00eda de la Cobertura Universal de Salud\" href=\"https:\/\/es.wikipedia.org\/wiki\/D%C3%ADa_de_la_Cobertura_Universal_de_Salud\">D\u00eda de la Cobertura Universal de Salud<\/a><\/li>\n<\/ul>\n<p style=\"text-align: justify;\"><span class=\"flagicon\"><img decoding=\"async\" class=\"thumbborder\" title=\"Bandera de Kenia\" src=\"https:\/\/upload.wikimedia.org\/wikipedia\/commons\/thumb\/4\/49\/Flag_of_Kenya.svg\/20px-Flag_of_Kenya.svg.png\" srcset=\"\/\/upload.wikimedia.org\/wikipedia\/commons\/thumb\/4\/49\/Flag_of_Kenya.svg\/30px-Flag_of_Kenya.svg.png 1.5x, \/\/upload.wikimedia.org\/wikipedia\/commons\/thumb\/4\/49\/Flag_of_Kenya.svg\/40px-Flag_of_Kenya.svg.png 2x\" alt=\"Bandera de Kenia\" width=\"20\" height=\"13\" data-file-width=\"900\" data-file-height=\"600\" \/>\u00a0<\/span><a title=\"Kenia\" href=\"https:\/\/es.wikipedia.org\/wiki\/Kenia\">Kenia<\/a><\/p>\n<ul style=\"text-align: justify;\">\n<li>D\u00eda de la Independencia.<sup id=\"cite_ref-1\" class=\"reference\"><a href=\"https:\/\/es.wikipedia.org\/wiki\/12_de_diciembre#cite_note-1\">1<\/a><\/sup><\/li>\n<\/ul>\n<h3 style=\"text-align: justify;\"><span id=\"Santoral_cat.C3.B3lico\" class=\"mw-headline\"><a title=\"Santoral cat\u00f3lico\" href=\"https:\/\/es.wikipedia.org\/wiki\/Santoral_cat%C3%B3lico\">Santoral cat\u00f3lico<\/a><\/span><\/h3>\n<ul>\n<li style=\"text-align: justify;\"><a class=\"mw-redirect\" title=\"Virgen de Guadalupe (M\u00e9xico)\" href=\"https:\/\/es.wikipedia.org\/wiki\/Virgen_de_Guadalupe_(M%C3%A9xico)\">Nuestra Se\u00f1ora de Guadalupe<\/a>, fiesta patronal.<\/li>\n<li style=\"text-align: justify;\">San <a class=\"new\" title=\"San Benigno (a\u00fan no redactado)\" href=\"https:\/\/es.wikipedia.org\/w\/index.php?title=San_Benigno&amp;action=edit&amp;redlink=1\">Benigno<\/a>, obispo y santo.<\/li>\n<\/ul>\n","protected":false},"excerpt":{"rendered":"<p>Es el d\u00eda 346.\u00ba (tricent\u00e9simo cuadrag\u00e9simo sexto) d\u00eda del a\u00f1o en el calendario gregoriano y el 347.\u00ba en los a\u00f1os bisiestos. Quedan 19\u00a0d\u00edas para finalizar el a\u00f1o.<\/p>\n","protected":false},"author":6,"featured_media":9834,"comment_status":"open","ping_status":"open","sticky":false,"template":"","format":"standard","meta":{"_acf_changed":false,"_monsterinsights_skip_tracking":false,"slim_seo":{"title":"Efem\u00e9rides 12 de Diciembre - Opini\u00f3n P\u00fablica","description":"Es el d\u00eda 346.\u00ba (tricent\u00e9simo cuadrag\u00e9simo sexto) d\u00eda del a\u00f1o en el calendario gregoriano y el 347.\u00ba en los a\u00f1os bisiestos. Quedan 19\u00a0d\u00edas para finalizar el a\u00f1o"},"footnotes":""},"categories":[27],"tags":[],"class_list":["post-9835","post","type-post","status-publish","format-standard","has-post-thumbnail","hentry","category-un-dia-como-hoy"],"acf":[],"_links":{"self":[{"href":"https:\/\/www.opinionpublica.tv\/portada\/wp-json\/wp\/v2\/posts\/9835","targetHints":{"allow":["GET"]}}],"collection":[{"href":"https:\/\/www.opinionpublica.tv\/portada\/wp-json\/wp\/v2\/posts"}],"about":[{"href":"https:\/\/www.opinionpublica.tv\/portada\/wp-json\/wp\/v2\/types\/post"}],"author":[{"embeddable":true,"href":"https:\/\/www.opinionpublica.tv\/portada\/wp-json\/wp\/v2\/users\/6"}],"replies":[{"embeddable":true,"href":"https:\/\/www.opinionpublica.tv\/portada\/wp-json\/wp\/v2\/comments?post=9835"}],"version-history":[{"count":0,"href":"https:\/\/www.opinionpublica.tv\/portada\/wp-json\/wp\/v2\/posts\/9835\/revisions"}],"wp:featuredmedia":[{"embeddable":true,"href":"https:\/\/www.opinionpublica.tv\/portada\/wp-json\/wp\/v2\/media\/9834"}],"wp:attachment":[{"href":"https:\/\/www.opinionpublica.tv\/portada\/wp-json\/wp\/v2\/media?parent=9835"}],"wp:term":[{"taxonomy":"category","embeddable":true,"href":"https:\/\/www.opinionpublica.tv\/portada\/wp-json\/wp\/v2\/categories?post=9835"},{"taxonomy":"post_tag","embeddable":true,"href":"https:\/\/www.opinionpublica.tv\/portada\/wp-json\/wp\/v2\/tags?post=9835"}],"curies":[{"name":"wp","href":"https:\/\/api.w.org\/{rel}","templated":true}]}}