{"id":9825,"date":"2016-12-11T07:00:00","date_gmt":"2016-12-11T06:00:00","guid":{"rendered":"https:\/\/www.opinionpublica.tv\/portada\/2016\/12\/11\/realizan-primer-carrera-de-centros-comunitarios\/"},"modified":"2016-12-11T07:00:00","modified_gmt":"2016-12-11T06:00:00","slug":"realizan-primer-carrera-de-centros-comunitarios","status":"publish","type":"post","link":"https:\/\/www.opinionpublica.tv\/portada\/realizan-primer-carrera-de-centros-comunitarios\/","title":{"rendered":"Realizan Primer Carrera de Centros Comunitarios"},"content":{"rendered":"<p><img fetchpriority=\"high\" decoding=\"async\" class=\" size-full wp-image-9824\" src=\"https:\/\/www.opinionpublica.tv\/portada\/wp-content\/uploads\/2016\/12\/48679a1ffe3a86d8515a27746777036c.jpg\" alt=\"\" width=\"700\" height=\"400\" srcset=\"https:\/\/www.opinionpublica.tv\/portada\/wp-content\/uploads\/2016\/12\/48679a1ffe3a86d8515a27746777036c.jpg 700w, https:\/\/www.opinionpublica.tv\/portada\/wp-content\/uploads\/2016\/12\/48679a1ffe3a86d8515a27746777036c-300x171.jpg 300w\" sizes=\"(max-width: 700px) 100vw, 700px\" \/><br \/>\n<!--more--><\/p>\n<p style=\"text-align: justify;\">Luego de haber sido pospuesta la semana pasada a causa de las lluvias intensas, este domingo se llev\u00f3 a cabo la Primer Carrera de Centros Comunitarios, que tuvo como pista el bulevar Juan Pablo II.<\/p>\n<p style=\"text-align: justify;\">La carrera conto con la participaci\u00f3n del Presidente Municipal, Armando Cabada.<\/p>\n<p style=\"text-align: justify;\">El punto de partida y la meta estuvieron instalados frente a la Plaza de la Mexicanidad,<\/p>\n<p style=\"text-align: justify;\">Al terminar la carrera, el alcalde concedi\u00f3 entrevistas, salud\u00f3 a la gente y accedi\u00f3 a tomarse fotos con ellos para escuchar sus peticiones y tratar de atender de manera urgente todas y cada una de ellas.<\/p>\n","protected":false},"excerpt":{"rendered":"","protected":false},"author":4,"featured_media":9824,"comment_status":"open","ping_status":"open","sticky":false,"template":"","format":"standard","meta":{"_acf_changed":false,"_monsterinsights_skip_tracking":false,"slim_seo":{"title":"Realizan Primer Carrera de Centros Comunitarios - Opini\u00f3n P\u00fablica","description":"Luego de haber sido pospuesta la semana pasada a causa de las lluvias intensas, este domingo se llev\u00f3 a cabo la Primer Carrera de Centros Comunitarios, que tuvo"},"footnotes":""},"categories":[5],"tags":[],"class_list":["post-9825","post","type-post","status-publish","format-standard","has-post-thumbnail","hentry","category-frontera"],"acf":[],"_links":{"self":[{"href":"https:\/\/www.opinionpublica.tv\/portada\/wp-json\/wp\/v2\/posts\/9825","targetHints":{"allow":["GET"]}}],"collection":[{"href":"https:\/\/www.opinionpublica.tv\/portada\/wp-json\/wp\/v2\/posts"}],"about":[{"href":"https:\/\/www.opinionpublica.tv\/portada\/wp-json\/wp\/v2\/types\/post"}],"author":[{"embeddable":true,"href":"https:\/\/www.opinionpublica.tv\/portada\/wp-json\/wp\/v2\/users\/4"}],"replies":[{"embeddable":true,"href":"https:\/\/www.opinionpublica.tv\/portada\/wp-json\/wp\/v2\/comments?post=9825"}],"version-history":[{"count":0,"href":"https:\/\/www.opinionpublica.tv\/portada\/wp-json\/wp\/v2\/posts\/9825\/revisions"}],"wp:featuredmedia":[{"embeddable":true,"href":"https:\/\/www.opinionpublica.tv\/portada\/wp-json\/wp\/v2\/media\/9824"}],"wp:attachment":[{"href":"https:\/\/www.opinionpublica.tv\/portada\/wp-json\/wp\/v2\/media?parent=9825"}],"wp:term":[{"taxonomy":"category","embeddable":true,"href":"https:\/\/www.opinionpublica.tv\/portada\/wp-json\/wp\/v2\/categories?post=9825"},{"taxonomy":"post_tag","embeddable":true,"href":"https:\/\/www.opinionpublica.tv\/portada\/wp-json\/wp\/v2\/tags?post=9825"}],"curies":[{"name":"wp","href":"https:\/\/api.w.org\/{rel}","templated":true}]}}