{"id":9818,"date":"2016-12-11T07:00:00","date_gmt":"2016-12-11T06:00:00","guid":{"rendered":"https:\/\/www.opinionpublica.tv\/portada\/2016\/12\/11\/evade-corral-tema-de-periodista-asesinado\/"},"modified":"2016-12-11T07:00:00","modified_gmt":"2016-12-11T06:00:00","slug":"evade-corral-tema-de-periodista-asesinado","status":"publish","type":"post","link":"https:\/\/www.opinionpublica.tv\/portada\/evade-corral-tema-de-periodista-asesinado\/","title":{"rendered":"Evade Javier Corral tema sobre periodista ejecutado"},"content":{"rendered":"<p><img fetchpriority=\"high\" decoding=\"async\" class=\" size-full wp-image-9817\" src=\"https:\/\/www.opinionpublica.tv\/portada\/wp-content\/uploads\/2016\/12\/164819eac6b2c732bc404397ac7420ff.jpg\" alt=\"\" width=\"440\" height=\"326\" srcset=\"https:\/\/www.opinionpublica.tv\/portada\/wp-content\/uploads\/2016\/12\/164819eac6b2c732bc404397ac7420ff.jpg 440w, https:\/\/www.opinionpublica.tv\/portada\/wp-content\/uploads\/2016\/12\/164819eac6b2c732bc404397ac7420ff-300x222.jpg 300w\" sizes=\"(max-width: 440px) 100vw, 440px\" \/><br \/>\n<!--more--><\/p>\n<p style=\"text-align: justify;\">Javier Corral Jurado, gobernador de Chihuahua, no quiso dar su opini\u00f3n sobre la ejecuci\u00f3n del periodista Jes\u00fas Adri\u00e1n Rodriguez Samaniego, asesinado este s\u00e1bado en la capital de estado cuando se dirig\u00eda a su trabajo.<\/p>\n<p style=\"text-align: justify;\">Despu\u00e9s de la sesi\u00f3n solemne donde se conmemor\u00f3 el 150 aniversario de la fundaci\u00f3n de la ciudad de Meoqui, el mandatario estatal fue abordado por los reporteros, pero evadi\u00f3 la pregunta sobre el crimen de Adri\u00e1n Rodriguez.<\/p>\n<p style=\"text-align: justify;\">\u201cYa dimos a conocer nuestra postura, gracias\u201d, contest\u00f3 Corral a los medios.<\/p>\n<p style=\"text-align: justify;\">Posteriormente se alej\u00f3 entre los asistentes hasta llegar a un cuarto privado, donde se reuni\u00f3 con algunos de diputados locales y el presidente del Supremo Tribunal de Justicia, Julio C\u00e9sar Jimenez Castro.<\/p>\n<p style=\"text-align: justify;\">Jes\u00fas Adri\u00e1n Rodr\u00edguez Samaniego de 41 a\u00f1os de edad, trabajaba para la cadena de radio Antena 760 AM, y fue ejecutado afuera de su domicilio la ma\u00f1ana del s\u00e1bado cuando se dispon\u00eda a salir a un programa de radio.<\/p>\n<p style=\"text-align: justify;\">Este domingo ser\u00e1 sepultado en el Pante\u00f3n Municipal Uno de la ciudad de Chihuahua, luego de una misa de cuerpo presente en el Templo de Santa Teresita en la Colonia Dale.<\/p>\n","protected":false},"excerpt":{"rendered":"","protected":false},"author":6,"featured_media":9817,"comment_status":"open","ping_status":"open","sticky":false,"template":"","format":"standard","meta":{"_acf_changed":false,"_monsterinsights_skip_tracking":false,"slim_seo":{"title":"Evade Javier Corral tema sobre periodista ejecutado - Opini\u00f3n P\u00fablica","description":"Javier Corral Jurado, gobernador de Chihuahua, no quiso dar su opini\u00f3n sobre la ejecuci\u00f3n del periodista Jes\u00fas Adri\u00e1n Rodriguez Samaniego, asesinado este s\u00e1bado"},"footnotes":""},"categories":[4],"tags":[],"class_list":["post-9818","post","type-post","status-publish","format-standard","has-post-thumbnail","hentry","category-pulsopolitico"],"acf":[],"_links":{"self":[{"href":"https:\/\/www.opinionpublica.tv\/portada\/wp-json\/wp\/v2\/posts\/9818","targetHints":{"allow":["GET"]}}],"collection":[{"href":"https:\/\/www.opinionpublica.tv\/portada\/wp-json\/wp\/v2\/posts"}],"about":[{"href":"https:\/\/www.opinionpublica.tv\/portada\/wp-json\/wp\/v2\/types\/post"}],"author":[{"embeddable":true,"href":"https:\/\/www.opinionpublica.tv\/portada\/wp-json\/wp\/v2\/users\/6"}],"replies":[{"embeddable":true,"href":"https:\/\/www.opinionpublica.tv\/portada\/wp-json\/wp\/v2\/comments?post=9818"}],"version-history":[{"count":0,"href":"https:\/\/www.opinionpublica.tv\/portada\/wp-json\/wp\/v2\/posts\/9818\/revisions"}],"wp:featuredmedia":[{"embeddable":true,"href":"https:\/\/www.opinionpublica.tv\/portada\/wp-json\/wp\/v2\/media\/9817"}],"wp:attachment":[{"href":"https:\/\/www.opinionpublica.tv\/portada\/wp-json\/wp\/v2\/media?parent=9818"}],"wp:term":[{"taxonomy":"category","embeddable":true,"href":"https:\/\/www.opinionpublica.tv\/portada\/wp-json\/wp\/v2\/categories?post=9818"},{"taxonomy":"post_tag","embeddable":true,"href":"https:\/\/www.opinionpublica.tv\/portada\/wp-json\/wp\/v2\/tags?post=9818"}],"curies":[{"name":"wp","href":"https:\/\/api.w.org\/{rel}","templated":true}]}}