{"id":9814,"date":"2016-12-10T07:00:00","date_gmt":"2016-12-10T06:00:00","guid":{"rendered":"https:\/\/www.opinionpublica.tv\/portada\/2016\/12\/10\/arde-maquila-emdep-en-parque-industrial-waterfill\/"},"modified":"2016-12-10T07:00:00","modified_gmt":"2016-12-10T06:00:00","slug":"arde-maquila-emdep-en-parque-industrial-waterfill","status":"publish","type":"post","link":"https:\/\/www.opinionpublica.tv\/portada\/arde-maquila-emdep-en-parque-industrial-waterfill\/","title":{"rendered":"Arde maquila \u201cEmdep\u201d en parque industrial Waterfill"},"content":{"rendered":"<p><img fetchpriority=\"high\" decoding=\"async\" class=\" size-full wp-image-9813\" src=\"https:\/\/www.opinionpublica.tv\/portada\/wp-content\/uploads\/2016\/12\/309022ec18b01734483446133f548f2a.jpg\" alt=\"\" width=\"1152\" height=\"648\" srcset=\"https:\/\/www.opinionpublica.tv\/portada\/wp-content\/uploads\/2016\/12\/309022ec18b01734483446133f548f2a.jpg 1152w, https:\/\/www.opinionpublica.tv\/portada\/wp-content\/uploads\/2016\/12\/309022ec18b01734483446133f548f2a-300x169.jpg 300w, https:\/\/www.opinionpublica.tv\/portada\/wp-content\/uploads\/2016\/12\/309022ec18b01734483446133f548f2a-1024x576.jpg 1024w, https:\/\/www.opinionpublica.tv\/portada\/wp-content\/uploads\/2016\/12\/309022ec18b01734483446133f548f2a-768x432.jpg 768w\" sizes=\"(max-width: 1152px) 100vw, 1152px\" \/><br \/>\n<!--more--><\/p>\n<p style=\"text-align: justify;\">Un incendio en la planta maquiladora Emdep ubicada en el parque industrial Waterfill provoc\u00f3 la evacuaci\u00f3n de decenas de trabajadores la tarde de este s\u00e1bado.<\/p>\n<p style=\"text-align: justify;\">El siniestro se registr\u00f3 despu\u00e9s del mediod\u00eda, y las autoridades no han podido determinar exactamente la causa del incendio, que logr\u00f3 arrasar con parte de la estructura del inmueble.<\/p>\n<p style=\"text-align: justify;\">Los encargados de seguridad de la empresa lograron evacuar a tiempo a los trabajadores que segu\u00edan en el interior. No hay reportes de lesionados, intoxicados, ni v\u00edctimas mortales.<\/p>\n<p style=\"text-align: justify;\">Para sofocar el incendi\u00f3 acudieron elementos del heroico cuerpo de bomberos, as\u00ed como elementos de seguridad p\u00fablica, rescate y Tr\u00e1nsito municipal para acordonar el \u00e1rea y evitar alg\u00fan accidente.<\/p>\n<p style=\"text-align: justify;\">La nave industrial se encuentra justo a espaldas, unos cuantos metros de la avenida Ram\u00f3n Ray\u00f3n en el parque industrial Waterfill. Directivos de la compa\u00f1\u00eda Emdep reportan solo da\u00f1os materiales por varios millones de pesos.<\/p>\n","protected":false},"excerpt":{"rendered":"","protected":false},"author":4,"featured_media":9813,"comment_status":"open","ping_status":"open","sticky":false,"template":"","format":"standard","meta":{"_acf_changed":false,"_monsterinsights_skip_tracking":false,"slim_seo":{"title":"Arde maquila \u201cEmdep\u201d en parque industrial Waterfill - Opini\u00f3n P\u00fablica","description":"Un incendio en la planta maquiladora Emdep ubicada en el parque industrial Waterfill provoc\u00f3 la evacuaci\u00f3n de decenas de trabajadores la tarde de este s\u00e1bado. E"},"footnotes":""},"categories":[5],"tags":[],"class_list":["post-9814","post","type-post","status-publish","format-standard","has-post-thumbnail","hentry","category-frontera"],"acf":[],"_links":{"self":[{"href":"https:\/\/www.opinionpublica.tv\/portada\/wp-json\/wp\/v2\/posts\/9814","targetHints":{"allow":["GET"]}}],"collection":[{"href":"https:\/\/www.opinionpublica.tv\/portada\/wp-json\/wp\/v2\/posts"}],"about":[{"href":"https:\/\/www.opinionpublica.tv\/portada\/wp-json\/wp\/v2\/types\/post"}],"author":[{"embeddable":true,"href":"https:\/\/www.opinionpublica.tv\/portada\/wp-json\/wp\/v2\/users\/4"}],"replies":[{"embeddable":true,"href":"https:\/\/www.opinionpublica.tv\/portada\/wp-json\/wp\/v2\/comments?post=9814"}],"version-history":[{"count":0,"href":"https:\/\/www.opinionpublica.tv\/portada\/wp-json\/wp\/v2\/posts\/9814\/revisions"}],"wp:featuredmedia":[{"embeddable":true,"href":"https:\/\/www.opinionpublica.tv\/portada\/wp-json\/wp\/v2\/media\/9813"}],"wp:attachment":[{"href":"https:\/\/www.opinionpublica.tv\/portada\/wp-json\/wp\/v2\/media?parent=9814"}],"wp:term":[{"taxonomy":"category","embeddable":true,"href":"https:\/\/www.opinionpublica.tv\/portada\/wp-json\/wp\/v2\/categories?post=9814"},{"taxonomy":"post_tag","embeddable":true,"href":"https:\/\/www.opinionpublica.tv\/portada\/wp-json\/wp\/v2\/tags?post=9814"}],"curies":[{"name":"wp","href":"https:\/\/api.w.org\/{rel}","templated":true}]}}