{"id":9812,"date":"2016-12-10T07:00:00","date_gmt":"2016-12-10T06:00:00","guid":{"rendered":"https:\/\/www.opinionpublica.tv\/portada\/2016\/12\/10\/se-manifiesta-cuauhtemoc-blanco-contra-congreso-de-morelos\/"},"modified":"2016-12-10T07:00:00","modified_gmt":"2016-12-10T06:00:00","slug":"se-manifiesta-cuauhtemoc-blanco-contra-congreso-de-morelos","status":"publish","type":"post","link":"https:\/\/www.opinionpublica.tv\/portada\/se-manifiesta-cuauhtemoc-blanco-contra-congreso-de-morelos\/","title":{"rendered":"Se manifiesta Cuauht\u00e9moc Blanco contra Congreso de Morelos"},"content":{"rendered":"<p><img fetchpriority=\"high\" decoding=\"async\" class=\" size-full wp-image-9811\" src=\"https:\/\/www.opinionpublica.tv\/portada\/wp-content\/uploads\/2016\/12\/624945b8e5d25aaf8740b7d79680dbec.jpg\" alt=\"\" width=\"1200\" height=\"824\" srcset=\"https:\/\/www.opinionpublica.tv\/portada\/wp-content\/uploads\/2016\/12\/624945b8e5d25aaf8740b7d79680dbec.jpg 1200w, https:\/\/www.opinionpublica.tv\/portada\/wp-content\/uploads\/2016\/12\/624945b8e5d25aaf8740b7d79680dbec-300x206.jpg 300w, https:\/\/www.opinionpublica.tv\/portada\/wp-content\/uploads\/2016\/12\/624945b8e5d25aaf8740b7d79680dbec-1024x703.jpg 1024w, https:\/\/www.opinionpublica.tv\/portada\/wp-content\/uploads\/2016\/12\/624945b8e5d25aaf8740b7d79680dbec-768x527.jpg 768w\" sizes=\"(max-width: 1200px) 100vw, 1200px\" \/><br \/>\n<!--more--><\/p>\n<p style=\"text-align: justify;\">El todav\u00eda presidente municipal de Cuernavaca, Cuauht\u00e9moc Blanco, arremeti\u00f3 este s\u00e1bado contra los miembros del Congreso de Morelos, luego de que estos aprobaran revocar su mandato.<\/p>\n<p style=\"text-align: justify;\">\u00abA los diputados les digo que no mientan a la gente, ya no les creen. A m\u00ed me dar\u00eda verg\u00fcenza ver a mis hijos a los ojos tras lo que han hecho\u00bb, expres\u00f3.<\/p>\n<p style=\"text-align: justify;\">Durante una conferencia de prensa, el ex-futbolista hablo sobre el amparo que interpuso en la Suprema Corte de Justicia de la Naci\u00f3n, as\u00ed como la controversia que su caso a generado.<\/p>\n<p style=\"text-align: justify;\">Blanco afirm\u00f3 que no participar\u00e1 en luchas de poder, pues su \u00fanico inter\u00e9s es defender las necesidades y el bienestar de los habitantes de Cuernavaca.<\/p>\n<p style=\"text-align: justify;\">\u00abJunto con mi defensa jur\u00eddica haremos lo posible para que los procedimientos en mi contra se resuelvan antes de que termine mi mandato\u00bb, afirm\u00f3.<\/p>\n<p style=\"text-align: justify;\">A pesar de que la revocaci\u00f3n de su mandato ya fuera avalada por diputados locales, Blanco seguir\u00e1 al mando del ejecutivo, ya que la Suprema Corte de Justicia de la Naci\u00f3n orden\u00f3 que no fuera destituido mientras su caso es revisado.<\/p>\n","protected":false},"excerpt":{"rendered":"","protected":false},"author":4,"featured_media":9811,"comment_status":"open","ping_status":"open","sticky":false,"template":"","format":"standard","meta":{"_acf_changed":false,"_monsterinsights_skip_tracking":false,"slim_seo":{"title":"Se manifiesta Cuauht\u00e9moc Blanco contra Congreso de Morelos - Opini\u00f3n P\u00fablica","description":"El todav\u00eda presidente municipal de Cuernavaca, Cuauht\u00e9moc Blanco, arremeti\u00f3 este s\u00e1bado contra los miembros del Congreso de Morelos, luego de que estos aprobara"},"footnotes":""},"categories":[9],"tags":[],"class_list":["post-9812","post","type-post","status-publish","format-standard","has-post-thumbnail","hentry","category-nacional"],"acf":[],"_links":{"self":[{"href":"https:\/\/www.opinionpublica.tv\/portada\/wp-json\/wp\/v2\/posts\/9812","targetHints":{"allow":["GET"]}}],"collection":[{"href":"https:\/\/www.opinionpublica.tv\/portada\/wp-json\/wp\/v2\/posts"}],"about":[{"href":"https:\/\/www.opinionpublica.tv\/portada\/wp-json\/wp\/v2\/types\/post"}],"author":[{"embeddable":true,"href":"https:\/\/www.opinionpublica.tv\/portada\/wp-json\/wp\/v2\/users\/4"}],"replies":[{"embeddable":true,"href":"https:\/\/www.opinionpublica.tv\/portada\/wp-json\/wp\/v2\/comments?post=9812"}],"version-history":[{"count":0,"href":"https:\/\/www.opinionpublica.tv\/portada\/wp-json\/wp\/v2\/posts\/9812\/revisions"}],"wp:featuredmedia":[{"embeddable":true,"href":"https:\/\/www.opinionpublica.tv\/portada\/wp-json\/wp\/v2\/media\/9811"}],"wp:attachment":[{"href":"https:\/\/www.opinionpublica.tv\/portada\/wp-json\/wp\/v2\/media?parent=9812"}],"wp:term":[{"taxonomy":"category","embeddable":true,"href":"https:\/\/www.opinionpublica.tv\/portada\/wp-json\/wp\/v2\/categories?post=9812"},{"taxonomy":"post_tag","embeddable":true,"href":"https:\/\/www.opinionpublica.tv\/portada\/wp-json\/wp\/v2\/tags?post=9812"}],"curies":[{"name":"wp","href":"https:\/\/api.w.org\/{rel}","templated":true}]}}