{"id":9802,"date":"2016-12-10T07:00:00","date_gmt":"2016-12-10T06:00:00","guid":{"rendered":"https:\/\/www.opinionpublica.tv\/portada\/2016\/12\/10\/otra-historia-de-impunidad-mil-200-federales-caidos-en-10-anos\/"},"modified":"2016-12-10T07:00:00","modified_gmt":"2016-12-10T06:00:00","slug":"otra-historia-de-impunidad-mil-200-federales-caidos-en-10-anos","status":"publish","type":"post","link":"https:\/\/www.opinionpublica.tv\/portada\/otra-historia-de-impunidad-mil-200-federales-caidos-en-10-anos\/","title":{"rendered":"Otra historia de impunidad; mil 200 federales ca\u00eddos entre 2006 y 2016"},"content":{"rendered":"<p><img fetchpriority=\"high\" decoding=\"async\" class=\" size-full wp-image-9798\" src=\"https:\/\/www.opinionpublica.tv\/portada\/wp-content\/uploads\/2016\/12\/388e00cea7b04a25bc8bc7fb61cbe2af.jpg\" alt=\"\" width=\"535\" height=\"373\" srcset=\"https:\/\/www.opinionpublica.tv\/portada\/wp-content\/uploads\/2016\/12\/388e00cea7b04a25bc8bc7fb61cbe2af.jpg 535w, https:\/\/www.opinionpublica.tv\/portada\/wp-content\/uploads\/2016\/12\/388e00cea7b04a25bc8bc7fb61cbe2af-300x209.jpg 300w\" sizes=\"(max-width: 535px) 100vw, 535px\" \/><br \/>\n<!--more--><\/p>\n<p style=\"text-align: justify;\">Entre el 1 de enero de 2006 y el 30 de noviembre de 2016, m\u00e1s de mil 200 elementos de las Fuerzas Federales han perdido la vida en el combate contra el crimen organizado, iniciado hace 10 a\u00f1os por el entonces presidente Felipe Calder\u00f3n.<\/p>\n<p style=\"text-align: justify;\">Las bajas de integrantes\u00a0 de la Polic\u00eda Federal, las secretar\u00edas de la Defensa Nacional y Marina, as\u00ed como de la Procuradur\u00eda General de la Rep\u00fablica ocurrieron principalmente en Tamaulipas, Michoac\u00e1n, Guerrero, Nuevo Le\u00f3n, Veracruz y Chihuahua.<\/p>\n<p style=\"text-align: justify;\">\u00a0<\/p>\n<p style=\"text-align: justify;\"><img decoding=\"async\" class=\" size-full wp-image-9799\" src=\"https:\/\/www.opinionpublica.tv\/portada\/wp-content\/uploads\/2016\/12\/federales_1.jpg\" width=\"578\" height=\"502\" srcset=\"https:\/\/www.opinionpublica.tv\/portada\/wp-content\/uploads\/2016\/12\/federales_1.jpg 800w, https:\/\/www.opinionpublica.tv\/portada\/wp-content\/uploads\/2016\/12\/federales_1-300x260.jpg 300w, https:\/\/www.opinionpublica.tv\/portada\/wp-content\/uploads\/2016\/12\/federales_1-768x666.jpg 768w\" sizes=\"(max-width: 578px) 100vw, 578px\" \/><\/p>\n<p style=\"text-align: justify;\">\u00a0<\/p>\n<p style=\"text-align: justify;\">Reportes de la Comisi\u00f3n Nacional de Seguridad (CNS) y de Transparencia dan cuenta que en esos 10 a\u00f1os la Polic\u00eda Federal fue la que m\u00e1s bajas tuvo en combate, con 552.<\/p>\n<p style=\"text-align: justify;\">Especialistas consideraron que los cuerpos de seguridad se han \u201cdesgastado\u201d y no hay incentivos para crear corporaciones capacitadas.<\/p>\n<p style=\"text-align: justify;\">Aunque el gobierno federal no cuenta con un registro oficial de las muertes, un reporte p\u00fablico disponible en la p\u00e1gina de la Comisi\u00f3n Nacional de Seguridad (CNS), indica que 552 elementos de la Polic\u00eda Federal perdieron la vida en combate.<\/p>\n<p style=\"text-align: justify;\">\u00a0<\/p>\n<p style=\"text-align: justify;\"><img decoding=\"async\" class=\" size-full wp-image-9800\" src=\"https:\/\/www.opinionpublica.tv\/portada\/wp-content\/uploads\/2016\/12\/federales_2.jpg\" width=\"579\" height=\"385\" srcset=\"https:\/\/www.opinionpublica.tv\/portada\/wp-content\/uploads\/2016\/12\/federales_2.jpg 800w, https:\/\/www.opinionpublica.tv\/portada\/wp-content\/uploads\/2016\/12\/federales_2-300x200.jpg 300w, https:\/\/www.opinionpublica.tv\/portada\/wp-content\/uploads\/2016\/12\/federales_2-768x511.jpg 768w\" sizes=\"(max-width: 579px) 100vw, 579px\" \/><\/p>\n<p style=\"text-align: justify;\">\u00a0<\/p>\n<p style=\"text-align: justify;\">Adem\u00e1s, a trav\u00e9s de reportes de Transparencia, la Sedena contabiliza 481 muertos y\u00a0 Marina 74, mientras que la PGR s\u00f3lo cuenta con datos del periodo 2006 a 2012, los cuales indican 105 muertes.<\/p>\n<p style=\"text-align: justify;\">Emboscados, calcinados, ejecutados, descuartizados, enterrados en fosas clandestinas o estrangulados, los elementos de la PGR, PF, Semar y Sedena fueron exhibidos en algunos casos por el crimen organizado.<\/p>\n<p style=\"text-align: justify;\">Uno de los principales ataques contra ellos se present\u00f3 el 13 de julio de 2009, cuando fueron encontrados 12 cuerpos de polic\u00edas federales en la carretera Siglo XXI, en Michoac\u00e1n. Un a\u00f1o despu\u00e9s, 11 polic\u00edas m\u00e1s perdieron la vida durante una emboscada en el municipio de Zit\u00e1cuaro.<\/p>\n<p style=\"text-align: justify;\">En agosto de 2011, cuatro marinos privados de la libertad en Veracruz fueron localizados sin vida. En mayo del a\u00f1o pasado, siete soldados murieron en el ataque a un helic\u00f3ptero en el estado de Jalisco.<\/p>\n<p style=\"text-align: justify;\">Uno de los \u00faltimos ataques en contra de las Fuerzas Armadas se present\u00f3 en septiembre pasado, cuando un grupo del crimen organizado atent\u00f3 contra un convoy militar en Culiac\u00e1n, Sinaloa. Seis elementos murieron.<\/p>\n<p style=\"text-align: justify;\">\u00a0<\/p>\n<p style=\"text-align: justify;\"><img loading=\"lazy\" decoding=\"async\" class=\" size-full wp-image-9801\" src=\"https:\/\/www.opinionpublica.tv\/portada\/wp-content\/uploads\/2016\/12\/federales_3.jpg\" width=\"589\" height=\"349\" srcset=\"https:\/\/www.opinionpublica.tv\/portada\/wp-content\/uploads\/2016\/12\/federales_3.jpg 900w, https:\/\/www.opinionpublica.tv\/portada\/wp-content\/uploads\/2016\/12\/federales_3-300x178.jpg 300w, https:\/\/www.opinionpublica.tv\/portada\/wp-content\/uploads\/2016\/12\/federales_3-768x456.jpg 768w\" sizes=\"(max-width: 589px) 100vw, 589px\" \/><\/p>\n<p style=\"text-align: justify;\">\u00a0<\/p>\n<p style=\"text-align: justify;\">El Sistema Institucional de Informaci\u00f3n y Estad\u00edstica (SIIE) de la PGR report\u00f3 en 2012 que entre diciembre de 2006 y noviembre de 2011, fueron asesinados mil 381 elementos de las polic\u00edas municipales, 401 estatales y 601 elementos de las procuradur\u00edas locales.<\/p>\n<p style=\"text-align: justify;\">Especialistas en temas de seguridad consideraron que, en el combate contra el crimen organizado, los cuerpos de seguridad se han \u201cdesgastado\u201d. Sin embargo, a pesar de ello, no existe una planeaci\u00f3n para mejorar sus capacidades y dejarles a cargo las funciones que realizan las Fuerzas Armadas.<\/p>\n<p style=\"text-align: justify;\">No hay incentivos para crear cuerpos de seguridad, la gente que toma la decisi\u00f3n, que decide ser polic\u00eda es porque no tiene otra alternativa de vida\u201d, explic\u00f3 Gerardo Rodr\u00edguez, coordinador acad\u00e9mico del Centro de Estudios sobre Impunidad y Justicia de la Universidad de las Am\u00e9ricas de Puebla (UDLAP).<\/p>\n<p style=\"text-align: justify;\">Javier Oliva, especialista en seguridad nacional y acad\u00e9mico de la UNAM, opin\u00f3 que \u201chay un desgaste, pero en realidad, cu\u00e1ntas polic\u00edas municipales y estatales funcionan adecuadamente. Desde que se crearon diferentes fondos de apoyos presupuestales, como el de Seguridad P\u00fablica y el Subsemun, no se han tenido resultados. El problema no es retirar las Fuerzas Armadas, sino qu\u00e9 condiciones hay para que puedan hacerlo\u201d.<\/p>\n<p style=\"text-align: justify;\">La \u00fanica l\u00ednea de continuidad \u2014gobierno\u2014 es usar a las Fuerzas Armadas, pero la verdadera estrategia era tener una reconstrucci\u00f3n de polic\u00edas municipales y estatales,\u00a0 una transformaci\u00f3n de los sistemas penitenciarios y una concurrencia de poderes para discutir la Ley de Seguridad Interior\u201d, explic\u00f3 Oliva.<\/p>\n<p style=\"text-align: justify;\">La sociedad civil tambi\u00e9n se ha sumado a la petici\u00f3n de reformar a los cuerpos de seguridad para contar con mejores elementos a partir de mejores condiciones de salarios y calidad de vida.<\/p>\n<p style=\"text-align: justify;\">Falta mucho para sentar las bases de un pa\u00eds m\u00e1s seguro y menos violento. Proponemos que el gobierno federal, estatales, partidos, organizaciones empresariales, acad\u00e9micas y sociedad acordemos un pacto por una pol\u00edtica de Estado en materia de seguridad\u201d, dijo Mar\u00eda Elena Morera, presidenta de Ciudadanos por una Causa en Com\u00fan.<\/p>\n<p style=\"text-align: justify;\">Con informaci\u00f3n de Exc\u00e9lsior.<\/p>\n","protected":false},"excerpt":{"rendered":"","protected":false},"author":6,"featured_media":9798,"comment_status":"open","ping_status":"open","sticky":false,"template":"","format":"standard","meta":{"_acf_changed":false,"_monsterinsights_skip_tracking":false,"slim_seo":{"title":"Otra historia de impunidad; mil 200 federales ca\u00eddos entre 2006 y 2016 - Opini\u00f3n P\u00fablica","description":"Entre el 1 de enero de 2006 y el 30 de noviembre de 2016, m\u00e1s de mil 200 elementos de las Fuerzas Federales han perdido la vida en el combate contra el crimen o"},"footnotes":""},"categories":[14],"tags":[],"class_list":["post-9802","post","type-post","status-publish","format-standard","has-post-thumbnail","hentry","category-historias"],"acf":[],"_links":{"self":[{"href":"https:\/\/www.opinionpublica.tv\/portada\/wp-json\/wp\/v2\/posts\/9802","targetHints":{"allow":["GET"]}}],"collection":[{"href":"https:\/\/www.opinionpublica.tv\/portada\/wp-json\/wp\/v2\/posts"}],"about":[{"href":"https:\/\/www.opinionpublica.tv\/portada\/wp-json\/wp\/v2\/types\/post"}],"author":[{"embeddable":true,"href":"https:\/\/www.opinionpublica.tv\/portada\/wp-json\/wp\/v2\/users\/6"}],"replies":[{"embeddable":true,"href":"https:\/\/www.opinionpublica.tv\/portada\/wp-json\/wp\/v2\/comments?post=9802"}],"version-history":[{"count":0,"href":"https:\/\/www.opinionpublica.tv\/portada\/wp-json\/wp\/v2\/posts\/9802\/revisions"}],"wp:featuredmedia":[{"embeddable":true,"href":"https:\/\/www.opinionpublica.tv\/portada\/wp-json\/wp\/v2\/media\/9798"}],"wp:attachment":[{"href":"https:\/\/www.opinionpublica.tv\/portada\/wp-json\/wp\/v2\/media?parent=9802"}],"wp:term":[{"taxonomy":"category","embeddable":true,"href":"https:\/\/www.opinionpublica.tv\/portada\/wp-json\/wp\/v2\/categories?post=9802"},{"taxonomy":"post_tag","embeddable":true,"href":"https:\/\/www.opinionpublica.tv\/portada\/wp-json\/wp\/v2\/tags?post=9802"}],"curies":[{"name":"wp","href":"https:\/\/api.w.org\/{rel}","templated":true}]}}