{"id":9616,"date":"2016-12-07T07:00:00","date_gmt":"2016-12-07T06:00:00","guid":{"rendered":"https:\/\/www.opinionpublica.tv\/portada\/2016\/12\/07\/piden-ayuda-para-localizar-a-tres-jovenes-y-una-nina-desaparecidas\/"},"modified":"2016-12-07T07:00:00","modified_gmt":"2016-12-07T06:00:00","slug":"piden-ayuda-para-localizar-a-tres-jovenes-y-una-nina-desaparecidas","status":"publish","type":"post","link":"https:\/\/www.opinionpublica.tv\/portada\/piden-ayuda-para-localizar-a-tres-jovenes-y-una-nina-desaparecidas\/","title":{"rendered":"Piden ayuda para localizar a tres j\u00f3venes y una ni\u00f1a desaparecidas"},"content":{"rendered":"<p><img fetchpriority=\"high\" decoding=\"async\" class=\" size-full wp-image-9615\" src=\"https:\/\/www.opinionpublica.tv\/portada\/wp-content\/uploads\/2016\/12\/1a433541e65414df20576fb99fc2bb65.jpg\" alt=\"\" width=\"700\" height=\"383\" srcset=\"https:\/\/www.opinionpublica.tv\/portada\/wp-content\/uploads\/2016\/12\/1a433541e65414df20576fb99fc2bb65.jpg 700w, https:\/\/www.opinionpublica.tv\/portada\/wp-content\/uploads\/2016\/12\/1a433541e65414df20576fb99fc2bb65-300x164.jpg 300w\" sizes=\"(max-width: 700px) 100vw, 700px\" \/><br \/>\n<!--more--><\/p>\n<p style=\"text-align: justify;\">La Fiscal\u00eda General Del Estado solicit\u00f3 ayuda de la ciudadan\u00eda para localizar a tres j\u00f3venes desaparecidas en Ciudad Ju\u00e1rez. Cabe mencionar que una de ella llevaba a su hija de dos a\u00f1os antes de su desaparici\u00f3n.<\/p>\n<p style=\"text-align: justify;\">\u00a0<\/p>\n<p style=\"text-align: justify;\">Las mujeres desaparecidas son:<\/p>\n<p style=\"text-align: justify;\">\u00a0<\/p>\n<p style=\"text-align: justify;\"><strong>Irma Alejandra Canales<\/strong><\/p>\n<ul style=\"text-align: justify;\">\n<li>Tez: Morena clara<\/li>\n<li>Estatura: 1.55 cent\u00edmetros<\/li>\n<li>Cabello: Rojizo ondulado<\/li>\n<li>Fecha de los hechos: 17 de octubre de 2016<\/li>\n<li>Fecha de nacimiento: 22 de mayo de 1992<\/li>\n<li>Lugar de nacimiento: Ciudad Ju\u00e1rez, Chihuahua<\/li>\n<li>Edad: 24 a\u00f1os<\/li>\n<li>Lugar: Frac. Senderos de San Isidro<\/li>\n<li>Ojos: Caf\u00e9 oscuros<\/li>\n<li>Complexi\u00f3n: Media<\/li>\n<\/ul>\n<p style=\"text-align: justify;\">\u00a0<\/p>\n<p style=\"text-align: justify;\"><strong>Ashley Ivonne Duarte Moreno<\/strong><\/p>\n<ul style=\"text-align: justify;\">\n<li>Complexi\u00f3n: Regular<\/li>\n<li>Ojos: Caf\u00e9 claro<\/li>\n<li>Lugar: Colonia Carlos Castillo Peraza<\/li>\n<li>Edad: 16 a\u00f1os<\/li>\n<li>Lugar de nacimiento: Ciudad de M\u00e9xico<\/li>\n<li>Fecha de nacimiento: 13 de abril de 2000<\/li>\n<li>Fecha de los hechos: 05 de diciembre de 2016<\/li>\n<li>Cabello: Oscuro<\/li>\n<li>Estatura: 1.57 metros<\/li>\n<li>Tez: Blanca<\/li>\n<\/ul>\n<p style=\"text-align: justify;\">\u00a0<\/p>\n<p style=\"text-align: justify;\"><strong>Ceigna Yaneth Zamudio Cobos<\/strong><\/p>\n<ul style=\"text-align: justify;\">\n<li>Complexi\u00f3n: Regular<\/li>\n<li>Color de ojos: Caf\u00e9 obscuros<\/li>\n<li>Lugar: Colonia Real del Desierto<\/li>\n<li>Edad: 18 a\u00f1os<\/li>\n<li>Lugar De Nacimiento: Cd. Ju\u00e1rez, Chihuahua<\/li>\n<li>Fecha de Nacimiento: 25 De septiembre De 1998<\/li>\n<li>Fecha de los hechos: 03 de diciembre del 2016<\/li>\n<li>Cabello: Casta\u00f1o<\/li>\n<li>Estatura: 162 cent\u00edmetros<\/li>\n<li>Tez: Blanca<\/li>\n<\/ul>\n<p style=\"text-align: justify;\">\u00a0<\/p>\n<p style=\"text-align: justify;\">Yaneth sali\u00f3 de su vivienda en la colonia Real Del Desierto junto con su hija de dos a\u00f1os. Hasta el momento, se desconoce el paradero de ambas.<\/p>\n","protected":false},"excerpt":{"rendered":"","protected":false},"author":4,"featured_media":9615,"comment_status":"open","ping_status":"open","sticky":false,"template":"","format":"standard","meta":{"_acf_changed":false,"_monsterinsights_skip_tracking":false,"slim_seo":{"title":"Piden ayuda para localizar a tres j\u00f3venes y una ni\u00f1a desaparecidas - Opini\u00f3n P\u00fablica","description":"La Fiscal\u00eda General Del Estado solicit\u00f3 ayuda de la ciudadan\u00eda para localizar a tres j\u00f3venes desaparecidas en Ciudad Ju\u00e1rez. Cabe mencionar que una de ella llev"},"footnotes":""},"categories":[5],"tags":[],"class_list":["post-9616","post","type-post","status-publish","format-standard","has-post-thumbnail","hentry","category-frontera"],"acf":[],"_links":{"self":[{"href":"https:\/\/www.opinionpublica.tv\/portada\/wp-json\/wp\/v2\/posts\/9616","targetHints":{"allow":["GET"]}}],"collection":[{"href":"https:\/\/www.opinionpublica.tv\/portada\/wp-json\/wp\/v2\/posts"}],"about":[{"href":"https:\/\/www.opinionpublica.tv\/portada\/wp-json\/wp\/v2\/types\/post"}],"author":[{"embeddable":true,"href":"https:\/\/www.opinionpublica.tv\/portada\/wp-json\/wp\/v2\/users\/4"}],"replies":[{"embeddable":true,"href":"https:\/\/www.opinionpublica.tv\/portada\/wp-json\/wp\/v2\/comments?post=9616"}],"version-history":[{"count":0,"href":"https:\/\/www.opinionpublica.tv\/portada\/wp-json\/wp\/v2\/posts\/9616\/revisions"}],"wp:featuredmedia":[{"embeddable":true,"href":"https:\/\/www.opinionpublica.tv\/portada\/wp-json\/wp\/v2\/media\/9615"}],"wp:attachment":[{"href":"https:\/\/www.opinionpublica.tv\/portada\/wp-json\/wp\/v2\/media?parent=9616"}],"wp:term":[{"taxonomy":"category","embeddable":true,"href":"https:\/\/www.opinionpublica.tv\/portada\/wp-json\/wp\/v2\/categories?post=9616"},{"taxonomy":"post_tag","embeddable":true,"href":"https:\/\/www.opinionpublica.tv\/portada\/wp-json\/wp\/v2\/tags?post=9616"}],"curies":[{"name":"wp","href":"https:\/\/api.w.org\/{rel}","templated":true}]}}