{"id":9610,"date":"2016-12-07T07:00:00","date_gmt":"2016-12-07T06:00:00","guid":{"rendered":"https:\/\/www.opinionpublica.tv\/portada\/2016\/12\/07\/firman-convenio-dif-y-sedesol-inauguran-comedor-comunitario\/"},"modified":"2016-12-07T07:00:00","modified_gmt":"2016-12-07T06:00:00","slug":"firman-convenio-dif-y-sedesol-inauguran-comedor-comunitario","status":"publish","type":"post","link":"https:\/\/www.opinionpublica.tv\/portada\/firman-convenio-dif-y-sedesol-inauguran-comedor-comunitario\/","title":{"rendered":"Firman convenio DIF y Sedesol; Inauguran comedor comunitario"},"content":{"rendered":"<p><img fetchpriority=\"high\" decoding=\"async\" class=\" size-full wp-image-9609\" src=\"https:\/\/www.opinionpublica.tv\/portada\/wp-content\/uploads\/2016\/12\/c1ca95e24fbe1ede6a9d61645099f1fd.jpg\" alt=\"\" width=\"640\" height=\"442\" srcset=\"https:\/\/www.opinionpublica.tv\/portada\/wp-content\/uploads\/2016\/12\/c1ca95e24fbe1ede6a9d61645099f1fd.jpg 640w, https:\/\/www.opinionpublica.tv\/portada\/wp-content\/uploads\/2016\/12\/c1ca95e24fbe1ede6a9d61645099f1fd-300x207.jpg 300w\" sizes=\"(max-width: 640px) 100vw, 640px\" \/><br \/>\n<!--more--><\/p>\n<p style=\"text-align: justify;\">El presidente Municipal, Armando Cabada y el delegado de Sedesol, Jos\u00e9 Luis de la Madrid firmaron un convenio para colaborar y llevar alimento a 300 personas de escasos recursos.<\/p>\n<p style=\"text-align: justify;\">Ambos funcionarios realizaron la tarde de este mi\u00e9rcoles la inauguraci\u00f3n de un comedor comunitario, en el que se pretende alimentar diariamente a 300 personas.<\/p>\n<p style=\"text-align: justify;\">El establecimiento se encuentra ubicado en las calles 20 de Noviembre y Constituci\u00f3n, frente al Monumento Benito Ju\u00e1rez.<\/p>\n<p style=\"text-align: justify;\">A su vez comentaron que implementar\u00e1n el programa de asistencia alimentaria en 126 escuelas, por lo que ser\u00e1n beneficiados alrededor de 12 mil 300 personas.<\/p>\n","protected":false},"excerpt":{"rendered":"","protected":false},"author":4,"featured_media":9609,"comment_status":"open","ping_status":"open","sticky":false,"template":"","format":"standard","meta":{"_acf_changed":false,"_monsterinsights_skip_tracking":false,"slim_seo":{"title":"Firman convenio DIF y Sedesol; Inauguran comedor comunitario - Opini\u00f3n P\u00fablica","description":"El presidente Municipal, Armando Cabada y el delegado de Sedesol, Jos\u00e9 Luis de la Madrid firmaron un convenio para colaborar y llevar alimento a 300 personas de"},"footnotes":""},"categories":[5],"tags":[],"class_list":["post-9610","post","type-post","status-publish","format-standard","has-post-thumbnail","hentry","category-frontera"],"acf":[],"_links":{"self":[{"href":"https:\/\/www.opinionpublica.tv\/portada\/wp-json\/wp\/v2\/posts\/9610","targetHints":{"allow":["GET"]}}],"collection":[{"href":"https:\/\/www.opinionpublica.tv\/portada\/wp-json\/wp\/v2\/posts"}],"about":[{"href":"https:\/\/www.opinionpublica.tv\/portada\/wp-json\/wp\/v2\/types\/post"}],"author":[{"embeddable":true,"href":"https:\/\/www.opinionpublica.tv\/portada\/wp-json\/wp\/v2\/users\/4"}],"replies":[{"embeddable":true,"href":"https:\/\/www.opinionpublica.tv\/portada\/wp-json\/wp\/v2\/comments?post=9610"}],"version-history":[{"count":0,"href":"https:\/\/www.opinionpublica.tv\/portada\/wp-json\/wp\/v2\/posts\/9610\/revisions"}],"wp:featuredmedia":[{"embeddable":true,"href":"https:\/\/www.opinionpublica.tv\/portada\/wp-json\/wp\/v2\/media\/9609"}],"wp:attachment":[{"href":"https:\/\/www.opinionpublica.tv\/portada\/wp-json\/wp\/v2\/media?parent=9610"}],"wp:term":[{"taxonomy":"category","embeddable":true,"href":"https:\/\/www.opinionpublica.tv\/portada\/wp-json\/wp\/v2\/categories?post=9610"},{"taxonomy":"post_tag","embeddable":true,"href":"https:\/\/www.opinionpublica.tv\/portada\/wp-json\/wp\/v2\/tags?post=9610"}],"curies":[{"name":"wp","href":"https:\/\/api.w.org\/{rel}","templated":true}]}}