{"id":9606,"date":"2016-12-07T07:00:00","date_gmt":"2016-12-07T06:00:00","guid":{"rendered":"https:\/\/www.opinionpublica.tv\/portada\/2016\/12\/07\/mas-de-2-mil-200-personas-se-han-inscrito-al-programa-soy-mexico\/"},"modified":"2016-12-07T07:00:00","modified_gmt":"2016-12-07T06:00:00","slug":"mas-de-2-mil-200-personas-se-han-inscrito-al-programa-soy-mexico","status":"publish","type":"post","link":"https:\/\/www.opinionpublica.tv\/portada\/mas-de-2-mil-200-personas-se-han-inscrito-al-programa-soy-mexico\/","title":{"rendered":"M\u00e1s de 2 mil 200 personas se han inscrito al Programa Soy M\u00e9xico"},"content":{"rendered":"<p><img fetchpriority=\"high\" decoding=\"async\" class=\" size-full wp-image-9605\" src=\"https:\/\/www.opinionpublica.tv\/portada\/wp-content\/uploads\/2016\/12\/f54f5eacd0a6f73edff93d6d704e627a-scaled.jpg\" alt=\"\" width=\"2560\" height=\"1753\" srcset=\"https:\/\/www.opinionpublica.tv\/portada\/wp-content\/uploads\/2016\/12\/f54f5eacd0a6f73edff93d6d704e627a-scaled.jpg 2560w, https:\/\/www.opinionpublica.tv\/portada\/wp-content\/uploads\/2016\/12\/f54f5eacd0a6f73edff93d6d704e627a-300x205.jpg 300w\" sizes=\"(max-width: 2560px) 100vw, 2560px\" \/><br \/>\n<!--more--><\/p>\n<p style=\"text-align: justify;\">Un total de 2 mil 260 personas se han inscrito hasta la fecha para recibir los beneficios del Programa Soy M\u00e9xico, que promueve el Gobierno del Estado a trav\u00e9s del Registro Civil, con objeto de brindar el servicio gratuito en el tr\u00e1mite de doble nacionalidad M\u00e9xico-Estados Unidos.<\/p>\n<p style=\"text-align: justify;\">El programa inici\u00f3 el d\u00eda 9 del mes pasado y concluir\u00e1 el viernes 9 de diciembre del presente a\u00f1o.<\/p>\n<p style=\"text-align: justify;\">El d\u00eda 19 de diciembre se tiene proyectado entregar las actas de nacimiento a todas las personas que se hayan inscrito en este programa, en un lugar que se dar\u00e1 a conocer en los pr\u00f3ximos d\u00edas.<\/p>\n<p style=\"text-align: justify;\">Este sistema ofrece una soluci\u00f3n para las dificultades que ni\u00f1as, ni\u00f1os y adolescentes de origen mexicano, nacidos en los Estados Unidos, enfrentan para su ingreso a la educaci\u00f3n en M\u00e9xico.<\/p>\n<p style=\"text-align: justify;\">Con este programa se dispensa temporalmente el requisito de la postilla y la traducci\u00f3n del documento extranjero, esto significa un ahorro directo de alrededor de 700 pesos para las familias, para que de esta forma obtengan el documento oficial que los acredita como ciudadanos mexicanos y en consecuencia puedan obtener la Clave \u00danica de Registro de Poblaci\u00f3n (CURP) que se utiliza en tr\u00e1mites escolares y de salud, entre otros.<\/p>\n<p style=\"text-align: justify;\">Los requisitos para inscribirse al Programa Soy M\u00e9xico, son los siguientes: el acta de nacimiento norteamericana del menor, el acta de nacimiento mexicana de la mam\u00e1 o el pap\u00e1, as\u00ed como una identificaci\u00f3n con fotograf\u00eda.<\/p>\n<p style=\"text-align: justify;\">El tr\u00e1mite de inscripci\u00f3n solo se puede realizar en las oficinas del Registro Civil ubicadas en Francisco Villa e Ing. David Herrera Jord\u00e1n, as\u00ed como en la Unidad Administrativa de Gobierno del Estado \u201cJos\u00e9 Mar\u00eda Morelos y Pav\u00f3n, de Lincoln y Zempoala, del Fraccionamiento C\u00f3rdova-Am\u00e9ricas.<\/p>\n<p style=\"text-align: justify;\">Lo anterior fue dado a conocer en conferencia de prensa por Ger\u00f3nimo Arecco L\u00f3pez y Lourdes Barroso Astorga, Oficial del Registro Civil en Zaragoza y responsable de inscripci\u00f3n, respectivamente.<\/p>\n","protected":false},"excerpt":{"rendered":"","protected":false},"author":4,"featured_media":9605,"comment_status":"open","ping_status":"open","sticky":false,"template":"","format":"standard","meta":{"_acf_changed":false,"_monsterinsights_skip_tracking":false,"slim_seo":{"title":"M\u00e1s de 2 mil 200 personas se han inscrito al Programa Soy M\u00e9xico - Opini\u00f3n P\u00fablica","description":"Un total de 2 mil 260 personas se han inscrito hasta la fecha para recibir los beneficios del Programa Soy M\u00e9xico, que promueve el Gobierno del Estado a trav\u00e9s"},"footnotes":""},"categories":[5],"tags":[],"class_list":["post-9606","post","type-post","status-publish","format-standard","has-post-thumbnail","hentry","category-frontera"],"acf":[],"_links":{"self":[{"href":"https:\/\/www.opinionpublica.tv\/portada\/wp-json\/wp\/v2\/posts\/9606","targetHints":{"allow":["GET"]}}],"collection":[{"href":"https:\/\/www.opinionpublica.tv\/portada\/wp-json\/wp\/v2\/posts"}],"about":[{"href":"https:\/\/www.opinionpublica.tv\/portada\/wp-json\/wp\/v2\/types\/post"}],"author":[{"embeddable":true,"href":"https:\/\/www.opinionpublica.tv\/portada\/wp-json\/wp\/v2\/users\/4"}],"replies":[{"embeddable":true,"href":"https:\/\/www.opinionpublica.tv\/portada\/wp-json\/wp\/v2\/comments?post=9606"}],"version-history":[{"count":0,"href":"https:\/\/www.opinionpublica.tv\/portada\/wp-json\/wp\/v2\/posts\/9606\/revisions"}],"wp:featuredmedia":[{"embeddable":true,"href":"https:\/\/www.opinionpublica.tv\/portada\/wp-json\/wp\/v2\/media\/9605"}],"wp:attachment":[{"href":"https:\/\/www.opinionpublica.tv\/portada\/wp-json\/wp\/v2\/media?parent=9606"}],"wp:term":[{"taxonomy":"category","embeddable":true,"href":"https:\/\/www.opinionpublica.tv\/portada\/wp-json\/wp\/v2\/categories?post=9606"},{"taxonomy":"post_tag","embeddable":true,"href":"https:\/\/www.opinionpublica.tv\/portada\/wp-json\/wp\/v2\/tags?post=9606"}],"curies":[{"name":"wp","href":"https:\/\/api.w.org\/{rel}","templated":true}]}}