{"id":9601,"date":"2016-12-07T07:00:00","date_gmt":"2016-12-07T06:00:00","guid":{"rendered":"https:\/\/www.opinionpublica.tv\/portada\/2016\/12\/07\/fotos-los-7-nominados-a-mejor-coche-del-ano-2017\/"},"modified":"2016-12-07T07:00:00","modified_gmt":"2016-12-07T06:00:00","slug":"fotos-los-7-nominados-a-mejor-coche-del-ano-2017","status":"publish","type":"post","link":"https:\/\/www.opinionpublica.tv\/portada\/fotos-los-7-nominados-a-mejor-coche-del-ano-2017\/","title":{"rendered":"Fotos: Los 7 nominados a mejor Coche del A\u00f1o 2017"},"content":{"rendered":"<p><img fetchpriority=\"high\" decoding=\"async\" class=\" size-full wp-image-9586\" src=\"https:\/\/www.opinionpublica.tv\/portada\/wp-content\/uploads\/2016\/12\/b858dc03bb496ce9776eefb318ee70e6.jpg\" alt=\"\" width=\"944\" height=\"629\" srcset=\"https:\/\/www.opinionpublica.tv\/portada\/wp-content\/uploads\/2016\/12\/b858dc03bb496ce9776eefb318ee70e6.jpg 944w, https:\/\/www.opinionpublica.tv\/portada\/wp-content\/uploads\/2016\/12\/b858dc03bb496ce9776eefb318ee70e6-300x200.jpg 300w, https:\/\/www.opinionpublica.tv\/portada\/wp-content\/uploads\/2016\/12\/b858dc03bb496ce9776eefb318ee70e6-768x512.jpg 768w\" sizes=\"(max-width: 944px) 100vw, 944px\" \/><br \/>\n<!--more--><\/p>\n<p style=\"text-align: justify;\">El jurado del coche del a\u00f1o he hecho p\u00fablica la lista con los siete nominados. El ganador se dar\u00e1 a conocer el 6 de marzo en el marco del Sal\u00f3n del Autom\u00f3vil de Ginebra. M\u00e1s informaci\u00f3n de los nominados a coche del a\u00f1o 2017.<\/p>\n<p><img decoding=\"async\" class=\" size-full wp-image-9587\" src=\"https:\/\/www.opinionpublica.tv\/portada\/wp-content\/uploads\/2016\/12\/357584944628.jpg\" width=\"944\" height=\"628\" srcset=\"https:\/\/www.opinionpublica.tv\/portada\/wp-content\/uploads\/2016\/12\/357584944628.jpg 944w, https:\/\/www.opinionpublica.tv\/portada\/wp-content\/uploads\/2016\/12\/357584944628-300x200.jpg 300w, https:\/\/www.opinionpublica.tv\/portada\/wp-content\/uploads\/2016\/12\/357584944628-768x511.jpg 768w\" sizes=\"(max-width: 944px) 100vw, 944px\" \/><\/p>\n<p style=\"text-align: justify;\"><img decoding=\"async\" class=\" size-full wp-image-9588\" src=\"https:\/\/www.opinionpublica.tv\/portada\/wp-content\/uploads\/2016\/12\/357600944629.jpg\" width=\"944\" height=\"629\" srcset=\"https:\/\/www.opinionpublica.tv\/portada\/wp-content\/uploads\/2016\/12\/357600944629.jpg 944w, https:\/\/www.opinionpublica.tv\/portada\/wp-content\/uploads\/2016\/12\/357600944629-300x200.jpg 300w, https:\/\/www.opinionpublica.tv\/portada\/wp-content\/uploads\/2016\/12\/357600944629-768x512.jpg 768w\" sizes=\"(max-width: 944px) 100vw, 944px\" \/><\/p>\n<p style=\"text-align: justify;\"><img loading=\"lazy\" decoding=\"async\" class=\" size-full wp-image-9589\" src=\"https:\/\/www.opinionpublica.tv\/portada\/wp-content\/uploads\/2016\/12\/341884944629.jpg\" width=\"944\" height=\"629\" srcset=\"https:\/\/www.opinionpublica.tv\/portada\/wp-content\/uploads\/2016\/12\/341884944629.jpg 944w, https:\/\/www.opinionpublica.tv\/portada\/wp-content\/uploads\/2016\/12\/341884944629-300x200.jpg 300w, https:\/\/www.opinionpublica.tv\/portada\/wp-content\/uploads\/2016\/12\/341884944629-768x512.jpg 768w\" sizes=\"(max-width: 944px) 100vw, 944px\" \/><\/p>\n<p style=\"text-align: justify;\"><img loading=\"lazy\" decoding=\"async\" class=\" size-full wp-image-9590\" src=\"https:\/\/www.opinionpublica.tv\/portada\/wp-content\/uploads\/2016\/12\/341878944629.jpg\" width=\"944\" height=\"629\" srcset=\"https:\/\/www.opinionpublica.tv\/portada\/wp-content\/uploads\/2016\/12\/341878944629.jpg 944w, https:\/\/www.opinionpublica.tv\/portada\/wp-content\/uploads\/2016\/12\/341878944629-300x200.jpg 300w, https:\/\/www.opinionpublica.tv\/portada\/wp-content\/uploads\/2016\/12\/341878944629-768x512.jpg 768w\" sizes=\"(max-width: 944px) 100vw, 944px\" \/><\/p>\n<p style=\"text-align: justify;\"><img loading=\"lazy\" decoding=\"async\" class=\" size-full wp-image-9591\" src=\"https:\/\/www.opinionpublica.tv\/portada\/wp-content\/uploads\/2016\/12\/313828944629.jpg\" width=\"944\" height=\"629\" srcset=\"https:\/\/www.opinionpublica.tv\/portada\/wp-content\/uploads\/2016\/12\/313828944629.jpg 944w, https:\/\/www.opinionpublica.tv\/portada\/wp-content\/uploads\/2016\/12\/313828944629-300x200.jpg 300w, https:\/\/www.opinionpublica.tv\/portada\/wp-content\/uploads\/2016\/12\/313828944629-768x512.jpg 768w\" sizes=\"(max-width: 944px) 100vw, 944px\" \/><\/p>\n<p style=\"text-align: justify;\"><img loading=\"lazy\" decoding=\"async\" class=\" size-full wp-image-9592\" src=\"https:\/\/www.opinionpublica.tv\/portada\/wp-content\/uploads\/2016\/12\/313830944629.jpg\" width=\"944\" height=\"629\" srcset=\"https:\/\/www.opinionpublica.tv\/portada\/wp-content\/uploads\/2016\/12\/313830944629.jpg 944w, https:\/\/www.opinionpublica.tv\/portada\/wp-content\/uploads\/2016\/12\/313830944629-300x200.jpg 300w, https:\/\/www.opinionpublica.tv\/portada\/wp-content\/uploads\/2016\/12\/313830944629-768x512.jpg 768w\" sizes=\"(max-width: 944px) 100vw, 944px\" \/><\/p>\n<p style=\"text-align: justify;\"><img loading=\"lazy\" decoding=\"async\" class=\" size-full wp-image-9593\" src=\"https:\/\/www.opinionpublica.tv\/portada\/wp-content\/uploads\/2016\/12\/384041944629.jpg\" width=\"944\" height=\"629\" srcset=\"https:\/\/www.opinionpublica.tv\/portada\/wp-content\/uploads\/2016\/12\/384041944629.jpg 944w, https:\/\/www.opinionpublica.tv\/portada\/wp-content\/uploads\/2016\/12\/384041944629-300x200.jpg 300w, https:\/\/www.opinionpublica.tv\/portada\/wp-content\/uploads\/2016\/12\/384041944629-768x512.jpg 768w\" sizes=\"(max-width: 944px) 100vw, 944px\" \/><img loading=\"lazy\" decoding=\"async\" class=\" size-full wp-image-9594\" src=\"https:\/\/www.opinionpublica.tv\/portada\/wp-content\/uploads\/2016\/12\/384042944629.jpg\" width=\"944\" height=\"629\" srcset=\"https:\/\/www.opinionpublica.tv\/portada\/wp-content\/uploads\/2016\/12\/384042944629.jpg 944w, https:\/\/www.opinionpublica.tv\/portada\/wp-content\/uploads\/2016\/12\/384042944629-300x200.jpg 300w, https:\/\/www.opinionpublica.tv\/portada\/wp-content\/uploads\/2016\/12\/384042944629-768x512.jpg 768w\" sizes=\"(max-width: 944px) 100vw, 944px\" \/><\/p>\n<p style=\"text-align: justify;\"><img loading=\"lazy\" decoding=\"async\" class=\" size-full wp-image-9595\" src=\"https:\/\/www.opinionpublica.tv\/portada\/wp-content\/uploads\/2016\/12\/384043944629.jpg\" width=\"944\" height=\"629\" srcset=\"https:\/\/www.opinionpublica.tv\/portada\/wp-content\/uploads\/2016\/12\/384043944629.jpg 944w, https:\/\/www.opinionpublica.tv\/portada\/wp-content\/uploads\/2016\/12\/384043944629-300x200.jpg 300w, https:\/\/www.opinionpublica.tv\/portada\/wp-content\/uploads\/2016\/12\/384043944629-768x512.jpg 768w\" sizes=\"(max-width: 944px) 100vw, 944px\" \/><img loading=\"lazy\" decoding=\"async\" class=\" size-full wp-image-9596\" src=\"https:\/\/www.opinionpublica.tv\/portada\/wp-content\/uploads\/2016\/12\/384046944629.jpg\" width=\"944\" height=\"629\" srcset=\"https:\/\/www.opinionpublica.tv\/portada\/wp-content\/uploads\/2016\/12\/384046944629.jpg 944w, https:\/\/www.opinionpublica.tv\/portada\/wp-content\/uploads\/2016\/12\/384046944629-300x200.jpg 300w, https:\/\/www.opinionpublica.tv\/portada\/wp-content\/uploads\/2016\/12\/384046944629-768x512.jpg 768w\" sizes=\"(max-width: 944px) 100vw, 944px\" \/><\/p>\n<p style=\"text-align: justify;\"><img loading=\"lazy\" decoding=\"async\" class=\" size-full wp-image-9597\" src=\"https:\/\/www.opinionpublica.tv\/portada\/wp-content\/uploads\/2016\/12\/288629944629.jpg\" width=\"944\" height=\"629\" srcset=\"https:\/\/www.opinionpublica.tv\/portada\/wp-content\/uploads\/2016\/12\/288629944629.jpg 944w, https:\/\/www.opinionpublica.tv\/portada\/wp-content\/uploads\/2016\/12\/288629944629-300x200.jpg 300w, https:\/\/www.opinionpublica.tv\/portada\/wp-content\/uploads\/2016\/12\/288629944629-768x512.jpg 768w\" sizes=\"(max-width: 944px) 100vw, 944px\" \/><\/p>\n<p style=\"text-align: justify;\"><img loading=\"lazy\" decoding=\"async\" class=\" size-full wp-image-9598\" src=\"https:\/\/www.opinionpublica.tv\/portada\/wp-content\/uploads\/2016\/12\/288634944629.jpg\" width=\"944\" height=\"629\" srcset=\"https:\/\/www.opinionpublica.tv\/portada\/wp-content\/uploads\/2016\/12\/288634944629.jpg 944w, https:\/\/www.opinionpublica.tv\/portada\/wp-content\/uploads\/2016\/12\/288634944629-300x200.jpg 300w, https:\/\/www.opinionpublica.tv\/portada\/wp-content\/uploads\/2016\/12\/288634944629-768x512.jpg 768w\" sizes=\"(max-width: 944px) 100vw, 944px\" \/><\/p>\n<p style=\"text-align: justify;\"><img loading=\"lazy\" decoding=\"async\" class=\" size-full wp-image-9599\" src=\"https:\/\/www.opinionpublica.tv\/portada\/wp-content\/uploads\/2016\/12\/384048944629.jpg\" width=\"944\" height=\"629\" srcset=\"https:\/\/www.opinionpublica.tv\/portada\/wp-content\/uploads\/2016\/12\/384048944629.jpg 944w, https:\/\/www.opinionpublica.tv\/portada\/wp-content\/uploads\/2016\/12\/384048944629-300x200.jpg 300w, https:\/\/www.opinionpublica.tv\/portada\/wp-content\/uploads\/2016\/12\/384048944629-768x512.jpg 768w\" sizes=\"(max-width: 944px) 100vw, 944px\" \/><\/p>\n<p style=\"text-align: justify;\">\u00a0<\/p>\n<p style=\"text-align: justify;\"><img loading=\"lazy\" decoding=\"async\" class=\" size-full wp-image-9600\" src=\"https:\/\/www.opinionpublica.tv\/portada\/wp-content\/uploads\/2016\/12\/384050944629.jpg\" width=\"944\" height=\"629\" srcset=\"https:\/\/www.opinionpublica.tv\/portada\/wp-content\/uploads\/2016\/12\/384050944629.jpg 944w, https:\/\/www.opinionpublica.tv\/portada\/wp-content\/uploads\/2016\/12\/384050944629-300x200.jpg 300w, https:\/\/www.opinionpublica.tv\/portada\/wp-content\/uploads\/2016\/12\/384050944629-768x512.jpg 768w\" sizes=\"(max-width: 944px) 100vw, 944px\" \/><\/p>\n","protected":false},"excerpt":{"rendered":"","protected":false},"author":1,"featured_media":9586,"comment_status":"open","ping_status":"open","sticky":false,"template":"","format":"standard","meta":{"_acf_changed":false,"_monsterinsights_skip_tracking":false,"slim_seo":{"title":"Fotos: Los 7 nominados a mejor Coche del A\u00f1o 2017 - Opini\u00f3n P\u00fablica","description":"El jurado del coche del a\u00f1o he hecho p\u00fablica la lista con los siete nominados. El ganador se dar\u00e1 a conocer el 6 de marzo en el marco del Sal\u00f3n del Autom\u00f3vil de"},"footnotes":""},"categories":[15],"tags":[],"class_list":["post-9601","post","type-post","status-publish","format-standard","has-post-thumbnail","hentry","category-galerias"],"acf":[],"_links":{"self":[{"href":"https:\/\/www.opinionpublica.tv\/portada\/wp-json\/wp\/v2\/posts\/9601","targetHints":{"allow":["GET"]}}],"collection":[{"href":"https:\/\/www.opinionpublica.tv\/portada\/wp-json\/wp\/v2\/posts"}],"about":[{"href":"https:\/\/www.opinionpublica.tv\/portada\/wp-json\/wp\/v2\/types\/post"}],"author":[{"embeddable":true,"href":"https:\/\/www.opinionpublica.tv\/portada\/wp-json\/wp\/v2\/users\/1"}],"replies":[{"embeddable":true,"href":"https:\/\/www.opinionpublica.tv\/portada\/wp-json\/wp\/v2\/comments?post=9601"}],"version-history":[{"count":0,"href":"https:\/\/www.opinionpublica.tv\/portada\/wp-json\/wp\/v2\/posts\/9601\/revisions"}],"wp:featuredmedia":[{"embeddable":true,"href":"https:\/\/www.opinionpublica.tv\/portada\/wp-json\/wp\/v2\/media\/9586"}],"wp:attachment":[{"href":"https:\/\/www.opinionpublica.tv\/portada\/wp-json\/wp\/v2\/media?parent=9601"}],"wp:term":[{"taxonomy":"category","embeddable":true,"href":"https:\/\/www.opinionpublica.tv\/portada\/wp-json\/wp\/v2\/categories?post=9601"},{"taxonomy":"post_tag","embeddable":true,"href":"https:\/\/www.opinionpublica.tv\/portada\/wp-json\/wp\/v2\/tags?post=9601"}],"curies":[{"name":"wp","href":"https:\/\/api.w.org\/{rel}","templated":true}]}}