{"id":9581,"date":"2016-12-07T07:00:00","date_gmt":"2016-12-07T06:00:00","guid":{"rendered":"https:\/\/www.opinionpublica.tv\/portada\/2016\/12\/07\/construye-municipio-200-cuartos-rosas-en-45-dias\/"},"modified":"2016-12-07T07:00:00","modified_gmt":"2016-12-07T06:00:00","slug":"construye-municipio-200-cuartos-rosas-en-45-dias","status":"publish","type":"post","link":"https:\/\/www.opinionpublica.tv\/portada\/construye-municipio-200-cuartos-rosas-en-45-dias\/","title":{"rendered":"Construye Municipio 200 \u201cCuartos Rosas\u201d en 45 d\u00edas"},"content":{"rendered":"<p><img fetchpriority=\"high\" decoding=\"async\" class=\" size-full wp-image-9580\" src=\"https:\/\/www.opinionpublica.tv\/portada\/wp-content\/uploads\/2016\/12\/d7d96f9cbb67e2192cb940d1455f3164.jpg\" alt=\"\" width=\"1024\" height=\"678\" srcset=\"https:\/\/www.opinionpublica.tv\/portada\/wp-content\/uploads\/2016\/12\/d7d96f9cbb67e2192cb940d1455f3164.jpg 1024w, https:\/\/www.opinionpublica.tv\/portada\/wp-content\/uploads\/2016\/12\/d7d96f9cbb67e2192cb940d1455f3164-300x199.jpg 300w, https:\/\/www.opinionpublica.tv\/portada\/wp-content\/uploads\/2016\/12\/d7d96f9cbb67e2192cb940d1455f3164-768x509.jpg 768w\" sizes=\"(max-width: 1024px) 100vw, 1024px\" \/><br \/>\n<!--more--><\/p>\n<p style=\"text-align: justify;\">En 45 d\u00edas de gobierno, el Municipio de Ciudad Ju\u00e1rez ha logrado construir m\u00e1s de 200 \u201cCuartos Rosas\u201d, y espera concluir 500 para finales de este mes, anunci\u00f3 el presidente municipal, Armando Cabada Alv\u00eddrez.<\/p>\n<p style=\"text-align: justify;\">Esto, como parte de las acciones emprendidas por la actual administraci\u00f3n con recursos federales que logr\u00f3 rescatar, luego de que el dinero estuviera a punto de perderse ya que el anterior gobierno no realiz\u00f3 las obras.<\/p>\n<p style=\"text-align: justify;\">Los \u201cCuartos\u00a0Rosas\u201d es un programa que consiste en edificar una rec\u00e1mara a familias que viven en hacinamiento, pues esto puede detonar varios problemas como violencia de g\u00e9nero o embarazos de ni\u00f1as y adolescentes.<\/p>\n<p style=\"text-align: justify;\">Desde hace casi un a\u00f1o, se contempl\u00f3 a Ciudad Ju\u00e1rez en este programa que forma parte de la Secretar\u00eda de Desarrollo Agrario, Territorial y Urbana (SEDATU). El objetivo fue beneficiar a 628 familias construy\u00e9ndoles un cuarto m\u00e1s.\u00a0<\/p>\n<p style=\"text-align: justify;\">Aunque desde entonces se consider\u00f3 a la frontera, fue hace 45 d\u00edas que iniciaron las obras de edificaci\u00f3n.\u00a0<\/p>\n<p style=\"text-align: justify;\">La inversi\u00f3n del programa son 30 millones de pesos.<\/p>\n<p>\u00a0<\/p>\n","protected":false},"excerpt":{"rendered":"","protected":false},"author":1,"featured_media":9580,"comment_status":"open","ping_status":"open","sticky":false,"template":"","format":"standard","meta":{"_acf_changed":false,"_monsterinsights_skip_tracking":false,"slim_seo":{"title":"Construye Municipio 200 \u201cCuartos Rosas\u201d en 45 d\u00edas - Opini\u00f3n P\u00fablica","description":"En 45 d\u00edas de gobierno, el Municipio de Ciudad Ju\u00e1rez ha logrado construir m\u00e1s de 200 \u201cCuartos Rosas\u201d, y espera concluir 500 para finales de este mes, anunci\u00f3 e"},"footnotes":""},"categories":[5],"tags":[],"class_list":["post-9581","post","type-post","status-publish","format-standard","has-post-thumbnail","hentry","category-frontera"],"acf":[],"_links":{"self":[{"href":"https:\/\/www.opinionpublica.tv\/portada\/wp-json\/wp\/v2\/posts\/9581","targetHints":{"allow":["GET"]}}],"collection":[{"href":"https:\/\/www.opinionpublica.tv\/portada\/wp-json\/wp\/v2\/posts"}],"about":[{"href":"https:\/\/www.opinionpublica.tv\/portada\/wp-json\/wp\/v2\/types\/post"}],"author":[{"embeddable":true,"href":"https:\/\/www.opinionpublica.tv\/portada\/wp-json\/wp\/v2\/users\/1"}],"replies":[{"embeddable":true,"href":"https:\/\/www.opinionpublica.tv\/portada\/wp-json\/wp\/v2\/comments?post=9581"}],"version-history":[{"count":0,"href":"https:\/\/www.opinionpublica.tv\/portada\/wp-json\/wp\/v2\/posts\/9581\/revisions"}],"wp:featuredmedia":[{"embeddable":true,"href":"https:\/\/www.opinionpublica.tv\/portada\/wp-json\/wp\/v2\/media\/9580"}],"wp:attachment":[{"href":"https:\/\/www.opinionpublica.tv\/portada\/wp-json\/wp\/v2\/media?parent=9581"}],"wp:term":[{"taxonomy":"category","embeddable":true,"href":"https:\/\/www.opinionpublica.tv\/portada\/wp-json\/wp\/v2\/categories?post=9581"},{"taxonomy":"post_tag","embeddable":true,"href":"https:\/\/www.opinionpublica.tv\/portada\/wp-json\/wp\/v2\/tags?post=9581"}],"curies":[{"name":"wp","href":"https:\/\/api.w.org\/{rel}","templated":true}]}}