{"id":9575,"date":"2016-12-07T07:00:00","date_gmt":"2016-12-07T06:00:00","guid":{"rendered":"https:\/\/www.opinionpublica.tv\/portada\/2016\/12\/07\/realizan-verificacion-ecologica-del-parque-vehicular\/"},"modified":"2016-12-07T07:00:00","modified_gmt":"2016-12-07T06:00:00","slug":"realizan-verificacion-ecologica-del-parque-vehicular","status":"publish","type":"post","link":"https:\/\/www.opinionpublica.tv\/portada\/realizan-verificacion-ecologica-del-parque-vehicular\/","title":{"rendered":"Realizan verificaci\u00f3n ecol\u00f3gica del parque vehicular"},"content":{"rendered":"<p><img fetchpriority=\"high\" decoding=\"async\" class=\" size-full wp-image-9574\" src=\"https:\/\/www.opinionpublica.tv\/portada\/wp-content\/uploads\/2016\/12\/3077c7d99c2900c9dac8a8be0de5f296.jpg\" alt=\"\" width=\"1115\" height=\"627\" srcset=\"https:\/\/www.opinionpublica.tv\/portada\/wp-content\/uploads\/2016\/12\/3077c7d99c2900c9dac8a8be0de5f296.jpg 1115w, https:\/\/www.opinionpublica.tv\/portada\/wp-content\/uploads\/2016\/12\/3077c7d99c2900c9dac8a8be0de5f296-300x169.jpg 300w, https:\/\/www.opinionpublica.tv\/portada\/wp-content\/uploads\/2016\/12\/3077c7d99c2900c9dac8a8be0de5f296-1024x576.jpg 1024w, https:\/\/www.opinionpublica.tv\/portada\/wp-content\/uploads\/2016\/12\/3077c7d99c2900c9dac8a8be0de5f296-768x432.jpg 768w\" sizes=\"(max-width: 1115px) 100vw, 1115px\" \/><br \/>\n<!--more--><\/p>\n<p style=\"text-align: justify;\">El parque vehicular del Gobierno Municipal est\u00e1 siendo sometido a la verificaci\u00f3n de emisiones contaminantes por parte del personal de la Direcci\u00f3n de Ecolog\u00eda, dio a conocer J\u00fcrgen Ganser Carvajal, titular de la dependencia.\u00a0<\/p>\n<p style=\"text-align: justify;\">La intenci\u00f3n es poner el ejemplo desde la Administraci\u00f3n Municipal, para que tanto empresas como particulares acudan a los centros de verificaci\u00f3n a realizar lo propio, indic\u00f3.<\/p>\n<p style=\"text-align: justify;\">Durante el mes de octubre se notific\u00f3 a todas las direcciones sobre la \u00a0verificaci\u00f3n de las mil 350 unidades que integran el parque vehicular del Municipio, \u00a0siendo la Direcci\u00f3n General de Tr\u00e1nsito (DGTM) y la Secretar\u00eda de Seguridad Publica Municipal (SSPM) las primeras en atender el llamado, dijo.<\/p>\n<p style=\"text-align: justify;\">\u201cEstamos a d\u00edas de terminar la revisi\u00f3n de las unidades de Tr\u00e1nsito y Seguridad P\u00fablica, y estamos dando inicio con los veh\u00edculos del Sistema de Urbanizaci\u00f3n Municipal Adicional (SUMA) y Asentamientos Humanos\u201d, declar\u00f3 Ganser Carvajal.\u00a0<\/p>\n<p style=\"text-align: justify;\">Las 222 unidades de la \u00a0DGTM y las 792 de SSPM, \u00a0fueron analizadas en las estaciones Universidad, Babicora, Centro y Oriente, para lo cual fueron destinados a las sedes la maquinaria y el personal correspondiente para hacer la expedici\u00f3n de engomados ecol\u00f3gicos. \u00a0<\/p>\n<p style=\"text-align: justify;\">Mientras, las dependencias con un menor n\u00famero de autos como SUMA y Asentamientos Humanos, \u00a0acuden al centro de verificaci\u00f3n vehicular ubicado en Avenida Universidad y Heroico Colegio Militar para agilizar la revisi\u00f3n.\u00a0<\/p>\n<p style=\"text-align: justify;\">Indic\u00f3, que la mayor\u00eda de las unidades son de nuevas o se encuentran en buenas condiciones mec\u00e1nicas situaciones que favorecen en el an\u00e1lisis de part\u00edculas contaminantes, por lo que se les coloc\u00f3 un Engomado Ecol\u00f3gico para constatar que el impacto ambiental de los transportes es m\u00ednimo.<\/p>\n","protected":false},"excerpt":{"rendered":"","protected":false},"author":1,"featured_media":9574,"comment_status":"open","ping_status":"open","sticky":false,"template":"","format":"standard","meta":{"_acf_changed":false,"_monsterinsights_skip_tracking":false,"slim_seo":{"title":"Realizan verificaci\u00f3n ecol\u00f3gica del parque vehicular - Opini\u00f3n P\u00fablica","description":"El parque vehicular del Gobierno Municipal est\u00e1 siendo sometido a la verificaci\u00f3n de emisiones contaminantes por parte del personal de la Direcci\u00f3n de Ecolog\u00eda,"},"footnotes":""},"categories":[5],"tags":[],"class_list":["post-9575","post","type-post","status-publish","format-standard","has-post-thumbnail","hentry","category-frontera"],"acf":[],"_links":{"self":[{"href":"https:\/\/www.opinionpublica.tv\/portada\/wp-json\/wp\/v2\/posts\/9575","targetHints":{"allow":["GET"]}}],"collection":[{"href":"https:\/\/www.opinionpublica.tv\/portada\/wp-json\/wp\/v2\/posts"}],"about":[{"href":"https:\/\/www.opinionpublica.tv\/portada\/wp-json\/wp\/v2\/types\/post"}],"author":[{"embeddable":true,"href":"https:\/\/www.opinionpublica.tv\/portada\/wp-json\/wp\/v2\/users\/1"}],"replies":[{"embeddable":true,"href":"https:\/\/www.opinionpublica.tv\/portada\/wp-json\/wp\/v2\/comments?post=9575"}],"version-history":[{"count":0,"href":"https:\/\/www.opinionpublica.tv\/portada\/wp-json\/wp\/v2\/posts\/9575\/revisions"}],"wp:featuredmedia":[{"embeddable":true,"href":"https:\/\/www.opinionpublica.tv\/portada\/wp-json\/wp\/v2\/media\/9574"}],"wp:attachment":[{"href":"https:\/\/www.opinionpublica.tv\/portada\/wp-json\/wp\/v2\/media?parent=9575"}],"wp:term":[{"taxonomy":"category","embeddable":true,"href":"https:\/\/www.opinionpublica.tv\/portada\/wp-json\/wp\/v2\/categories?post=9575"},{"taxonomy":"post_tag","embeddable":true,"href":"https:\/\/www.opinionpublica.tv\/portada\/wp-json\/wp\/v2\/tags?post=9575"}],"curies":[{"name":"wp","href":"https:\/\/api.w.org\/{rel}","templated":true}]}}