{"id":9573,"date":"2016-12-07T07:00:00","date_gmt":"2016-12-07T06:00:00","guid":{"rendered":"https:\/\/www.opinionpublica.tv\/portada\/2016\/12\/07\/video-reunion-con-altos-ejecutivos-de-walmart\/"},"modified":"2016-12-07T07:00:00","modified_gmt":"2016-12-07T06:00:00","slug":"video-reunion-con-altos-ejecutivos-de-walmart","status":"publish","type":"post","link":"https:\/\/www.opinionpublica.tv\/portada\/video-reunion-con-altos-ejecutivos-de-walmart\/","title":{"rendered":"Video: Reuni\u00f3n con altos ejecutivos de Walmart"},"content":{"rendered":"<p><img fetchpriority=\"high\" decoding=\"async\" class=\" size-full wp-image-9572\" src=\"https:\/\/www.opinionpublica.tv\/portada\/wp-content\/uploads\/2016\/12\/5544f3cc643587f8d6e281de1c08f210.jpg\" alt=\"\" width=\"514\" height=\"329\" srcset=\"https:\/\/www.opinionpublica.tv\/portada\/wp-content\/uploads\/2016\/12\/5544f3cc643587f8d6e281de1c08f210.jpg 514w, https:\/\/www.opinionpublica.tv\/portada\/wp-content\/uploads\/2016\/12\/5544f3cc643587f8d6e281de1c08f210-300x192.jpg 300w\" sizes=\"(max-width: 514px) 100vw, 514px\" \/><br \/>\n<!--more--><\/p>\n<p style=\"text-align: justify;\">Gobierno de la Rep\u00fablica est\u00e1 emitiendo en directo: Reuni\u00f3n con altos ejecutivos de Walmart de M\u00e9xico y Centroam\u00e9rica<\/p>\n<div class=\"k2_video\"><iframe title=\"Reuni\u00f3n con altos ejecutivos de Walmart de M\u00e9xico y Centroam\u00e9rica\" width=\"800\" height=\"450\" src=\"https:\/\/www.youtube.com\/embed\/jyOyU0fw5k0?feature=oembed\" frameborder=\"0\" allow=\"accelerometer; autoplay; clipboard-write; encrypted-media; gyroscope; picture-in-picture; web-share\" referrerpolicy=\"strict-origin-when-cross-origin\" allowfullscreen><\/iframe>\n<\/div>\n","protected":false},"excerpt":{"rendered":"","protected":false},"author":1,"featured_media":9572,"comment_status":"open","ping_status":"open","sticky":false,"template":"","format":"standard","meta":{"_acf_changed":false,"_monsterinsights_skip_tracking":false,"slim_seo":{"title":"Video: Reuni\u00f3n con altos ejecutivos de Walmart - Opini\u00f3n P\u00fablica","description":"Gobierno de la Rep\u00fablica est\u00e1 emitiendo en directo: Reuni\u00f3n con altos ejecutivos de Walmart de M\u00e9xico y Centroam\u00e9rica"},"footnotes":""},"categories":[8],"tags":[],"class_list":["post-9573","post","type-post","status-publish","format-standard","has-post-thumbnail","hentry","category-videos"],"acf":[],"_links":{"self":[{"href":"https:\/\/www.opinionpublica.tv\/portada\/wp-json\/wp\/v2\/posts\/9573","targetHints":{"allow":["GET"]}}],"collection":[{"href":"https:\/\/www.opinionpublica.tv\/portada\/wp-json\/wp\/v2\/posts"}],"about":[{"href":"https:\/\/www.opinionpublica.tv\/portada\/wp-json\/wp\/v2\/types\/post"}],"author":[{"embeddable":true,"href":"https:\/\/www.opinionpublica.tv\/portada\/wp-json\/wp\/v2\/users\/1"}],"replies":[{"embeddable":true,"href":"https:\/\/www.opinionpublica.tv\/portada\/wp-json\/wp\/v2\/comments?post=9573"}],"version-history":[{"count":0,"href":"https:\/\/www.opinionpublica.tv\/portada\/wp-json\/wp\/v2\/posts\/9573\/revisions"}],"wp:featuredmedia":[{"embeddable":true,"href":"https:\/\/www.opinionpublica.tv\/portada\/wp-json\/wp\/v2\/media\/9572"}],"wp:attachment":[{"href":"https:\/\/www.opinionpublica.tv\/portada\/wp-json\/wp\/v2\/media?parent=9573"}],"wp:term":[{"taxonomy":"category","embeddable":true,"href":"https:\/\/www.opinionpublica.tv\/portada\/wp-json\/wp\/v2\/categories?post=9573"},{"taxonomy":"post_tag","embeddable":true,"href":"https:\/\/www.opinionpublica.tv\/portada\/wp-json\/wp\/v2\/tags?post=9573"}],"curies":[{"name":"wp","href":"https:\/\/api.w.org\/{rel}","templated":true}]}}