{"id":9569,"date":"2016-12-07T07:00:00","date_gmt":"2016-12-07T06:00:00","guid":{"rendered":"https:\/\/www.opinionpublica.tv\/portada\/2016\/12\/07\/llega-una-navidad-cuenteada-al-cma\/"},"modified":"2016-12-07T07:00:00","modified_gmt":"2016-12-07T06:00:00","slug":"llega-una-navidad-cuenteada-al-cma","status":"publish","type":"post","link":"https:\/\/www.opinionpublica.tv\/portada\/llega-una-navidad-cuenteada-al-cma\/","title":{"rendered":"Llega \u201cUna Navidad Cuenteada\u201d al CMA"},"content":{"rendered":"<p><img fetchpriority=\"high\" decoding=\"async\" class=\" size-full wp-image-9568\" src=\"https:\/\/www.opinionpublica.tv\/portada\/wp-content\/uploads\/2016\/12\/fa04d2f3ddb8a2c011f3a38486dc81c8.jpg\" alt=\"\" width=\"1115\" height=\"627\" srcset=\"https:\/\/www.opinionpublica.tv\/portada\/wp-content\/uploads\/2016\/12\/fa04d2f3ddb8a2c011f3a38486dc81c8.jpg 1115w, https:\/\/www.opinionpublica.tv\/portada\/wp-content\/uploads\/2016\/12\/fa04d2f3ddb8a2c011f3a38486dc81c8-300x169.jpg 300w, https:\/\/www.opinionpublica.tv\/portada\/wp-content\/uploads\/2016\/12\/fa04d2f3ddb8a2c011f3a38486dc81c8-1024x576.jpg 1024w, https:\/\/www.opinionpublica.tv\/portada\/wp-content\/uploads\/2016\/12\/fa04d2f3ddb8a2c011f3a38486dc81c8-768x432.jpg 768w\" sizes=\"(max-width: 1115px) 100vw, 1115px\" \/><br \/>\n<!--more--><\/p>\n<p style=\"text-align: justify;\">Con el objetivo de promover la lectura entre los ni\u00f1os y j\u00f3venes el Gobierno Municipal y la Sociedad de Escritores de Ciudad Ju\u00e1rez presentar\u00e1n el evento \u201cUna Navidad Cuenteada\u201d, inform\u00f3 la Directora de Educaci\u00f3n Martha Beatriz C\u00f3rdova Bernal.<\/p>\n<p style=\"text-align: justify;\">Los autores quienes recientemente han presentado cuentos navide\u00f1os in\u00e9ditos interactuar\u00e1n con alumnos de diversos planteles escolares el martes 13 de diciembre de 9 de la ma\u00f1ana a 1 de la tarde en el Foro del Centro Municipal de las Artes.\u00a0<\/p>\n<p style=\"text-align: justify;\">El programa incluye talleres conversacionales, la participaci\u00f3n de ni\u00f1os cuentacuentos y la entrega de premios y reconocimientos a los participantes.\u00a0<\/p>\n<p style=\"text-align: justify;\">Las escuelas participantes son las Primarias Constituci\u00f3n Mexicana, Eduardo Quezada Fornelli, Ap\u00f3stoles del Agrarismo,\u00a0 Jos\u00e9 Reyes Estrada, Moctezuma, Felipe \u00c1ngeles y Narahua.<\/p>\n<p style=\"text-align: justify;\">Se har\u00e1 entrega de reconocimiento por participaci\u00f3n y premio econ\u00f3mico consistente en 3 mil quinientos pesos al primer lugar, 3 mil pesos al segundo lugar, 2 mil quinientos al tercer lugar, 2 mil pesos al cuarto lugar y mil quinientos al quinto lugar.<\/p>\n<p style=\"text-align: justify;\">\u00a0<\/p>\n","protected":false},"excerpt":{"rendered":"","protected":false},"author":1,"featured_media":9568,"comment_status":"open","ping_status":"open","sticky":false,"template":"","format":"standard","meta":{"_acf_changed":false,"_monsterinsights_skip_tracking":false,"slim_seo":{"title":"Llega \u201cUna Navidad Cuenteada\u201d al CMA - Opini\u00f3n P\u00fablica","description":"Con el objetivo de promover la lectura entre los ni\u00f1os y j\u00f3venes el Gobierno Municipal y la Sociedad de Escritores de Ciudad Ju\u00e1rez presentar\u00e1n el evento \u201cUna N"},"footnotes":""},"categories":[5],"tags":[],"class_list":["post-9569","post","type-post","status-publish","format-standard","has-post-thumbnail","hentry","category-frontera"],"acf":[],"_links":{"self":[{"href":"https:\/\/www.opinionpublica.tv\/portada\/wp-json\/wp\/v2\/posts\/9569","targetHints":{"allow":["GET"]}}],"collection":[{"href":"https:\/\/www.opinionpublica.tv\/portada\/wp-json\/wp\/v2\/posts"}],"about":[{"href":"https:\/\/www.opinionpublica.tv\/portada\/wp-json\/wp\/v2\/types\/post"}],"author":[{"embeddable":true,"href":"https:\/\/www.opinionpublica.tv\/portada\/wp-json\/wp\/v2\/users\/1"}],"replies":[{"embeddable":true,"href":"https:\/\/www.opinionpublica.tv\/portada\/wp-json\/wp\/v2\/comments?post=9569"}],"version-history":[{"count":0,"href":"https:\/\/www.opinionpublica.tv\/portada\/wp-json\/wp\/v2\/posts\/9569\/revisions"}],"wp:featuredmedia":[{"embeddable":true,"href":"https:\/\/www.opinionpublica.tv\/portada\/wp-json\/wp\/v2\/media\/9568"}],"wp:attachment":[{"href":"https:\/\/www.opinionpublica.tv\/portada\/wp-json\/wp\/v2\/media?parent=9569"}],"wp:term":[{"taxonomy":"category","embeddable":true,"href":"https:\/\/www.opinionpublica.tv\/portada\/wp-json\/wp\/v2\/categories?post=9569"},{"taxonomy":"post_tag","embeddable":true,"href":"https:\/\/www.opinionpublica.tv\/portada\/wp-json\/wp\/v2\/tags?post=9569"}],"curies":[{"name":"wp","href":"https:\/\/api.w.org\/{rel}","templated":true}]}}