{"id":9565,"date":"2016-12-07T07:00:00","date_gmt":"2016-12-07T06:00:00","guid":{"rendered":"https:\/\/www.opinionpublica.tv\/portada\/2016\/12\/07\/caracteristicas-que-si-definen-a-una-feminista-moderna\/"},"modified":"2016-12-07T07:00:00","modified_gmt":"2016-12-07T06:00:00","slug":"caracteristicas-que-si-definen-a-una-feminista-moderna","status":"publish","type":"post","link":"https:\/\/www.opinionpublica.tv\/portada\/caracteristicas-que-si-definen-a-una-feminista-moderna\/","title":{"rendered":"Caracter\u00edsticas que s\u00ed definen a una feminista moderna"},"content":{"rendered":"<p><img fetchpriority=\"high\" decoding=\"async\" class=\" size-full wp-image-9564\" src=\"https:\/\/www.opinionpublica.tv\/portada\/wp-content\/uploads\/2016\/12\/3f4ff99be4325c3c6225fadb049491f0.jpg\" alt=\"\" width=\"811\" height=\"539\" srcset=\"https:\/\/www.opinionpublica.tv\/portada\/wp-content\/uploads\/2016\/12\/3f4ff99be4325c3c6225fadb049491f0.jpg 811w, https:\/\/www.opinionpublica.tv\/portada\/wp-content\/uploads\/2016\/12\/3f4ff99be4325c3c6225fadb049491f0-300x199.jpg 300w, https:\/\/www.opinionpublica.tv\/portada\/wp-content\/uploads\/2016\/12\/3f4ff99be4325c3c6225fadb049491f0-768x510.jpg 768w\" sizes=\"(max-width: 811px) 100vw, 811px\" \/><br \/>\n<!--more--><\/p>\n<p style=\"text-align: justify;\">Llevamos unas horas oyendo hablar mucho de \u00abfeministas modernas\u00bb. El t\u00e9rmino lo ha tra\u00eddo a colaci\u00f3n un v\u00eddeo musical de YouTube. Recordemos, antes de nada, que feminista es aquella persona (no mujer, tambi\u00e9n hay hombres feministas) que defiende la igualdad de derechos entre hombres y mujeres. No lo decimos nosotros, lo dice la R.A.E. Tenemos claro que una feminista moderna no es alguien violento, ni que excluye a los hombres, ni que se basa en panfletos (no lo es, desde luego, la obra de Betty Friedan, de quien se mofa el v\u00eddeo) ni que merienda menstruaciones (literal, tambi\u00e9n lo dice el v\u00eddeo). Pero, \u00bfqu\u00e9 define a una feminista moderna?<\/p>\n<h2 style=\"text-align: justify;\">La defensa de nuestros derechos<\/h2>\n<p style=\"text-align: justify;\">Repetimos: el feminismo es la defensa de la igualdad de derechos entre hombres y mujeres. No sabemos cu\u00e1ntas veces habr\u00e1 que decirlo antes de que todo el mundo lo entienda. Luchamos por conseguirlo, por buscar la equidad en las diferencias y convivir en una sociedad justa e igualitaria.<\/p>\n<div style=\"text-align: justify;\">\n<div><img decoding=\"async\" src=\"https:\/\/i.blogs.es\/6a7386\/dior-feminist\/450_1000.jpg\" srcset=\"https:\/\/i.blogs.es\/6a7386\/dior-feminist\/450_1000.jpg 450w, https:\/\/i.blogs.es\/6a7386\/dior-feminist\/650_1200.jpg 681w, https:\/\/i.blogs.es\/6a7386\/dior-feminist\/1024_2000.jpg 1024w, https:\/\/i.blogs.es\/6a7386\/dior-feminist\/1366_2000.jpg 1366w\" alt=\"Dior Feminist\" \/><\/div>\n<\/div>\n<h2 style=\"text-align: justify;\">La igualdad salarial<\/h2>\n<p style=\"text-align: justify;\">No, no es una leyenda urbana. Las mujeres todav\u00eda tenemos salarios un 16,5% m\u00e1s bajos que los hombres en el entorno europeo. La cifra sube al 19,30% si nos ce\u00f1imos a Espa\u00f1a. Hasta Islandia, paradigma de la igualdad de derechos, vive cada a\u00f1o una jornada de huelga femenina para luchar contra la brecha salarial.<\/p>\n<p style=\"text-align: justify;\">\u00a0<\/p>\n<div style=\"text-align: justify;\" data-twitter-event-id=\"0\">\n<div id=\"twitter-widget-0\" lang=\"es\" data-click-to-open-target=\"https:\/\/twitter.com\/RossalynWarren\/status\/790933290974846976\" data-iframe-title=\"Tweet de Twitter\" data-dt-full=\"%{hours24}:%{minutes} - %{day} %{month} %{year}\" data-dt-months=\"ene|feb|mar|abr|Mayo|jun|jul|ago|sep|oct|nov|dic\" data-dt-am=\"AM\" data-dt-pm=\"PM\" data-dt-now=\"ahora\" data-dt-s=\"s\" data-dt-m=\"m\" data-dt-h=\"h\" data-dt-second=\"segundo\" data-dt-seconds=\"segundos\" data-dt-minute=\"minuto\" data-dt-minutes=\"minutos\" data-dt-hour=\"hora\" data-dt-hours=\"horas\" data-dt-abbr=\"%{number}%{symbol}\" data-dt-short=\"%{day} %{month}\" data-dt-long=\"%{day} %{month} %{year}\" data-scribe=\"page:tweet\" data-tweet-id=\"790933290974846976\" data-twitter-event-id=\"3\">\n<article dir=\"ltr\" data-scribe=\"component:card\">\n<div data-style=\"padding-bottom: 50%\">\n<div><img decoding=\"async\" title=\"Ver imagen en Twitter\" src=\"https:\/\/pbs.twimg.com\/media\/Cvn1bBzW8AAsEWt.jpg:small\" alt=\"Ver imagen en Twitter\" width=\"566\" height=\"749\" data-srcset=\"https%3A%2F%2Fpbs.twimg.com%2Fmedia%2FCvn1bBzW8AAsEWt.jpg%3Alarge 566w,https%3A%2F%2Fpbs.twimg.com%2Fmedia%2FCvn1bBzW8AAsEWt.jpg 566w,https%3A%2F%2Fpbs.twimg.com%2Fmedia%2FCvn1bBzW8AAsEWt.jpg%3Asmall 514w\" data-style=\";\n                    top:-16%;\" \/><img decoding=\"async\" title=\"Ver imagen en Twitter\" src=\"https:\/\/pbs.twimg.com\/media\/Cvn1cP7WIAARH8w.jpg:small\" alt=\"Ver imagen en Twitter\" width=\"423\" height=\"768\" data-srcset=\"https%3A%2F%2Fpbs.twimg.com%2Fmedia%2FCvn1cP7WIAARH8w.jpg%3Alarge 423w,https%3A%2F%2Fpbs.twimg.com%2Fmedia%2FCvn1cP7WIAARH8w.jpg 423w,https%3A%2F%2Fpbs.twimg.com%2Fmedia%2FCvn1cP7WIAARH8w.jpg%3Asmall 375w\" \/><\/div>\n<\/div>\n<\/article>\n<div>\n<blockquote cite=\"https:\/\/twitter.com\/RossalynWarren\/status\/790933290974846976\" data-tweet-id=\"790933290974846976\" data-scribe=\"section:subject\">\n<div>\n<div>\n<div title=\"\">\u00a0<\/div>\n<p>Seguir<\/p><\/div>\n<div data-scribe=\"component:author\"><img decoding=\"async\" src=\"https:\/\/pbs.twimg.com\/profile_images\/711653470873452544\/X6-ofbRE_normal.jpg\" alt=\"\" data-scribe=\"element:avatar\" data-src-2x=\"https:\/\/pbs.twimg.com\/profile_images\/711653470873452544\/X6-ofbRE_bigger.jpg\" data-src-1x=\"https:\/\/pbs.twimg.com\/profile_images\/711653470873452544\/X6-ofbRE_normal.jpg\" \/><span title=\"Rossalyn Warren\" data-scribe=\"element:name\">Rossalyn Warren<\/span><\/p>\n<div title=\"Cuenta verificada\">\u00a0<\/div>\n<p><span data-scribe=\"element:verified_badge\">\u2714<\/span><span dir=\"ltr\" title=\"@RossalynWarren\" data-scribe=\"element:screen_name\">@RossalynWarren<\/span><\/div>\n<\/div>\n<div data-scribe=\"component:tweet\">\n<p dir=\"ltr\" lang=\"en\">huge gathering of women in Iceland who went on strike to protest the gender pay gap #kvennafr\u00ed#j\u00f6fnkj\u00f6rhttps:\/\/www.buzzfeed.com\/krishrach\/this-countrys-women-went-on-strike-to-protest-the-gender-pay?utm_term=.saEX7W4mv#.jo3MmE5RN\u00a0\u2026<\/p>\n<div><time title=\"Publicado a las: 25 oct 2016, 15:09:26 (UTC)\" datetime=\"2016-10-25T15:09:26+0000\">09:09 &#8211; 25 oct 2016<\/time><\/div>\n<ul data-scribe=\"component:actions\">\n<li>\n<div title=\"Responder\">\u00a0<\/div>\n<\/li>\n<li>\n<div title=\"Retwittear\">\u00a0<\/div>\n<p><span data-scribe=\"element:retweet_count\">5<\/span>5 Retweets<\/li>\n<li>\n<div title=\"Me gusta\">\u00a0<\/div>\n<p><span data-scribe=\"element:heart_count\">10<\/span>10 me gusta<\/li>\n<\/ul>\n<\/div>\n<\/blockquote>\n<\/div>\n<\/div>\n<div>\u00a0<\/div>\n<\/div>\n<p style=\"text-align: justify;\">\u00a0<\/p>\n<h2 style=\"text-align: justify;\">El derecho a vestirnos como queramos&#8230;<\/h2>\n<p style=\"text-align: justify;\">No nos referimos solo a que las mujeres en algunos pa\u00edses musulmanes est\u00e9n obligadas a cubrirse con diferentes tipos de velos. Contra eso hay que luchar, por supuesto. Pero tambi\u00e9n queremos vestir como queramos, sin que se nos acuse de exhibicionistas, de provocar o, desde una visi\u00f3n muy anticuada del feminismo, se crea que ir a la moda, pintarse los labios o preocuparnos de nuestro aspecto sea algo que nos resta un \u00e1pice de credibilidad.<\/p>\n<div style=\"text-align: justify;\">\n<div><img decoding=\"async\" src=\"https:\/\/i.blogs.es\/5cf257\/mujer-velo\/450_1000.jpg\" srcset=\"https:\/\/i.blogs.es\/5cf257\/mujer-velo\/450_1000.jpg 450w, https:\/\/i.blogs.es\/5cf257\/mujer-velo\/650_1200.jpg 681w, https:\/\/i.blogs.es\/5cf257\/mujer-velo\/1024_2000.jpg 1024w, https:\/\/i.blogs.es\/5cf257\/mujer-velo\/1366_2000.jpg 1366w\" alt=\"Mujer Velo\" \/><\/div>\n<\/div>\n<h2 style=\"text-align: justify;\">&#8230;y a ser como seamos<\/h2>\n<p style=\"text-align: justify;\">Porque el body shaming en las redes sociales tambi\u00e9n mata. Porque podemos ser criticadas por gordas, por flacas, por tener mucho pecho, por tener muy poco&#8230; Por nuestro cuerpo, en general. Reivindicamos el derecho a vivir felices con nosotras mismas, sin que nadie se sienta con derecho a insultarnos por ello.<\/p>\n<div style=\"text-align: justify;\">\n<div><img decoding=\"async\" src=\"https:\/\/i.blogs.es\/bd736a\/bodyshaming\/450_1000.jpg\" srcset=\"https:\/\/i.blogs.es\/bd736a\/bodyshaming\/450_1000.jpg 450w, https:\/\/i.blogs.es\/bd736a\/bodyshaming\/650_1200.jpg 681w, https:\/\/i.blogs.es\/bd736a\/bodyshaming\/1024_2000.jpg 1024w, https:\/\/i.blogs.es\/bd736a\/bodyshaming\/1366_2000.jpg 1366w\" alt=\"Bodyshaming\" \/><\/div>\n<\/div>\n<h2 style=\"text-align: justify;\">La lucha codo con codo con los hombres<\/h2>\n<p style=\"text-align: justify;\">Porque necesitamos hombres feministas para que la lucha funcione, para llegar a la igualdad real. Y queremos amarlos, sin que nadie se atreva a creer que los odiamos. Son nuestros aliados, nuestros amigos y nuestros amores, y queremos relaciones sanas con ellos, sin micromachismos, sin desigualdades. Que ellos sean los primeros en apoyar nuestras posturas.<\/p>\n<div style=\"text-align: justify;\">\n<div><img decoding=\"async\" src=\"https:\/\/i.blogs.es\/086e76\/hombresfeministas\/450_1000.jpg\" srcset=\"https:\/\/i.blogs.es\/086e76\/hombresfeministas\/450_1000.jpg 450w, https:\/\/i.blogs.es\/086e76\/hombresfeministas\/650_1200.jpg 681w, https:\/\/i.blogs.es\/086e76\/hombresfeministas\/1024_2000.jpg 1024w, https:\/\/i.blogs.es\/086e76\/hombresfeministas\/1366_2000.jpg 1366w\" alt=\"Hombresfeministas\" \/><\/div>\n<\/div>\n<h2 style=\"text-align: justify;\">La defensa de nuestros derechos reproductivos<\/h2>\n<p style=\"text-align: justify;\">Que ser mujer no tenga nada que ver con ser o no madre. Que podamos decidir cu\u00e1ndo y c\u00f3mo serlo. Que ninguna mujer tenga que renunciar a ser madre porque pueda perder su trabajo, o porque los permisos de maternidad sean demasiado cortos o porque el padre no se implique en el cuidado.<\/p>\n<div style=\"text-align: justify;\">\n<div><img decoding=\"async\" src=\"https:\/\/i.blogs.es\/be508d\/maternidad\/450_1000.jpg\" srcset=\"https:\/\/i.blogs.es\/be508d\/maternidad\/450_1000.jpg 450w, https:\/\/i.blogs.es\/be508d\/maternidad\/650_1200.jpg 681w, https:\/\/i.blogs.es\/be508d\/maternidad\/1024_2000.jpg 1024w, https:\/\/i.blogs.es\/be508d\/maternidad\/1366_2000.jpg 1366w\" alt=\"Maternidad\" \/><\/div>\n<\/div>\n<h2 style=\"text-align: justify;\">La derogaci\u00f3n de t\u00e9rminos vejatorios<\/h2>\n<p style=\"text-align: justify;\">Que zorra deje de significar lo que todo el mundo sabe que significa. Que solo sea la hembra del zorro. Que no se utilice puta como el insulto estrella a cualquier mujer que destaque (el caso de Hillary Clinton durante la campa\u00f1a electoral es una buena muestra de ello). Que el lenguaje se adapte a los nuevos tiempos y las nuevas realidades.<\/p>\n<p style=\"text-align: justify;\">\u00a0<\/p>\n<div style=\"text-align: justify;\" data-twitter-event-id=\"1\">\n<div id=\"twitter-widget-1\" lang=\"es\" data-click-to-open-target=\"https:\/\/twitter.com\/elteitsdottir\/status\/790608341630328833\" data-iframe-title=\"Tweet de Twitter\" data-dt-full=\"%{hours24}:%{minutes} - %{day} %{month} %{year}\" data-dt-months=\"ene|feb|mar|abr|Mayo|jun|jul|ago|sep|oct|nov|dic\" data-dt-am=\"AM\" data-dt-pm=\"PM\" data-dt-now=\"ahora\" data-dt-s=\"s\" data-dt-m=\"m\" data-dt-h=\"h\" data-dt-second=\"segundo\" data-dt-seconds=\"segundos\" data-dt-minute=\"minuto\" data-dt-minutes=\"minutos\" data-dt-hour=\"hora\" data-dt-hours=\"horas\" data-dt-abbr=\"%{number}%{symbol}\" data-dt-short=\"%{day} %{month}\" data-dt-long=\"%{day} %{month} %{year}\" data-scribe=\"page:tweet\" data-tweet-id=\"790608341630328833\" data-twitter-event-id=\"2\">\n<article dir=\"ltr\" data-scribe=\"component:card\">\n<div>Ver imagen en Twitter<\/p>\n<div data-style=\"max-width: 574px\">\n<div data-style=\"padding-bottom: 110.1045%\"><img loading=\"lazy\" decoding=\"async\" title=\"Ver imagen en Twitter\" src=\"https:\/\/pbs.twimg.com\/media\/CvjOFUKXEAATRnw.jpg:small\" alt=\"Ver imagen en Twitter\" width=\"574\" height=\"632\" data-srcset=\"https%3A%2F%2Fpbs.twimg.com%2Fmedia%2FCvjOFUKXEAATRnw.jpg%3Asmall 574w,https%3A%2F%2Fpbs.twimg.com%2Fmedia%2FCvjOFUKXEAATRnw.jpg%3Alarge 574w,https%3A%2F%2Fpbs.twimg.com%2Fmedia%2FCvjOFUKXEAATRnw.jpg 574w\" \/><\/div>\n<\/div>\n<\/div>\n<\/article>\n<div>\n<blockquote cite=\"https:\/\/twitter.com\/elteitsdottir\/status\/790608341630328833\" data-tweet-id=\"790608341630328833\" data-scribe=\"section:subject\">\n<div>\n<div>\n<div title=\"\">\u00a0<\/div>\n<p>Seguir<\/p><\/div>\n<div data-scribe=\"component:author\"><img decoding=\"async\" src=\"https:\/\/pbs.twimg.com\/profile_images\/780123430976978945\/bYyMAaO3_normal.jpg\" alt=\"\" data-scribe=\"element:avatar\" data-src-2x=\"https:\/\/pbs.twimg.com\/profile_images\/780123430976978945\/bYyMAaO3_bigger.jpg\" data-src-1x=\"https:\/\/pbs.twimg.com\/profile_images\/780123430976978945\/bYyMAaO3_normal.jpg\" \/><span title=\"ErnaLind Teitsd\u00f3ttir\" data-scribe=\"element:name\">ErnaLind Teitsd\u00f3ttir<\/span> <span dir=\"ltr\" title=\"@elteitsdottir\" data-scribe=\"element:screen_name\">@elteitsdottir<\/span><\/div>\n<\/div>\n<div data-scribe=\"component:tweet\">\n<p dir=\"ltr\" lang=\"en\">#kvennafr\u00ed mood:<\/p>\n<div><time title=\"Publicado a las: 24 oct 2016, 17:38:12 (UTC)\" datetime=\"2016-10-24T17:38:12+0000\">11:38 &#8211; 24 oct 2016<\/time><\/div>\n<ul data-scribe=\"component:actions\">\n<li>\n<div title=\"Responder\">\u00a0<\/div>\n<\/li>\n<li>\n<div title=\"Retwittear\">\u00a0<\/div>\n<p><span data-scribe=\"element:retweet_count\">10<\/span>10 Retweets<\/li>\n<li>\n<div title=\"Me gusta\">\u00a0<\/div>\n<p><span data-scribe=\"element:heart_count\">39<\/span>39 me gusta<\/li>\n<\/ul>\n<\/div>\n<\/blockquote>\n<\/div>\n<\/div>\n<div>\u00a0<\/div>\n<\/div>\n<p style=\"text-align: justify;\">\u00a0<\/p>\n<h2 style=\"text-align: justify;\">El justo reparto de tareas dom\u00e9sticas y cuidado de los hijos<\/h2>\n<p style=\"text-align: justify;\">Tampoco aqu\u00ed lo hemos conseguido a\u00fan. La situaci\u00f3n ha mejorado, claro, pero Espa\u00f1a, en concreto, sigue a la cola de Europa en el reparto de tareas en el hogar. No lo decimos nosotros, lo dice un estudio de la Universidad de Oxford.<\/p>\n<div style=\"text-align: justify;\">\n<div><img decoding=\"async\" src=\"https:\/\/i.blogs.es\/101a22\/tareas\/450_1000.jpg\" srcset=\"https:\/\/i.blogs.es\/101a22\/tareas\/450_1000.jpg 450w, https:\/\/i.blogs.es\/101a22\/tareas\/650_1200.jpg 681w, https:\/\/i.blogs.es\/101a22\/tareas\/1024_2000.jpg 1024w, https:\/\/i.blogs.es\/101a22\/tareas\/1366_2000.jpg 1366w\" alt=\"Tareas\" \/><\/div>\n<\/div>\n<h2 style=\"text-align: justify;\">La ruptura del techo de cristal<\/h2>\n<p style=\"text-align: justify;\">Puede que 2016 sea el a\u00f1o m\u00e1s extra\u00f1o para hablar de techo de cristal. Reino Unido y Alemania, por ejemplo, tienen al frente pol\u00edticas mujeres, pero en Estados Unidos no solo Hillary Clinton perdi\u00f3 la oportunidad de ser la primera mujer presidenta, sino que un machista declarado se convirti\u00f3 en presidente de los Estados Unidos. Vamos viendo avances, s\u00ed. Cada vez hay m\u00e1s mujeres importantes en los consejos de administraci\u00f3n y los parlamentos. Pero la minor\u00eda sigue siendo grande.<\/p>\n<div style=\"text-align: justify;\">\n<div><img decoding=\"async\" src=\"https:\/\/i.blogs.es\/a4b4a5\/mujeres\/450_1000.jpg\" srcset=\"https:\/\/i.blogs.es\/a4b4a5\/mujeres\/450_1000.jpg 450w, https:\/\/i.blogs.es\/a4b4a5\/mujeres\/650_1200.jpg 681w, https:\/\/i.blogs.es\/a4b4a5\/mujeres\/1024_2000.jpg 1024w, https:\/\/i.blogs.es\/a4b4a5\/mujeres\/1366_2000.jpg 1366w\" alt=\"Mujeres\" \/><\/div>\n<\/div>\n<h2 style=\"text-align: justify;\">El derecho a caminar tranquilas por la calle<\/h2>\n<p style=\"text-align: justify;\">Sin que nadie nos persiga al grito de \u00abguapa, guapa\u00bb. Sin que nadie crea que nos hemos puesto una minifalda para provocar. Sin que nuestros actos se puedan considerar un eximente para comportamientos delictivos. Sin que haya quien se crea con el derecho a tomar por la fuerza el cuerpo de una mujer. Y que, si lo hace, toda la fuerza de la justicia caiga sobre \u00e9l. Sin que se juzgue a la v\u00edctima, su aspecto o su comportamiento. Y sin que, por supuesto, haya mujeres que van a la c\u00e1rcel por ser violadas.<\/p>\n<div style=\"text-align: justify;\">\n<div><img decoding=\"async\" src=\"https:\/\/i.blogs.es\/f22842\/piropos\/450_1000.png\" srcset=\"https:\/\/i.blogs.es\/f22842\/piropos\/450_1000.png 450w, https:\/\/i.blogs.es\/f22842\/piropos\/650_1200.png 681w, https:\/\/i.blogs.es\/f22842\/piropos\/1024_2000.png 1024w, https:\/\/i.blogs.es\/f22842\/piropos\/1366_2000.png 1366w\" alt=\"Piropos\" \/><\/div>\n<\/div>\n<h2 style=\"text-align: justify;\">La lucha, feroz, contra la violencia machista en todas sus manifestaciones<\/h2>\n<p style=\"text-align: justify;\">C\u00f3mo no. Quiz\u00e1 la mayor lucha que tenemos por delante. Porque, solo en Espa\u00f1a, 60 mujeres murieron a manos de sus parejas o exparejas el a\u00f1o pasado. 54 en los dos a\u00f1os anteriores. Van 40 en lo que llevamos de 2016. Porque crece el maltrato en la adolescencia. Porque los machistas nos est\u00e1n matando y en esa pelea debemos estar todos.<\/p>\n<div style=\"text-align: justify;\">\n<div><img decoding=\"async\" src=\"https:\/\/i.blogs.es\/9558c0\/violenciamachista\/450_1000.jpg\" srcset=\"https:\/\/i.blogs.es\/9558c0\/violenciamachista\/450_1000.jpg 450w, https:\/\/i.blogs.es\/9558c0\/violenciamachista\/650_1200.jpg 681w, https:\/\/i.blogs.es\/9558c0\/violenciamachista\/1024_2000.jpg 1024w, https:\/\/i.blogs.es\/9558c0\/violenciamachista\/1366_2000.jpg 1366w\" alt=\"Violenciamachista\" \/><\/div>\n<\/div>\n<p style=\"text-align: justify;\">Esto, y mucho m\u00e1s, es ser una feminista moderna. Con las axilas depiladas o sin depilar. Con el pelo azul, rojo caoba o blanco. Con referentes, motivaciones y m\u00e9todos pac\u00edficos. Y da igual cu\u00e1ntas reproducciones tenga un v\u00eddeo que dice lo contrario: continuaremos demostrando que ser feminista <strong>y moderna no tiene nada que ver con lo que creen los enemigos de la igualdad<\/strong>.<\/p>\n","protected":false},"excerpt":{"rendered":"","protected":false},"author":1,"featured_media":9564,"comment_status":"open","ping_status":"open","sticky":false,"template":"","format":"standard","meta":{"_acf_changed":false,"_monsterinsights_skip_tracking":false,"slim_seo":{"title":"Caracter\u00edsticas que s\u00ed definen a una feminista moderna - Opini\u00f3n P\u00fablica","description":"Llevamos unas horas oyendo hablar mucho de \u00abfeministas modernas\u00bb. El t\u00e9rmino lo ha tra\u00eddo a colaci\u00f3n un v\u00eddeo musical de YouTube. Recordemos, antes de nada, que"},"footnotes":""},"categories":[28],"tags":[],"class_list":["post-9565","post","type-post","status-publish","format-standard","has-post-thumbnail","hentry","category-bienestar-salud"],"acf":[],"_links":{"self":[{"href":"https:\/\/www.opinionpublica.tv\/portada\/wp-json\/wp\/v2\/posts\/9565","targetHints":{"allow":["GET"]}}],"collection":[{"href":"https:\/\/www.opinionpublica.tv\/portada\/wp-json\/wp\/v2\/posts"}],"about":[{"href":"https:\/\/www.opinionpublica.tv\/portada\/wp-json\/wp\/v2\/types\/post"}],"author":[{"embeddable":true,"href":"https:\/\/www.opinionpublica.tv\/portada\/wp-json\/wp\/v2\/users\/1"}],"replies":[{"embeddable":true,"href":"https:\/\/www.opinionpublica.tv\/portada\/wp-json\/wp\/v2\/comments?post=9565"}],"version-history":[{"count":0,"href":"https:\/\/www.opinionpublica.tv\/portada\/wp-json\/wp\/v2\/posts\/9565\/revisions"}],"wp:featuredmedia":[{"embeddable":true,"href":"https:\/\/www.opinionpublica.tv\/portada\/wp-json\/wp\/v2\/media\/9564"}],"wp:attachment":[{"href":"https:\/\/www.opinionpublica.tv\/portada\/wp-json\/wp\/v2\/media?parent=9565"}],"wp:term":[{"taxonomy":"category","embeddable":true,"href":"https:\/\/www.opinionpublica.tv\/portada\/wp-json\/wp\/v2\/categories?post=9565"},{"taxonomy":"post_tag","embeddable":true,"href":"https:\/\/www.opinionpublica.tv\/portada\/wp-json\/wp\/v2\/tags?post=9565"}],"curies":[{"name":"wp","href":"https:\/\/api.w.org\/{rel}","templated":true}]}}