{"id":9563,"date":"2016-12-07T07:00:00","date_gmt":"2016-12-07T06:00:00","guid":{"rendered":"https:\/\/www.opinionpublica.tv\/portada\/2016\/12\/07\/video-mariposa-monarca\/"},"modified":"2016-12-07T07:00:00","modified_gmt":"2016-12-07T06:00:00","slug":"video-mariposa-monarca","status":"publish","type":"post","link":"https:\/\/www.opinionpublica.tv\/portada\/video-mariposa-monarca\/","title":{"rendered":"Video: Mariposa Monarca"},"content":{"rendered":"<p><img fetchpriority=\"high\" decoding=\"async\" class=\" size-full wp-image-9562\" src=\"https:\/\/www.opinionpublica.tv\/portada\/wp-content\/uploads\/2016\/12\/34a484259407eaebc0e23d9b1fa61d26.jpg\" alt=\"\" width=\"516\" height=\"313\" srcset=\"https:\/\/www.opinionpublica.tv\/portada\/wp-content\/uploads\/2016\/12\/34a484259407eaebc0e23d9b1fa61d26.jpg 516w, https:\/\/www.opinionpublica.tv\/portada\/wp-content\/uploads\/2016\/12\/34a484259407eaebc0e23d9b1fa61d26-300x182.jpg 300w\" sizes=\"(max-width: 516px) 100vw, 516px\" \/><br \/>\n<!--more--><\/p>\n<p style=\"text-align: justify;\">La CONANP trae la serie de videos sobre la vida silvestre y \u00e1reas protegidas Beacons of Hope que en este episodio es dedicado a la Mariposa Monarca.<\/p>\n<div class=\"k2_video\"><iframe title=\"Beacons of Hope: Mariposa Monarca\" width=\"800\" height=\"450\" src=\"https:\/\/www.youtube.com\/embed\/opsxF-RojRE?feature=oembed\" frameborder=\"0\" allow=\"accelerometer; autoplay; clipboard-write; encrypted-media; gyroscope; picture-in-picture; web-share\" referrerpolicy=\"strict-origin-when-cross-origin\" allowfullscreen><\/iframe>\n<\/div>\n","protected":false},"excerpt":{"rendered":"","protected":false},"author":1,"featured_media":9562,"comment_status":"open","ping_status":"open","sticky":false,"template":"","format":"standard","meta":{"_acf_changed":false,"_monsterinsights_skip_tracking":false,"slim_seo":{"title":"Video: Mariposa Monarca - Opini\u00f3n P\u00fablica","description":"La CONANP trae la serie de videos sobre la vida silvestre y \u00e1reas protegidas Beacons of Hope que en este episodio es dedicado a la Mariposa Monarca."},"footnotes":""},"categories":[8],"tags":[],"class_list":["post-9563","post","type-post","status-publish","format-standard","has-post-thumbnail","hentry","category-videos"],"acf":[],"_links":{"self":[{"href":"https:\/\/www.opinionpublica.tv\/portada\/wp-json\/wp\/v2\/posts\/9563","targetHints":{"allow":["GET"]}}],"collection":[{"href":"https:\/\/www.opinionpublica.tv\/portada\/wp-json\/wp\/v2\/posts"}],"about":[{"href":"https:\/\/www.opinionpublica.tv\/portada\/wp-json\/wp\/v2\/types\/post"}],"author":[{"embeddable":true,"href":"https:\/\/www.opinionpublica.tv\/portada\/wp-json\/wp\/v2\/users\/1"}],"replies":[{"embeddable":true,"href":"https:\/\/www.opinionpublica.tv\/portada\/wp-json\/wp\/v2\/comments?post=9563"}],"version-history":[{"count":0,"href":"https:\/\/www.opinionpublica.tv\/portada\/wp-json\/wp\/v2\/posts\/9563\/revisions"}],"wp:featuredmedia":[{"embeddable":true,"href":"https:\/\/www.opinionpublica.tv\/portada\/wp-json\/wp\/v2\/media\/9562"}],"wp:attachment":[{"href":"https:\/\/www.opinionpublica.tv\/portada\/wp-json\/wp\/v2\/media?parent=9563"}],"wp:term":[{"taxonomy":"category","embeddable":true,"href":"https:\/\/www.opinionpublica.tv\/portada\/wp-json\/wp\/v2\/categories?post=9563"},{"taxonomy":"post_tag","embeddable":true,"href":"https:\/\/www.opinionpublica.tv\/portada\/wp-json\/wp\/v2\/tags?post=9563"}],"curies":[{"name":"wp","href":"https:\/\/api.w.org\/{rel}","templated":true}]}}