{"id":9537,"date":"2016-12-07T07:00:00","date_gmt":"2016-12-07T06:00:00","guid":{"rendered":"https:\/\/www.opinionpublica.tv\/portada\/2016\/12\/07\/movimiento-ciudadano-renueva-su-imagen\/"},"modified":"2016-12-07T07:00:00","modified_gmt":"2016-12-07T06:00:00","slug":"movimiento-ciudadano-renueva-su-imagen","status":"publish","type":"post","link":"https:\/\/www.opinionpublica.tv\/portada\/movimiento-ciudadano-renueva-su-imagen\/","title":{"rendered":"Movimiento Ciudadano renueva su imagen"},"content":{"rendered":"<p><img fetchpriority=\"high\" decoding=\"async\" class=\" size-full wp-image-9536\" src=\"https:\/\/www.opinionpublica.tv\/portada\/wp-content\/uploads\/2016\/12\/5e0b0f600791a4d84bb93e33ba22fb11.jpg\" alt=\"\" width=\"742\" height=\"960\" srcset=\"https:\/\/www.opinionpublica.tv\/portada\/wp-content\/uploads\/2016\/12\/5e0b0f600791a4d84bb93e33ba22fb11.jpg 742w, https:\/\/www.opinionpublica.tv\/portada\/wp-content\/uploads\/2016\/12\/5e0b0f600791a4d84bb93e33ba22fb11-232x300.jpg 232w\" sizes=\"(max-width: 742px) 100vw, 742px\" \/><br \/>\n<!--more--><\/p>\n<div style=\"text-align: justify;\">A dos a\u00f1os de las elecciones presidenciales de 2018, Movimiento Ciudadano dio un giro a su imagen institucional, con el fin de mostrarse como un partido distinto al resto y llegar a m\u00e1s votantes.<\/div>\n<p style=\"text-align: justify;\">El cambio se anunci\u00f3 a trav\u00e9s de videos difundidos previo al Consejo Nacional Ciudadano de MC y qued\u00f3 aprobado este martes.<\/p>\n<p style=\"text-align: justify;\">Ahora, el partido ya no estar\u00e1 representado por una \u00e1guila en posici\u00f3n de ascenso sobre las palabras \u00abMovimiento Ciudadano\u00bb, emblema usado desde 2011. La imagen ahora estar\u00e1 formada por las alas de un \u00e1guila real, sin leyenda.<\/p>\n<p style=\"text-align: justify;\">\u201cSi Movimiento Ciudadano representa en los hechos algo distinto, tambi\u00e9n nuestra imagen ten\u00eda que ser diferente, ten\u00eda que renovarse\u201d, dijo a medios Tania Rosas, secretaria de comunicaci\u00f3n de MC, quien puso como ejemplo la decisi\u00f3n de los alcaldes de Guadalajara y de Zapopan de reducirse el sueldo, as\u00ed como su propuesta legislativa para crear un presupuesto participativo.<\/p>\n<p style=\"text-align: justify;\">De cara al proceso electoral de 2018, la fuerza pol\u00edtica busca acercarse a los j\u00f3venes y enfatizar que no es un partido, sino un \u201cmovimiento de ciudadanos\u201d.<\/p>\n<p style=\"text-align: justify;\">El partido tiene 5% de intenci\u00f3n de voto, seg\u00fan la m\u00e1s reciente encuesta de Reforma que pregunt\u00f3 a electores por qu\u00e9 instituto pol\u00edtico votar\u00edan para presidente de la Rep\u00fablica. En este rubro, MC empata con el PRD.<\/p>\n<p style=\"text-align: justify;\">En las elecciones del 2000, el entonces partido Convergencia se sum\u00f3 a la Alianza por M\u00e9xico, integrada por el PRD, el PT, el Partido Alianza Social (PAS) y el Partido de la Sociedad Nacionalista (PSN), que postul\u00f3 a Cuauht\u00e9moc C\u00e1rdenas a la presidencia. Para las presidenciales de 2006, el partido aport\u00f3 3.5 millones de votos a la coalici\u00f3n Por el Bien de Todos, en la que tambi\u00e9n estaban el PRD y el PT.<\/p>\n<p style=\"text-align: justify;\">En las elecciones de 2012, ya con el nombre Movimiento Ciudadano y un nuevo emblema, consigui\u00f3 representaci\u00f3n en el Congreso con 20 diputados y una senadora.<\/p>\n<p style=\"text-align: justify;\">Ahora, el partido insiste en que desde hace cuatro a\u00f1os busca demostrar que no es igual a otras fuerzas. Su dirigente nacional, Dante Delgado, asegur\u00f3 este martes que el instituto pol\u00edtico cumple con las formalidades legales para participar en la boleta electoral, pero es m\u00e1s que un partido. \u201cSomos un movimiento de ciudadanos\u201d, dijo.<\/p>\n","protected":false},"excerpt":{"rendered":"","protected":false},"author":1,"featured_media":9536,"comment_status":"open","ping_status":"open","sticky":false,"template":"","format":"standard","meta":{"_acf_changed":false,"_monsterinsights_skip_tracking":false,"slim_seo":{"title":"Movimiento Ciudadano renueva su imagen - Opini\u00f3n P\u00fablica","description":"A dos a\u00f1os de las elecciones presidenciales de 2018, Movimiento Ciudadano dio un giro a su imagen institucional, con el fin de mostrarse como un partido distint"},"footnotes":""},"categories":[9],"tags":[],"class_list":["post-9537","post","type-post","status-publish","format-standard","has-post-thumbnail","hentry","category-nacional"],"acf":[],"_links":{"self":[{"href":"https:\/\/www.opinionpublica.tv\/portada\/wp-json\/wp\/v2\/posts\/9537","targetHints":{"allow":["GET"]}}],"collection":[{"href":"https:\/\/www.opinionpublica.tv\/portada\/wp-json\/wp\/v2\/posts"}],"about":[{"href":"https:\/\/www.opinionpublica.tv\/portada\/wp-json\/wp\/v2\/types\/post"}],"author":[{"embeddable":true,"href":"https:\/\/www.opinionpublica.tv\/portada\/wp-json\/wp\/v2\/users\/1"}],"replies":[{"embeddable":true,"href":"https:\/\/www.opinionpublica.tv\/portada\/wp-json\/wp\/v2\/comments?post=9537"}],"version-history":[{"count":0,"href":"https:\/\/www.opinionpublica.tv\/portada\/wp-json\/wp\/v2\/posts\/9537\/revisions"}],"wp:featuredmedia":[{"embeddable":true,"href":"https:\/\/www.opinionpublica.tv\/portada\/wp-json\/wp\/v2\/media\/9536"}],"wp:attachment":[{"href":"https:\/\/www.opinionpublica.tv\/portada\/wp-json\/wp\/v2\/media?parent=9537"}],"wp:term":[{"taxonomy":"category","embeddable":true,"href":"https:\/\/www.opinionpublica.tv\/portada\/wp-json\/wp\/v2\/categories?post=9537"},{"taxonomy":"post_tag","embeddable":true,"href":"https:\/\/www.opinionpublica.tv\/portada\/wp-json\/wp\/v2\/tags?post=9537"}],"curies":[{"name":"wp","href":"https:\/\/api.w.org\/{rel}","templated":true}]}}