{"id":9525,"date":"2016-12-07T07:00:00","date_gmt":"2016-12-07T06:00:00","guid":{"rendered":"https:\/\/www.opinionpublica.tv\/portada\/2016\/12\/07\/whatsapp-dejara-sin-servicio-a-millones-a-finales-de-diciembre\/"},"modified":"2016-12-07T07:00:00","modified_gmt":"2016-12-07T06:00:00","slug":"whatsapp-dejara-sin-servicio-a-millones-a-finales-de-diciembre","status":"publish","type":"post","link":"https:\/\/www.opinionpublica.tv\/portada\/whatsapp-dejara-sin-servicio-a-millones-a-finales-de-diciembre\/","title":{"rendered":"Whatsapp dejar\u00e1 sin servicio a millones a finales de diciembre"},"content":{"rendered":"<p><img fetchpriority=\"high\" decoding=\"async\" class=\" size-full wp-image-9524\" src=\"https:\/\/www.opinionpublica.tv\/portada\/wp-content\/uploads\/2016\/12\/5ee62de325278a8cb59a4d93e83a58af.jpg\" alt=\"\" width=\"1920\" height=\"1080\" srcset=\"https:\/\/www.opinionpublica.tv\/portada\/wp-content\/uploads\/2016\/12\/5ee62de325278a8cb59a4d93e83a58af.jpg 1920w, https:\/\/www.opinionpublica.tv\/portada\/wp-content\/uploads\/2016\/12\/5ee62de325278a8cb59a4d93e83a58af-300x169.jpg 300w, https:\/\/www.opinionpublica.tv\/portada\/wp-content\/uploads\/2016\/12\/5ee62de325278a8cb59a4d93e83a58af-1024x576.jpg 1024w, https:\/\/www.opinionpublica.tv\/portada\/wp-content\/uploads\/2016\/12\/5ee62de325278a8cb59a4d93e83a58af-768x432.jpg 768w, https:\/\/www.opinionpublica.tv\/portada\/wp-content\/uploads\/2016\/12\/5ee62de325278a8cb59a4d93e83a58af-1536x864.jpg 1536w\" sizes=\"(max-width: 1920px) 100vw, 1920px\" \/><br \/>\n<!--more--><\/p>\n<p style=\"text-align: justify;\">Whatsapp\u00a0dejar\u00e1 de ofrecer soporte a millones de tel\u00e9fonos y smartphones a finales de este mes de diciembre de 2016. La compa\u00f1\u00eda de Facebook decidi\u00f3 dejar atr\u00e1s las versiones m\u00e1s antiguas de los sistemas operativos de Windows, Android y Apple, por lo que necesitar\u00e1s una actualizaci\u00f3n o la aplicaci\u00f3n de mensajer\u00eda instant\u00e1nea dejar\u00e1 de funcionar.<\/p>\n<p style=\"text-align: justify;\">En un post, la compa\u00f1\u00eda explic\u00f3 que esas terminales no pueden aprovechar al m\u00e1ximo las posibilidades de la aplicaci\u00f3n, por lo que no tiene sentido mantener el soporte para ellas. El anuncio coincidi\u00f3 con el s\u00e9ptimo aniversario de Whatsapp, que vio la luz en 2009.<\/p>\n<p style=\"text-align: justify;\">\u00abAhora que tenemos que mirar hacia nuestros pr\u00f3ximos siete a\u00f1os, hemos de centrar nuestros esfuerzos en las plataformas que utiliza la mayor\u00eda de la gente\u00bb, explic\u00f3.<\/p>\n<p style=\"text-align: justify;\"><strong>\u00bf<\/strong><strong>A qu\u00e9 dispositivos afectar\u00e1?<\/strong><\/p>\n<p style=\"text-align: justify;\">Que no cunda el p\u00e1nico: no se trata del tel\u00e9fono que tengas, sino del sistema operativo que utilice para operar. Whatsapp ha indicado que, a finales de a\u00f1o, dejar\u00e1 de funcionar en los tel\u00e9fonos que funcionen con Android 2.1 y Android 2.2, Windows Phone 7 y iPhone 3GS\/iOS 6.<\/p>\n<p style=\"text-align: justify;\">No ser\u00e1n los \u00fanicos: a mediados de 2017,\u00a0como ya se hab\u00eda publicado, la aplicaci\u00f3n de mensajer\u00eda tambi\u00e9n dejar\u00e1 de funcionar en todos los dispositivos BlackBerry, en los Nokia S40 y en los Symbian S60.<\/p>\n<p style=\"text-align: justify;\">PRIMERO LOS AVANCES\u00a0<\/p>\n<p style=\"text-align: justify;\">Desde mediados de noviembre pasado, y de manera progresiva, todos los usuarios de\u00a0<strong style=\"font-style: inherit;\">WhatsApp<\/strong>\u00a0en plataformas\u00a0<strong style=\"font-style: inherit;\">Android<\/strong>,\u00a0<strong style=\"font-style: inherit;\">iOS<\/strong>\u00a0y\u00a0<strong style=\"font-style: inherit;\">Windows Phone<\/strong>\u00a0podr\u00e1n realizar\u00a0<strong style=\"font-style: inherit;\">videollamadas<\/strong>\u00a0con sus contactos, ainform\u00f1o la compa\u00f1\u00eda.<\/p>\n<p style=\"text-align: justify;\">Esta nueva funci\u00f3n fue introducida para ofrecer\u00a0una nueva alternativa de comunicaci\u00f3n, adem\u00e1s de que desea competir con otros servicios como\u00a0<strong style=\"font-style: inherit;\">Facebook Time<\/strong>\u00a0o\u00a0<strong style=\"font-style: inherit;\">Skype<\/strong>.<\/p>\n<p style=\"text-align: justify;\">Esta funci\u00f3n porque sabemos que a veces los mensajes de voz o texto simplemente no son suficientes. No hay manera de reemplazar la emoci\u00f3n de ver en vivo los primeros pasos de un nieto, o de ver el rostro de aquella hija que estudia en el extranjero\u00bb, detall\u00f3 la empresa en un comunicado.\u00a0<\/p>\n<p style=\"text-align: justify;\">Al igual que los mensajes, las\u00a0<strong style=\"font-style: inherit;\">videollamadas tambi\u00e9n ser\u00e1n cifradas<\/strong>\u00a0y \u00fanicamente los\u00a0<strong style=\"font-style: inherit;\">dispositivos de la conversaci\u00f3n<\/strong>\u00a0podr\u00e1n acceder a los datos.<\/p>\n","protected":false},"excerpt":{"rendered":"","protected":false},"author":6,"featured_media":9524,"comment_status":"open","ping_status":"open","sticky":false,"template":"","format":"standard","meta":{"_acf_changed":false,"_monsterinsights_skip_tracking":false,"slim_seo":{"title":"Whatsapp dejar\u00e1 sin servicio a millones a finales de diciembre - Opini\u00f3n P\u00fablica","description":"Whatsapp\u00a0dejar\u00e1 de ofrecer soporte a millones de tel\u00e9fonos y smartphones a finales de este mes de diciembre de 2016. La compa\u00f1\u00eda de Facebook decidi\u00f3 dejar atr\u00e1s"},"footnotes":""},"categories":[22],"tags":[],"class_list":["post-9525","post","type-post","status-publish","format-standard","has-post-thumbnail","hentry","category-ciencia-y-tecnologia"],"acf":[],"_links":{"self":[{"href":"https:\/\/www.opinionpublica.tv\/portada\/wp-json\/wp\/v2\/posts\/9525","targetHints":{"allow":["GET"]}}],"collection":[{"href":"https:\/\/www.opinionpublica.tv\/portada\/wp-json\/wp\/v2\/posts"}],"about":[{"href":"https:\/\/www.opinionpublica.tv\/portada\/wp-json\/wp\/v2\/types\/post"}],"author":[{"embeddable":true,"href":"https:\/\/www.opinionpublica.tv\/portada\/wp-json\/wp\/v2\/users\/6"}],"replies":[{"embeddable":true,"href":"https:\/\/www.opinionpublica.tv\/portada\/wp-json\/wp\/v2\/comments?post=9525"}],"version-history":[{"count":0,"href":"https:\/\/www.opinionpublica.tv\/portada\/wp-json\/wp\/v2\/posts\/9525\/revisions"}],"wp:featuredmedia":[{"embeddable":true,"href":"https:\/\/www.opinionpublica.tv\/portada\/wp-json\/wp\/v2\/media\/9524"}],"wp:attachment":[{"href":"https:\/\/www.opinionpublica.tv\/portada\/wp-json\/wp\/v2\/media?parent=9525"}],"wp:term":[{"taxonomy":"category","embeddable":true,"href":"https:\/\/www.opinionpublica.tv\/portada\/wp-json\/wp\/v2\/categories?post=9525"},{"taxonomy":"post_tag","embeddable":true,"href":"https:\/\/www.opinionpublica.tv\/portada\/wp-json\/wp\/v2\/tags?post=9525"}],"curies":[{"name":"wp","href":"https:\/\/api.w.org\/{rel}","templated":true}]}}