{"id":9516,"date":"2016-12-06T07:00:00","date_gmt":"2016-12-06T06:00:00","guid":{"rendered":"https:\/\/www.opinionpublica.tv\/portada\/2016\/12\/06\/cesar-duarte-expediente-penal-19-2016-35321\/"},"modified":"2016-12-06T07:00:00","modified_gmt":"2016-12-06T06:00:00","slug":"cesar-duarte-expediente-penal-19-2016-35321","status":"publish","type":"post","link":"https:\/\/www.opinionpublica.tv\/portada\/cesar-duarte-expediente-penal-19-2016-35321\/","title":{"rendered":"C\u00e9sar Duarte: Expediente Penal: 19\/2016\/35321"},"content":{"rendered":"<p style=\"text-align: justify;\"><em>\u201c&#8230;El c\u00edrculo se empieza a cerrar en torno al ex gobernador C\u00e9sar Duarte, pronto ser\u00e1 un pr\u00f3fugo de la justicia, deber\u00e1 esconderse fuera de M\u00e9xico, preferentemente en un pa\u00eds que no tenga extradici\u00f3n con el nuestro, al menos por lo que resta del sexenio de Enrique Pe\u00f1a Nieto&#8230;\u201d,<\/em> explica de forma cuidadosa el prestigiado ex l\u00edder nacional del m\u00e1s antiguo partido de oposici\u00f3n, que nos recibe en la sobriedad de su imponente biblioteca, de vista a frondoso jard\u00edn, en su residencia particular en el coraz\u00f3n de San \u00c1ngel, en la Ciudad de M\u00e9xico.<\/p>\n<p><!--more--><\/p>\n<p style=\"text-align: justify;\">\u00a0<\/p>\n<p style=\"text-align: justify;\">\u201c<em>&#8230;A menos claro est\u00e1, en que gane el PAN, porque entonces la pesadilla de Duarte se prolongar\u00e1 al menos otros seis a\u00f1os, si es que no lo detienen antes&#8230;\u201d<\/em><\/p>\n<p style=\"text-align: justify;\">\u201c<em>&#8230;La decisi\u00f3n pol\u00edtica inicial fue de s\u00f3lo seguirle causa penal al Duarte de Veracruz, a cambio del panista Padr\u00e9s, esperando que as\u00ed se igualaran los momios y no hubiera necesidad de afectar a nadie m\u00e1s, la realidad demostr\u00f3 cuan equivocados estaban estos escenarios, de ah\u00ed la intenci\u00f3n de agregar a un pri\u00edsta m\u00e1s, en la inesperada persona del exgobernador de Tamaulipas, Tom\u00e1s Yarrington, quien por supuesto bien merecido se lo tiene, s\u00f3lo que su caso despert\u00f3 a\u00fan m\u00e1s sospechas de amplios c\u00edrculos de opini\u00f3n, en el sentido de que s\u00f3lo se trataba de una estrategia para encubrir precisamente al Duarte de Chihuahua y a Borge de Quintana Roo&#8230;\u201d<\/em><\/p>\n<p style=\"text-align: justify;\">\u201c<em>&#8230;Las redes de complicidad lanzadas por el h\u00e1bil norte\u00f1o alcanzan altos niveles de poder en M\u00e9xico, empezando desde luego por el padrino pol\u00edtico de Duarte, Emilio Gamboa Patr\u00f3n, a quien se le atribuye un intenso cabildeo al m\u00e1s alto nivel para protegerlo, a cambio naturalmente de una toda una fortuna, que el angustiado ex gobernador ni reparo tuvo en otorg\u00e1rsela, ya que al fin y al cabo solo ser\u00eda como quitarle un porcentaje menor de su cuantioso capital&#8230;\u201d<\/em><\/p>\n<p style=\"text-align: justify;\">\u201c<em>&#8230;Otra vertiente apunta al poderoso ex secretario de Hacienda, Luis Videgaray Caso, quien habr\u00eda favorecido a su vez a su mentor de toda la vida, Pedro Aspe Armella, para que le dise\u00f1ara a C\u00e9sar Duarte el esquema de endeudamiento que le permitiera virtualmente hipotecar los ingresos de los pr\u00f3ximos treinta a\u00f1os de todas las familias chihuahuenses, obviamente con una jugosa comisi\u00f3n por intermediaci\u00f3n, mientras la SHCP alegremente validaba este endeudamiento criminal, a trav\u00e9s de su Unidad de Coordinaci\u00f3n Fiscal con Entidades Federativas y de la Direcci\u00f3n General de Deuda Publica&#8230;\u201d<\/em><\/p>\n<p style=\"text-align: justify;\">\u201c<em>&#8230;Ni qu\u00e9 decir del ex delfin Pe\u00f1ista, Aurelio Nu\u00f1o Mayer, quien primero como Jefe de la Oficina de la Presidencia y luego como Secretario de Educaci\u00f3n P\u00fablica, alent\u00f3 las m\u00e1s absurdas fantas\u00edas Duartistas, que alternativamente lo colocaban como Secretario de Gobernaci\u00f3n, o de Agricultura, o al menos en la Presidencia del CEN del PRI, a cambio de jugosas comisiones por diversos negocios, que Duarte entusiasmado no reparaba en cubrir, con la certidumbre de que simult\u00e1neamente estaba comprando impunidad para s\u00ed mismo, aunque nunca espero el peor desenlace electoral que lo tiene ahora al borde de la c\u00e1rcel&#8230;\u201d<\/em><\/p>\n<p style=\"text-align: justify;\">\u201c<em>&#8230;El propio Pe\u00f1a Nieto fue beneficiario de cuantiosos recursos para su campa\u00f1a a la Presidencia de la Rep\u00fablica, provenientes de la Tesorer\u00eda del Gobierno de Chihuahua, que algunos analistas estiman en m\u00e1s de tres mil millones de pesos, que luego Duarte de forma traicionera y oportunista quiso endosar repentinamente a su antecesor, el actual Director General del ISSSTE, Jos\u00e9 Reyes Baeza&#8230;\u201d<\/em><\/p>\n<p style=\"text-align: justify;\">\u201c<em>&#8230;Para la desgracia de C\u00e9sar Duarte, sus principales enemigos est\u00e1n dentro del PRI, buscando que enfrente un complejo aunque justificado proceso penal, que lo aleje de toda posibilidad real de buscar una Senadur\u00eda o al menos una Diputaci\u00f3n Federal en el ya inminente 2018&#8230;\u201d<\/em><\/p>\n<p style=\"text-align: justify;\">\u201c<em>&#8230;No menos importante ser\u00e1 el papel que juegue el actual gobernador Javier Corral, que de llegar a echarle el guante al escurridizo ex mandatario antes que sus hom\u00f3logos de Veracruz y Quintana Roo, tendr\u00eda virtualmente asegurada la candidatura panista para la Presidencia, que coyunturalmente podr\u00eda convertirse en una alianza con la izquierda, merced a su cercana vinculaci\u00f3n y amistad con Cuauht\u00e9moc C\u00e1rdenas y Guadalupe Naranjo; Pe\u00f1a Nieto sin duda le tender\u00eda gustoso un puente de plata para asegurarse que AMLO no pueda tener la menor posibilidad&#8230;\u201d<\/em><\/p>\n<p style=\"text-align: justify;\">Nadie sabe para qui\u00e9n trabaja&#8230;<\/p>\n","protected":false},"excerpt":{"rendered":"<p>\u201c&#8230;El c\u00edrculo se empieza a cerrar en torno al ex gobernador C\u00e9sar Duarte, pronto ser\u00e1 un pr\u00f3fugo de la justicia, deber\u00e1 esconderse fuera de M\u00e9xico, preferentemente en un pa\u00eds que no tenga extradici\u00f3n con el nuestro, al menos por lo que resta del sexenio de Enrique Pe\u00f1a Nieto&#8230;\u201d, explica de forma cuidadosa el prestigiado ex [&hellip;]<\/p>\n","protected":false},"author":6,"featured_media":0,"comment_status":"open","ping_status":"open","sticky":false,"template":"","format":"standard","meta":{"_acf_changed":false,"_monsterinsights_skip_tracking":false,"slim_seo":{"title":"C\u00e9sar Duarte: Expediente Penal: 19\/2016\/35321 - Opini\u00f3n P\u00fablica","description":"\u201c...El c\u00edrculo se empieza a cerrar en torno al ex gobernador C\u00e9sar Duarte, pronto ser\u00e1 un pr\u00f3fugo de la justicia, deber\u00e1 esconderse fuera de M\u00e9xico, preferentem"},"footnotes":""},"categories":[29],"tags":[],"class_list":["post-9516","post","type-post","status-publish","format-standard","hentry","category-voces-libres"],"acf":[],"_links":{"self":[{"href":"https:\/\/www.opinionpublica.tv\/portada\/wp-json\/wp\/v2\/posts\/9516","targetHints":{"allow":["GET"]}}],"collection":[{"href":"https:\/\/www.opinionpublica.tv\/portada\/wp-json\/wp\/v2\/posts"}],"about":[{"href":"https:\/\/www.opinionpublica.tv\/portada\/wp-json\/wp\/v2\/types\/post"}],"author":[{"embeddable":true,"href":"https:\/\/www.opinionpublica.tv\/portada\/wp-json\/wp\/v2\/users\/6"}],"replies":[{"embeddable":true,"href":"https:\/\/www.opinionpublica.tv\/portada\/wp-json\/wp\/v2\/comments?post=9516"}],"version-history":[{"count":0,"href":"https:\/\/www.opinionpublica.tv\/portada\/wp-json\/wp\/v2\/posts\/9516\/revisions"}],"wp:attachment":[{"href":"https:\/\/www.opinionpublica.tv\/portada\/wp-json\/wp\/v2\/media?parent=9516"}],"wp:term":[{"taxonomy":"category","embeddable":true,"href":"https:\/\/www.opinionpublica.tv\/portada\/wp-json\/wp\/v2\/categories?post=9516"},{"taxonomy":"post_tag","embeddable":true,"href":"https:\/\/www.opinionpublica.tv\/portada\/wp-json\/wp\/v2\/tags?post=9516"}],"curies":[{"name":"wp","href":"https:\/\/api.w.org\/{rel}","templated":true}]}}