{"id":9463,"date":"2016-12-06T07:00:00","date_gmt":"2016-12-06T06:00:00","guid":{"rendered":"https:\/\/www.opinionpublica.tv\/portada\/2016\/12\/06\/uach-le-otorga-doctorado-honoris-causa-a-ignacio-solares\/"},"modified":"2016-12-06T07:00:00","modified_gmt":"2016-12-06T06:00:00","slug":"uach-le-otorga-doctorado-honoris-causa-a-ignacio-solares","status":"publish","type":"post","link":"https:\/\/www.opinionpublica.tv\/portada\/uach-le-otorga-doctorado-honoris-causa-a-ignacio-solares\/","title":{"rendered":"UACH le otorga doctorado Honoris Causa a Ignacio Solares"},"content":{"rendered":"<p><img fetchpriority=\"high\" decoding=\"async\" class=\" size-full wp-image-9462\" src=\"https:\/\/www.opinionpublica.tv\/portada\/wp-content\/uploads\/2016\/12\/98a582b66f9604c5e197e648c3b2d22e.jpg\" alt=\"\" width=\"503\" height=\"346\" srcset=\"https:\/\/www.opinionpublica.tv\/portada\/wp-content\/uploads\/2016\/12\/98a582b66f9604c5e197e648c3b2d22e.jpg 503w, https:\/\/www.opinionpublica.tv\/portada\/wp-content\/uploads\/2016\/12\/98a582b66f9604c5e197e648c3b2d22e-300x206.jpg 300w\" sizes=\"(max-width: 503px) 100vw, 503px\" \/><br \/>\n<!--more--><\/p>\n<p style=\"text-align: justify;\">El gobernador del estado, Javier Corral Jurado, y el rector de la Universidad Aut\u00f3noma de Chihuahua (UACH), Luis Alberto Fierro Ram\u00edrez, otorgaron el grado de doctor Honoris Causa al escritor chihuahuense Ignacio Solares Bernal, por su destacada labor en la literatura, el periodismo y la promoci\u00f3n cultural a nivel nacional e internacional.<\/p>\n<p style=\"text-align: justify;\">El director de la Facultad de Filosof\u00eda y Letras, Armando Villanueva, propuso ante el Consejo Universitario entregar este grado a este chihuahuense universal que utiliz\u00f3 el pensamiento creativo como una forma de entendimiento y an\u00e1lisis a trav\u00e9s de sus m\u00e1s de 40 libros de los m\u00e1s variados g\u00e9neros como novela, cuento, ensayo literario y dramaturgia, que han sido traducidos al ingl\u00e9s, franc\u00e9s y ruso.<\/p>\n<p style=\"text-align: justify;\">M\u00e1s destacable resulta la presencia palpable de Chihuahua con su historia, su habla y sus costumbres en obras como \u201cColumbus\u201d y \u201cNo hay tal lugar\u201d, lo que manifiesta el irrompible v\u00ednculo del creador con su tierra natal, a pesar del juvenil exilio en la Ciudad de M\u00e9xico que vivi\u00f3 junto a otros grandes artistas como V\u00edctor Hugo Rasc\u00f3n Banda, Carlos Montemayor o Sebasti\u00e1n.<\/p>\n<p style=\"text-align: justify;\">Solares destac\u00f3 tambi\u00e9n en sus a\u00f1os de periodista al frente de diversas publicaciones en las que convers\u00f3 con escritores como Jorge Luis Borges, Alejo Carpentier, Carlos Fuentes, \u00c1lvaro Mutis, Octavio Paz, Jos\u00e9 Revueltas, Mario Vargas Llosa, Jaime Sabines o Ernesto S\u00e1bato.<\/p>\n<p style=\"text-align: justify;\">En su mensaje, el doctor Solares destac\u00f3 a Chihuahua como cuna de grandes escritores como Mart\u00edn Luis Guzm\u00e1n, Nellie Campobello, Jos\u00e9 Fuentes Mares o Elena Garro, quienes, a trav\u00e9s de la literatura han sembrado la semilla transformadora de la sociedad que s\u00f3lo la cultura y el arte pueden sembrar.<\/p>\n<p style=\"text-align: justify;\">\u201cS\u00f3lo la literatura dispone de las t\u00e9cnicas y poderes para destilar el delicado elixir de la vida, la verdadera vida escondida en el coraz\u00f3n humano, porque la vida real, la vida verdadera nunca ha sido bastante para colmar los mas profundos deseos humanos\u2026 si la barbarie es el veneno el ant\u00eddoto es la cultural\u201d.<\/p>\n","protected":false},"excerpt":{"rendered":"","protected":false},"author":1,"featured_media":9462,"comment_status":"open","ping_status":"open","sticky":false,"template":"","format":"standard","meta":{"_acf_changed":false,"_monsterinsights_skip_tracking":false,"slim_seo":{"title":"UACH le otorga doctorado Honoris Causa a Ignacio Solares - Opini\u00f3n P\u00fablica","description":"El gobernador del estado, Javier Corral Jurado, y el rector de la Universidad Aut\u00f3noma de Chihuahua (UACH), Luis Alberto Fierro Ram\u00edrez, otorgaron el grado de d"},"footnotes":""},"categories":[4],"tags":[],"class_list":["post-9463","post","type-post","status-publish","format-standard","has-post-thumbnail","hentry","category-pulsopolitico"],"acf":[],"_links":{"self":[{"href":"https:\/\/www.opinionpublica.tv\/portada\/wp-json\/wp\/v2\/posts\/9463","targetHints":{"allow":["GET"]}}],"collection":[{"href":"https:\/\/www.opinionpublica.tv\/portada\/wp-json\/wp\/v2\/posts"}],"about":[{"href":"https:\/\/www.opinionpublica.tv\/portada\/wp-json\/wp\/v2\/types\/post"}],"author":[{"embeddable":true,"href":"https:\/\/www.opinionpublica.tv\/portada\/wp-json\/wp\/v2\/users\/1"}],"replies":[{"embeddable":true,"href":"https:\/\/www.opinionpublica.tv\/portada\/wp-json\/wp\/v2\/comments?post=9463"}],"version-history":[{"count":0,"href":"https:\/\/www.opinionpublica.tv\/portada\/wp-json\/wp\/v2\/posts\/9463\/revisions"}],"wp:featuredmedia":[{"embeddable":true,"href":"https:\/\/www.opinionpublica.tv\/portada\/wp-json\/wp\/v2\/media\/9462"}],"wp:attachment":[{"href":"https:\/\/www.opinionpublica.tv\/portada\/wp-json\/wp\/v2\/media?parent=9463"}],"wp:term":[{"taxonomy":"category","embeddable":true,"href":"https:\/\/www.opinionpublica.tv\/portada\/wp-json\/wp\/v2\/categories?post=9463"},{"taxonomy":"post_tag","embeddable":true,"href":"https:\/\/www.opinionpublica.tv\/portada\/wp-json\/wp\/v2\/tags?post=9463"}],"curies":[{"name":"wp","href":"https:\/\/api.w.org\/{rel}","templated":true}]}}