{"id":9453,"date":"2016-12-06T07:00:00","date_gmt":"2016-12-06T06:00:00","guid":{"rendered":"https:\/\/www.opinionpublica.tv\/portada\/2016\/12\/06\/trump-cancela-construccion-del-air-force-one-de-boeing\/"},"modified":"2016-12-06T07:00:00","modified_gmt":"2016-12-06T06:00:00","slug":"trump-cancela-construccion-del-air-force-one-de-boeing","status":"publish","type":"post","link":"https:\/\/www.opinionpublica.tv\/portada\/trump-cancela-construccion-del-air-force-one-de-boeing\/","title":{"rendered":"Trump cancela construcci\u00f3n del Air Force One de Boeing"},"content":{"rendered":"<p><img fetchpriority=\"high\" decoding=\"async\" class=\" size-full wp-image-9452\" src=\"https:\/\/www.opinionpublica.tv\/portada\/wp-content\/uploads\/2016\/12\/02465e9ee395604fff849b7af2f9a088.jpg\" alt=\"\" width=\"576\" height=\"373\" srcset=\"https:\/\/www.opinionpublica.tv\/portada\/wp-content\/uploads\/2016\/12\/02465e9ee395604fff849b7af2f9a088.jpg 576w, https:\/\/www.opinionpublica.tv\/portada\/wp-content\/uploads\/2016\/12\/02465e9ee395604fff849b7af2f9a088-300x194.jpg 300w\" sizes=\"(max-width: 576px) 100vw, 576px\" \/><br \/>\n<!--more--><\/p>\n<p style=\"text-align: justify;\">El presidente electo de Estados Unidos, Donald Trump, cancel\u00f3 la construcci\u00f3n del nuevo 747 Air Force One solicitado a la empresa Boeing para los futuros mandatarios del pa\u00eds, argumentando costos fuera de control.<\/p>\n<p style=\"text-align: justify;\">A trav\u00e9s de su cuenta en Twitter, el magnate estadounidense inform\u00f3 que la nueva aeronave costar\u00eda m\u00e1s de 4,000 millones de d\u00f3lares, por lo que cancel\u00f3 la orden.<\/p>\n<div style=\"text-align: justify;\" data-twitter-event-id=\"0\">\n<div id=\"twitter-widget-0\" lang=\"es\" data-click-to-open-target=\"https:\/\/twitter.com\/realDonaldTrump\/status\/806134244384899072\" data-iframe-title=\"Tweet de Twitter\" data-dt-full=\"%{hours24}:%{minutes} - %{day} %{month} %{year}\" data-dt-months=\"ene|feb|mar|abr|Mayo|jun|jul|ago|sep|oct|nov|dic\" data-dt-am=\"AM\" data-dt-pm=\"PM\" data-dt-now=\"ahora\" data-dt-s=\"s\" data-dt-m=\"m\" data-dt-h=\"h\" data-dt-second=\"segundo\" data-dt-seconds=\"segundos\" data-dt-minute=\"minuto\" data-dt-minutes=\"minutos\" data-dt-hour=\"hora\" data-dt-hours=\"horas\" data-dt-abbr=\"%{number}%{symbol}\" data-dt-short=\"%{day} %{month}\" data-dt-long=\"%{day} %{month} %{year}\" data-scribe=\"page:tweet\" data-twitter-event-id=\"1\">\n<div>\n<blockquote cite=\"https:\/\/twitter.com\/realDonaldTrump\/status\/806134244384899072\" data-tweet-id=\"806134244384899072\" data-scribe=\"section:subject\">\n<div>\n<div>\n<div title=\"\">\u00a0<\/div>\n<p><a title=\"Seguir a Donald J. Trump en Twitter\" href=\"https:\/\/twitter.com\/realDonaldTrump\" data-scribe=\"component:followbutton\">Seguir<\/a><\/div>\n<div data-scribe=\"component:author\"><a href=\"https:\/\/twitter.com\/realDonaldTrump\" data-scribe=\"element:user_link\"><img decoding=\"async\" src=\"https:\/\/pbs.twimg.com\/profile_images\/1980294624\/DJT_Headshot_V2_normal.jpg\" alt=\"\" data-scribe=\"element:avatar\" data-src-2x=\"https:\/\/pbs.twimg.com\/profile_images\/1980294624\/DJT_Headshot_V2_bigger.jpg\" data-src-1x=\"https:\/\/pbs.twimg.com\/profile_images\/1980294624\/DJT_Headshot_V2_normal.jpg\" \/><span title=\"Donald J. Trump\" data-scribe=\"element:name\">Donald J. Trump<\/span> <\/a><\/p>\n<div title=\"Cuenta verificada\">\u00a0<\/div>\n<p><a href=\"https:\/\/twitter.com\/realDonaldTrump\" data-scribe=\"element:user_link\"><span data-scribe=\"element:verified_badge\">\u2714<\/span><span dir=\"ltr\" title=\"@realDonaldTrump\" data-scribe=\"element:screen_name\">@realDonaldTrump<\/span><\/a><\/div>\n<\/div>\n<div data-scribe=\"component:tweet\">\n<p dir=\"ltr\" lang=\"en\">Boeing is building a brand new 747 Air Force One for future presidents, but costs are out of control, more than $4 billion. Cancel order!<time title=\"Publicado a las: 06 dic 2016, 13:52:35 (UTC)\" datetime=\"2016-12-06T13:52:35+0000\"><\/time>\u00a0<\/p>\n<\/div>\n<\/blockquote>\n<\/div>\n<\/div>\n<\/div>\n<p style=\"text-align: justify;\">Posteriormente y en breves declaraciones a periodistas en la Torre Trump, reiter\u00f3 que el Air Force One \u201cest\u00e1 totalmente fuera de control\u201d y el costo\u00a0es \u201crid\u00edculo\u201d.<\/p>\n<p style=\"text-align: justify;\">\u201cQueremos que Boeing haga un mont\u00f3n de dinero, pero no tanto\u201d, afirm\u00f3 Trump.<\/p>\n<p style=\"text-align: justify;\">En sus distintas versiones, el modelo 747 de Boeing que cuenta con especiales medidas de seguridad y equipos sofisticados, se ha utilizado para dar servicio al presidente de EU.<\/p>\n","protected":false},"excerpt":{"rendered":"","protected":false},"author":1,"featured_media":9452,"comment_status":"open","ping_status":"open","sticky":false,"template":"","format":"standard","meta":{"_acf_changed":false,"_monsterinsights_skip_tracking":false,"slim_seo":{"title":"Trump cancela construcci\u00f3n del Air Force One de Boeing - Opini\u00f3n P\u00fablica","description":"El presidente electo de Estados Unidos, Donald Trump, cancel\u00f3 la construcci\u00f3n del nuevo 747 Air Force One solicitado a la empresa Boeing para los futuros mandat"},"footnotes":""},"categories":[24],"tags":[],"class_list":["post-9453","post","type-post","status-publish","format-standard","has-post-thumbnail","hentry","category-estados-unidos"],"acf":[],"_links":{"self":[{"href":"https:\/\/www.opinionpublica.tv\/portada\/wp-json\/wp\/v2\/posts\/9453","targetHints":{"allow":["GET"]}}],"collection":[{"href":"https:\/\/www.opinionpublica.tv\/portada\/wp-json\/wp\/v2\/posts"}],"about":[{"href":"https:\/\/www.opinionpublica.tv\/portada\/wp-json\/wp\/v2\/types\/post"}],"author":[{"embeddable":true,"href":"https:\/\/www.opinionpublica.tv\/portada\/wp-json\/wp\/v2\/users\/1"}],"replies":[{"embeddable":true,"href":"https:\/\/www.opinionpublica.tv\/portada\/wp-json\/wp\/v2\/comments?post=9453"}],"version-history":[{"count":0,"href":"https:\/\/www.opinionpublica.tv\/portada\/wp-json\/wp\/v2\/posts\/9453\/revisions"}],"wp:featuredmedia":[{"embeddable":true,"href":"https:\/\/www.opinionpublica.tv\/portada\/wp-json\/wp\/v2\/media\/9452"}],"wp:attachment":[{"href":"https:\/\/www.opinionpublica.tv\/portada\/wp-json\/wp\/v2\/media?parent=9453"}],"wp:term":[{"taxonomy":"category","embeddable":true,"href":"https:\/\/www.opinionpublica.tv\/portada\/wp-json\/wp\/v2\/categories?post=9453"},{"taxonomy":"post_tag","embeddable":true,"href":"https:\/\/www.opinionpublica.tv\/portada\/wp-json\/wp\/v2\/tags?post=9453"}],"curies":[{"name":"wp","href":"https:\/\/api.w.org\/{rel}","templated":true}]}}