{"id":9447,"date":"2016-12-06T07:00:00","date_gmt":"2016-12-06T06:00:00","guid":{"rendered":"https:\/\/www.opinionpublica.tv\/portada\/2016\/12\/06\/la-mitad-de-los-jovenes-en-mexico-sin-empleo\/"},"modified":"2016-12-06T07:00:00","modified_gmt":"2016-12-06T06:00:00","slug":"la-mitad-de-los-jovenes-en-mexico-sin-empleo","status":"publish","type":"post","link":"https:\/\/www.opinionpublica.tv\/portada\/la-mitad-de-los-jovenes-en-mexico-sin-empleo\/","title":{"rendered":"La mitad de los j\u00f3venes en M\u00e9xico sin empleo"},"content":{"rendered":"<p><img fetchpriority=\"high\" decoding=\"async\" class=\" size-full wp-image-9446\" src=\"https:\/\/www.opinionpublica.tv\/portada\/wp-content\/uploads\/2016\/12\/b5ea1661abf8fe3e91b3305d37d7b611.jpg\" alt=\"\" width=\"502\" height=\"398\" srcset=\"https:\/\/www.opinionpublica.tv\/portada\/wp-content\/uploads\/2016\/12\/b5ea1661abf8fe3e91b3305d37d7b611.jpg 502w, https:\/\/www.opinionpublica.tv\/portada\/wp-content\/uploads\/2016\/12\/b5ea1661abf8fe3e91b3305d37d7b611-300x238.jpg 300w\" sizes=\"(max-width: 502px) 100vw, 502px\" \/><br \/>\n<!--more--><\/p>\n<p style=\"text-align: justify;\">La mitad de los j\u00f3venes en M\u00e9xico en edad de trabajar se suman a las filas del desempleo, debido a que el crecimiento de la econom\u00eda mexicana es insuficiente, asegur\u00f3 Alfonso Navarrete Prida, secretario del Trabajo y Previsi\u00f3n Social (STPS).<\/p>\n<p style=\"text-align: justify;\">\u201cSi hemos tenido un crecimiento econ\u00f3mico promedio los \u00faltimos 30 a\u00f1os, m\u00e1s all\u00e1 si es bueno o malo en un entorno econ\u00f3mico enrarecido de las finanzas de los pa\u00edses, lo cierto que para M\u00e9xico es insuficiente\u201d, declar\u00f3 el funcionario durante una conferencia de prensa donde present\u00f3 los avances en materia laboral del gobierno de Enrique Pe\u00f1a Nieto.<\/p>\n<p style=\"text-align: justify;\">Seg\u00fan el titular de la STPS, dos puntos de crecimiento econ\u00f3mico significan 400,000 puestos de trabajo \u201cfrente a 800,000 j\u00f3venes que demandan\u201d con justa raz\u00f3n un empleo cada a\u00f1o. Ello significa que la mitad de esos j\u00f3venes se suman cada a\u00f1o al mundo del desempleo.<\/p>\n<p style=\"text-align: justify;\">El bajo crecimiento econ\u00f3mico de la econom\u00eda mexicana no cambiar\u00e1 en los pr\u00f3ximos a\u00f1os, pero es necesario contar empleos formales y bien remunerados, agreg\u00f3.<\/p>\n<p style=\"text-align: justify;\">El incremento de 7 pesos al salario m\u00ednimo anunciado por la Comisi\u00f3n Nacional de Salarios M\u00ednimos (Conasami) la semana pasada \u201cno es una medida anecd\u00f3tica\u201d, explic\u00f3 Navarrete Prida.<\/p>\n<p style=\"text-align: justify;\">\u201cLo que pas\u00f3 en el salario m\u00ednimo y que acord\u00f3 Conasami no fue producto de una mera casualidad u ocurrencia, sino se enmarca en una serie de acciones que se est\u00e1n realizando desde hace 4 a\u00f1os\u201d, coment\u00f3.<\/p>\n<p>Informaci\u00f3n de Forbes<\/p>\n","protected":false},"excerpt":{"rendered":"","protected":false},"author":1,"featured_media":9446,"comment_status":"open","ping_status":"open","sticky":false,"template":"","format":"standard","meta":{"_acf_changed":false,"_monsterinsights_skip_tracking":false,"slim_seo":{"title":"La mitad de los j\u00f3venes en M\u00e9xico sin empleo - Opini\u00f3n P\u00fablica","description":"La mitad de los j\u00f3venes en M\u00e9xico en edad de trabajar se suman a las filas del desempleo, debido a que el crecimiento de la econom\u00eda mexicana es insuficiente, a"},"footnotes":""},"categories":[3],"tags":[],"class_list":["post-9447","post","type-post","status-publish","format-standard","has-post-thumbnail","hentry","category-principal"],"acf":[],"_links":{"self":[{"href":"https:\/\/www.opinionpublica.tv\/portada\/wp-json\/wp\/v2\/posts\/9447","targetHints":{"allow":["GET"]}}],"collection":[{"href":"https:\/\/www.opinionpublica.tv\/portada\/wp-json\/wp\/v2\/posts"}],"about":[{"href":"https:\/\/www.opinionpublica.tv\/portada\/wp-json\/wp\/v2\/types\/post"}],"author":[{"embeddable":true,"href":"https:\/\/www.opinionpublica.tv\/portada\/wp-json\/wp\/v2\/users\/1"}],"replies":[{"embeddable":true,"href":"https:\/\/www.opinionpublica.tv\/portada\/wp-json\/wp\/v2\/comments?post=9447"}],"version-history":[{"count":0,"href":"https:\/\/www.opinionpublica.tv\/portada\/wp-json\/wp\/v2\/posts\/9447\/revisions"}],"wp:featuredmedia":[{"embeddable":true,"href":"https:\/\/www.opinionpublica.tv\/portada\/wp-json\/wp\/v2\/media\/9446"}],"wp:attachment":[{"href":"https:\/\/www.opinionpublica.tv\/portada\/wp-json\/wp\/v2\/media?parent=9447"}],"wp:term":[{"taxonomy":"category","embeddable":true,"href":"https:\/\/www.opinionpublica.tv\/portada\/wp-json\/wp\/v2\/categories?post=9447"},{"taxonomy":"post_tag","embeddable":true,"href":"https:\/\/www.opinionpublica.tv\/portada\/wp-json\/wp\/v2\/tags?post=9447"}],"curies":[{"name":"wp","href":"https:\/\/api.w.org\/{rel}","templated":true}]}}