{"id":9441,"date":"2016-12-06T07:00:00","date_gmt":"2016-12-06T06:00:00","guid":{"rendered":"https:\/\/www.opinionpublica.tv\/portada\/2016\/12\/06\/video-salario-minimo-en-mexico\/"},"modified":"2016-12-06T07:00:00","modified_gmt":"2016-12-06T06:00:00","slug":"video-salario-minimo-en-mexico","status":"publish","type":"post","link":"https:\/\/www.opinionpublica.tv\/portada\/video-salario-minimo-en-mexico\/","title":{"rendered":"Video: Salario m\u00ednimo en M\u00e9xico"},"content":{"rendered":"<p><img fetchpriority=\"high\" decoding=\"async\" class=\" size-full wp-image-9440\" src=\"https:\/\/www.opinionpublica.tv\/portada\/wp-content\/uploads\/2016\/12\/a525c0ba62e094d7e1533959b9a29be6.jpg\" alt=\"\" width=\"513\" height=\"328\" srcset=\"https:\/\/www.opinionpublica.tv\/portada\/wp-content\/uploads\/2016\/12\/a525c0ba62e094d7e1533959b9a29be6.jpg 513w, https:\/\/www.opinionpublica.tv\/portada\/wp-content\/uploads\/2016\/12\/a525c0ba62e094d7e1533959b9a29be6-300x192.jpg 300w\" sizes=\"(max-width: 513px) 100vw, 513px\" \/><br \/>\n<!--more--><\/p>\n<div id=\"watch-description-text\" class=\"\">\n<p id=\"eow-description\" class=\"\" style=\"text-align: justify;\">Ni con el aumento al salario m\u00ednimo alcanza para la canasta b\u00e1sica de los mexicanos.<\/p>\n<\/div>\n<div class=\"k2_video\"><a href=\"https:\/\/www.youtube.com\/watch?v=OeuLABSMe_g\">https:\/\/www.youtube.com\/watch?v=OeuLABSMe_g<\/a>\n<\/div>\n","protected":false},"excerpt":{"rendered":"","protected":false},"author":1,"featured_media":9440,"comment_status":"open","ping_status":"open","sticky":false,"template":"","format":"standard","meta":{"_acf_changed":false,"_monsterinsights_skip_tracking":false,"slim_seo":{"title":"Video: Salario m\u00ednimo en M\u00e9xico - Opini\u00f3n P\u00fablica","description":"Ni con el aumento al salario m\u00ednimo alcanza para la canasta b\u00e1sica de los mexicanos."},"footnotes":""},"categories":[8],"tags":[],"class_list":["post-9441","post","type-post","status-publish","format-standard","has-post-thumbnail","hentry","category-videos"],"acf":[],"_links":{"self":[{"href":"https:\/\/www.opinionpublica.tv\/portada\/wp-json\/wp\/v2\/posts\/9441","targetHints":{"allow":["GET"]}}],"collection":[{"href":"https:\/\/www.opinionpublica.tv\/portada\/wp-json\/wp\/v2\/posts"}],"about":[{"href":"https:\/\/www.opinionpublica.tv\/portada\/wp-json\/wp\/v2\/types\/post"}],"author":[{"embeddable":true,"href":"https:\/\/www.opinionpublica.tv\/portada\/wp-json\/wp\/v2\/users\/1"}],"replies":[{"embeddable":true,"href":"https:\/\/www.opinionpublica.tv\/portada\/wp-json\/wp\/v2\/comments?post=9441"}],"version-history":[{"count":0,"href":"https:\/\/www.opinionpublica.tv\/portada\/wp-json\/wp\/v2\/posts\/9441\/revisions"}],"wp:featuredmedia":[{"embeddable":true,"href":"https:\/\/www.opinionpublica.tv\/portada\/wp-json\/wp\/v2\/media\/9440"}],"wp:attachment":[{"href":"https:\/\/www.opinionpublica.tv\/portada\/wp-json\/wp\/v2\/media?parent=9441"}],"wp:term":[{"taxonomy":"category","embeddable":true,"href":"https:\/\/www.opinionpublica.tv\/portada\/wp-json\/wp\/v2\/categories?post=9441"},{"taxonomy":"post_tag","embeddable":true,"href":"https:\/\/www.opinionpublica.tv\/portada\/wp-json\/wp\/v2\/tags?post=9441"}],"curies":[{"name":"wp","href":"https:\/\/api.w.org\/{rel}","templated":true}]}}