{"id":9429,"date":"2016-12-06T07:00:00","date_gmt":"2016-12-06T06:00:00","guid":{"rendered":"https:\/\/www.opinionpublica.tv\/portada\/2016\/12\/06\/seguiran-bajas-temperaturas-en-la-region\/"},"modified":"2016-12-06T07:00:00","modified_gmt":"2016-12-06T06:00:00","slug":"seguiran-bajas-temperaturas-en-la-region","status":"publish","type":"post","link":"https:\/\/www.opinionpublica.tv\/portada\/seguiran-bajas-temperaturas-en-la-region\/","title":{"rendered":"Seguir\u00e1n bajas temperaturas en la regi\u00f3n"},"content":{"rendered":"<p><img fetchpriority=\"high\" decoding=\"async\" class=\" size-full wp-image-9428\" src=\"https:\/\/www.opinionpublica.tv\/portada\/wp-content\/uploads\/2016\/12\/06af124607da335c5d62db03febadab9.jpg\" alt=\"\" width=\"562\" height=\"425\" srcset=\"https:\/\/www.opinionpublica.tv\/portada\/wp-content\/uploads\/2016\/12\/06af124607da335c5d62db03febadab9.jpg 562w, https:\/\/www.opinionpublica.tv\/portada\/wp-content\/uploads\/2016\/12\/06af124607da335c5d62db03febadab9-300x227.jpg 300w\" sizes=\"(max-width: 562px) 100vw, 562px\" \/><br \/>\n<!--more--><\/p>\n<p style=\"text-align: justify;\">El Frente Fr\u00edo N\u00famero 12 localizado en el Golfo de M\u00e9xico hasta Veracruz y su masa de aire mantendr\u00e1n el ambiente fr\u00edo durante esta noche y la ma\u00f1ana del martes en entidades del norte y el centro de la Rep\u00fablica Mexicana, inform\u00f3 la Comisi\u00f3n Nacional del Agua (Conagua).<\/p>\n<p style=\"text-align: justify;\">Se prev\u00e9n vientos con rachas de hasta 40 kil\u00f3metros por hora (km\/h) en el litoral de Veracruz, adem\u00e1s, el Servicio Meteorol\u00f3gico Nacional (SMN) pronostica tormentas locales fuertes en Veracruz.<\/p>\n<p style=\"text-align: justify;\">Se presentar\u00e1n lluvias con intervalos de chubascos en Chihuahua, Coahuila, Nuevo Le\u00f3n, Tamaulipas, San Luis Potos\u00ed, Zacatecas, Durango, Sinaloa, Quer\u00e9taro, Aguascalientes, Nayarit, Jalisco, Colima, Michoac\u00e1n, Guanajuato, Hidalgo, Puebla, Tabasco, Guerrero, Oaxaca, Chiapas, Campeche, Yucat\u00e1n y Quintana Roo, as\u00ed como lloviznas en la Ciudad de M\u00e9xico y el Estado de M\u00e9xico.<\/p>\n<p style=\"text-align: justify;\">Para este martes se mantendr\u00e1 el ambiente de fr\u00edo a muy fr\u00edo durante la ma\u00f1ana y la noche en gran parte del territorio nacional.<\/p>\n<p style=\"text-align: justify;\">Se prev\u00e9n temperaturas inferiores a -5 grados Celsius en las zonas monta\u00f1osas de Chihuahua y Durango; de -5 a 0 grados Celsius en las regiones de sierra de Baja California, Sonora, Coahuila, Nuevo Le\u00f3n, San Luis Potos\u00ed, Aguascalientes, Zacatecas, Jalisco, Michoac\u00e1n, Guanajuato, Quer\u00e9taro, Hidalgo, Puebla, Tlaxcala y Estado de M\u00e9xico, y de 0 a 5 grados Celsius en las zonas elevadas de Tamaulipas, Veracruz, Ciudad de M\u00e9xico, Morelos y Oaxaca\u201d.<\/p>\n<p style=\"text-align: justify;\">Mientras tanto, tormentas fuertes en regiones de Veracruz y Chiapas; lluvias con intervalos de chubascos en Puebla, Guerrero, Oaxaca, Tabasco, Campeche, Yucat\u00e1n y Quintana Roo, y lloviznas en Baja California, Nuevo Le\u00f3n, Tamaulipas, San Luis Potos\u00ed, Hidalgo y Tlaxcala.<\/p>\n","protected":false},"excerpt":{"rendered":"","protected":false},"author":1,"featured_media":9428,"comment_status":"open","ping_status":"open","sticky":false,"template":"","format":"standard","meta":{"_acf_changed":false,"_monsterinsights_skip_tracking":false,"slim_seo":{"title":"Seguir\u00e1n bajas temperaturas en la regi\u00f3n - Opini\u00f3n P\u00fablica","description":"El Frente Fr\u00edo N\u00famero 12 localizado en el Golfo de M\u00e9xico hasta Veracruz y su masa de aire mantendr\u00e1n el ambiente fr\u00edo durante esta noche y la ma\u00f1ana del martes"},"footnotes":""},"categories":[4],"tags":[],"class_list":["post-9429","post","type-post","status-publish","format-standard","has-post-thumbnail","hentry","category-pulsopolitico"],"acf":[],"_links":{"self":[{"href":"https:\/\/www.opinionpublica.tv\/portada\/wp-json\/wp\/v2\/posts\/9429","targetHints":{"allow":["GET"]}}],"collection":[{"href":"https:\/\/www.opinionpublica.tv\/portada\/wp-json\/wp\/v2\/posts"}],"about":[{"href":"https:\/\/www.opinionpublica.tv\/portada\/wp-json\/wp\/v2\/types\/post"}],"author":[{"embeddable":true,"href":"https:\/\/www.opinionpublica.tv\/portada\/wp-json\/wp\/v2\/users\/1"}],"replies":[{"embeddable":true,"href":"https:\/\/www.opinionpublica.tv\/portada\/wp-json\/wp\/v2\/comments?post=9429"}],"version-history":[{"count":0,"href":"https:\/\/www.opinionpublica.tv\/portada\/wp-json\/wp\/v2\/posts\/9429\/revisions"}],"wp:featuredmedia":[{"embeddable":true,"href":"https:\/\/www.opinionpublica.tv\/portada\/wp-json\/wp\/v2\/media\/9428"}],"wp:attachment":[{"href":"https:\/\/www.opinionpublica.tv\/portada\/wp-json\/wp\/v2\/media?parent=9429"}],"wp:term":[{"taxonomy":"category","embeddable":true,"href":"https:\/\/www.opinionpublica.tv\/portada\/wp-json\/wp\/v2\/categories?post=9429"},{"taxonomy":"post_tag","embeddable":true,"href":"https:\/\/www.opinionpublica.tv\/portada\/wp-json\/wp\/v2\/tags?post=9429"}],"curies":[{"name":"wp","href":"https:\/\/api.w.org\/{rel}","templated":true}]}}