{"id":9333,"date":"2016-12-04T07:00:00","date_gmt":"2016-12-04T06:00:00","guid":{"rendered":"https:\/\/www.opinionpublica.tv\/portada\/2016\/12\/04\/aseguran-cargamento-de-fuegos-artificiales\/"},"modified":"2016-12-04T07:00:00","modified_gmt":"2016-12-04T06:00:00","slug":"aseguran-cargamento-de-fuegos-artificiales","status":"publish","type":"post","link":"https:\/\/www.opinionpublica.tv\/portada\/aseguran-cargamento-de-fuegos-artificiales\/","title":{"rendered":"Aseguran cargamento de fuegos artificiales"},"content":{"rendered":"<p><img fetchpriority=\"high\" decoding=\"async\" class=\" size-full wp-image-9332\" src=\"https:\/\/www.opinionpublica.tv\/portada\/wp-content\/uploads\/2016\/12\/b84eea6cb136c077a2ce9a85807c3f7b.jpg\" alt=\"\" width=\"978\" height=\"618\" srcset=\"https:\/\/www.opinionpublica.tv\/portada\/wp-content\/uploads\/2016\/12\/b84eea6cb136c077a2ce9a85807c3f7b.jpg 978w, https:\/\/www.opinionpublica.tv\/portada\/wp-content\/uploads\/2016\/12\/b84eea6cb136c077a2ce9a85807c3f7b-300x190.jpg 300w, https:\/\/www.opinionpublica.tv\/portada\/wp-content\/uploads\/2016\/12\/b84eea6cb136c077a2ce9a85807c3f7b-768x485.jpg 768w\" sizes=\"(max-width: 978px) 100vw, 978px\" \/><br \/>\n<!--more--><\/p>\n<p style=\"text-align: justify;\">Esta noche, agentes de la Secretaria de Seguridad P\u00fablica, Polic\u00eda Federal y el Ej\u00e9rcito Mexicano realizaron un operativo para decomisar ocho toneladas de fuegos artificiales en la colonia San Antonio.<\/p>\n<p style=\"text-align: justify;\">Los agentes llegaron luego de recibir una llamada reportando la presencia de una gran cantidad de explosivos en las calles Grecia y Granada de dicha colonia. A su llegada, lograron detener a cinco personas, adem\u00e1s de decomisar un cami\u00f3n de la empresa de transporte Fletstar, del cual estaban descargando la mercanc\u00eda.<\/p>\n<p style=\"text-align: justify;\">Seg\u00fan las primeras investigaciones, estos fuegos artificiales fueron elaborados con p\u00f3lvora en el centro del pa\u00eds, y tra\u00eddos a la frontera para su venta en cruceros y negocios debido a las fiestas navide\u00f1as. Entre lo asegurado hab\u00eda cohetes, cohetones, palomitas y luces de bengala.<\/p>\n<p style=\"text-align: justify;\">Personal Municipal de Protecci\u00f3n Civil tuvo que acudir al lugar debido al riesgo para la sociedad que representan tales cantidades de explosivos en un solo lugar.<\/p>\n<p style=\"text-align: justify;\">El cami\u00f3n, los fuegos artificiales y los detenidos fueron trasladados hasta la delegaci\u00f3n de la Procuradur\u00eda General del Estado, mientras que la vivienda utilizada de almac\u00e9n sigue resguardada por agentes municipales.<\/p>\n","protected":false},"excerpt":{"rendered":"","protected":false},"author":4,"featured_media":9332,"comment_status":"open","ping_status":"open","sticky":false,"template":"","format":"standard","meta":{"_acf_changed":false,"_monsterinsights_skip_tracking":false,"slim_seo":{"title":"Aseguran cargamento de fuegos artificiales - Opini\u00f3n P\u00fablica","description":"Esta noche, agentes de la Secretaria de Seguridad P\u00fablica, Polic\u00eda Federal y el Ej\u00e9rcito Mexicano realizaron un operativo para decomisar ocho toneladas de fuego"},"footnotes":""},"categories":[5],"tags":[],"class_list":["post-9333","post","type-post","status-publish","format-standard","has-post-thumbnail","hentry","category-frontera"],"acf":[],"_links":{"self":[{"href":"https:\/\/www.opinionpublica.tv\/portada\/wp-json\/wp\/v2\/posts\/9333","targetHints":{"allow":["GET"]}}],"collection":[{"href":"https:\/\/www.opinionpublica.tv\/portada\/wp-json\/wp\/v2\/posts"}],"about":[{"href":"https:\/\/www.opinionpublica.tv\/portada\/wp-json\/wp\/v2\/types\/post"}],"author":[{"embeddable":true,"href":"https:\/\/www.opinionpublica.tv\/portada\/wp-json\/wp\/v2\/users\/4"}],"replies":[{"embeddable":true,"href":"https:\/\/www.opinionpublica.tv\/portada\/wp-json\/wp\/v2\/comments?post=9333"}],"version-history":[{"count":0,"href":"https:\/\/www.opinionpublica.tv\/portada\/wp-json\/wp\/v2\/posts\/9333\/revisions"}],"wp:featuredmedia":[{"embeddable":true,"href":"https:\/\/www.opinionpublica.tv\/portada\/wp-json\/wp\/v2\/media\/9332"}],"wp:attachment":[{"href":"https:\/\/www.opinionpublica.tv\/portada\/wp-json\/wp\/v2\/media?parent=9333"}],"wp:term":[{"taxonomy":"category","embeddable":true,"href":"https:\/\/www.opinionpublica.tv\/portada\/wp-json\/wp\/v2\/categories?post=9333"},{"taxonomy":"post_tag","embeddable":true,"href":"https:\/\/www.opinionpublica.tv\/portada\/wp-json\/wp\/v2\/tags?post=9333"}],"curies":[{"name":"wp","href":"https:\/\/api.w.org\/{rel}","templated":true}]}}