{"id":93313,"date":"2026-09-06T00:01:00","date_gmt":"2026-09-06T06:01:00","guid":{"rendered":"https:\/\/www.opinionpublica.tv\/portada\/?p=93313"},"modified":"2026-09-05T18:08:16","modified_gmt":"2026-09-06T00:08:16","slug":"atiende-seyd-solicitud-de-informacion-de-participantes-del-proceso-de-admision","status":"publish","type":"post","link":"https:\/\/www.opinionpublica.tv\/portada\/atiende-seyd-solicitud-de-informacion-de-participantes-del-proceso-de-admision\/","title":{"rendered":"Atiende SEyD solicitudes de participantes\u00a0del proceso de admisi\u00f3n del ciclo escolar"},"content":{"rendered":"\n<figure class=\"wp-block-image size-full\"><img fetchpriority=\"high\" decoding=\"async\" width=\"1600\" height=\"900\" src=\"https:\/\/www.opinionpublica.tv\/portada\/wp-content\/uploads\/2026\/09\/Atiende-SEyD-solicitudes-de-participantes-del-Proceso-de-Admision-del-ciclo-escolar-1.jpeg\" alt=\"Atiende SEyD solicitudes de participantes\u00a0del Proceso de Admisio\u0301n del ciclo escolar\" class=\"wp-image-93319\" srcset=\"https:\/\/www.opinionpublica.tv\/portada\/wp-content\/uploads\/2026\/09\/Atiende-SEyD-solicitudes-de-participantes-del-Proceso-de-Admision-del-ciclo-escolar-1.jpeg 1600w, https:\/\/www.opinionpublica.tv\/portada\/wp-content\/uploads\/2026\/09\/Atiende-SEyD-solicitudes-de-participantes-del-Proceso-de-Admision-del-ciclo-escolar-1-300x169.jpeg 300w, https:\/\/www.opinionpublica.tv\/portada\/wp-content\/uploads\/2026\/09\/Atiende-SEyD-solicitudes-de-participantes-del-Proceso-de-Admision-del-ciclo-escolar-1-768x432.jpeg 768w, https:\/\/www.opinionpublica.tv\/portada\/wp-content\/uploads\/2026\/09\/Atiende-SEyD-solicitudes-de-participantes-del-Proceso-de-Admision-del-ciclo-escolar-1-1024x576.jpeg 1024w, https:\/\/www.opinionpublica.tv\/portada\/wp-content\/uploads\/2026\/09\/Atiende-SEyD-solicitudes-de-participantes-del-Proceso-de-Admision-del-ciclo-escolar-1-1536x864.jpeg 1536w\" sizes=\"(max-width: 1600px) 100vw, 1600px\" \/><\/figure>\n\n\n\n<p class=\"wp-block-paragraph\"><em>Chihuahua, Chih<\/em>.- La Secretar\u00eda de Educaci\u00f3n y Deporte (SEyD) inform\u00f3 que dio respuesta formal a las solicitudes planteadas por las participantes del Proceso de Admisi\u00f3n en Educaci\u00f3n B\u00e1sica 2026-2027.<\/p>\n\n\n\n<p class=\"wp-block-paragraph\">Desde el inicio de la inconformidad, las autoridades educativas han mantenido abiertos los canales de di\u00e1logo y establecido mesas de trabajo para escuchar las peticiones, explicar las condiciones del proceso y proporcionar la informaci\u00f3n requerida.<\/p>\n\n\n\n<p class=\"wp-block-paragraph\">Como parte de estas acciones, las participantes presentaron por escrito el oficio No. 004\/2026, mediante el cual solicitaron informaci\u00f3n y documentaci\u00f3n relacionada con la matr\u00edcula de los centros de trabajo, estructuras ocupacionales, relaci\u00f3n alumno-maestro, situaci\u00f3n y naturaleza de las plazas, disponibilidad presupuestal, procesos prejubilatorios y espacios ofertados.<\/p>\n\n\n\n<p class=\"wp-block-paragraph\">Los puntos contenidos en dicha solicitud recibieron una respuesta formal por escrito, misma que fue acompa\u00f1ada de la informaci\u00f3n y documentaci\u00f3n correspondiente, con el prop\u00f3sito de brindar certeza y elementos verificables sobre el proceso.<\/p>\n\n\n\n<p class=\"wp-block-paragraph\">El documento fue entregado por el subsecretario de Educaci\u00f3n B\u00e1sica, Lorenzo Arturo Parga Amado, junto con Marisela Espinoza Fern\u00e1ndez, titular de Usicamm en Chihuahua; Guillermo M\u00e1rquez Lizalde, subsecretario de Educaci\u00f3n Media Superior y Superior; y Jorge Alberto Aguilera Luj\u00e1n, coordinador t\u00e9cnico.<\/p>\n\n\n\n<p class=\"wp-block-paragraph\">En el escrito, la SEyD precis\u00f3 que una plaza presupuestal y el espacio susceptible de asignaci\u00f3n tienen caracter\u00edsticas distintas.<\/p>\n\n\n\n<p class=\"wp-block-paragraph\">As\u00ed como que la naturaleza definitiva de una plaza no implica autom\u00e1ticamente que el espacio deba ofertarse de manera definitiva, ya que su modalidad de asignaci\u00f3n depende, entre otros elementos, de la matr\u00edcula, la relaci\u00f3n alumno-maestro o alumno-grupo, la estructura ocupacional autorizada y las necesidades del servicio educativo.<\/p>\n\n\n\n<p class=\"wp-block-paragraph\">De igual manera, que una vacante generada por jubilaci\u00f3n no se incorpora autom\u00e1ticamente al proceso de admisi\u00f3n, pues previamente debe analizarse y determinarse su justificaci\u00f3n conforme a los criterios y lineamientos aplicables.<\/p>\n\n\n\n<p class=\"wp-block-paragraph\">Por lo anterior, la solicitud de informaci\u00f3n presentada formalmente por las participantes ha sido atendida y adicionalmente se acord\u00f3 una nueva mesa de di\u00e1logo y atenci\u00f3n el pr\u00f3ximo lunes 7 de septiembre a las 9:00 horas.<\/p>\n\n\n\n<p class=\"wp-block-paragraph\">La Secretar\u00eda respeta el derecho a la libre manifestaci\u00f3n y expresi\u00f3n de inconformidades.<\/p>\n\n\n\n<p class=\"wp-block-paragraph\">Sin embargo, la permanencia y ocupaci\u00f3n del edificio ha afectado el funcionamiento regular de las \u00e1reas administrativas y la prestaci\u00f3n de tr\u00e1mites y servicios que diariamente requieren docentes, personal educativo y la ciudadan\u00eda.<\/p>\n\n\n\n<p class=\"wp-block-paragraph\">La SEyD reiter\u00f3 su disposici\u00f3n a mantener abiertos los canales institucionales de comunicaci\u00f3n y hace un llamado respetuoso a liberar las instalaciones, privilegiar el di\u00e1logo y permitir el restablecimiento pleno de los servicios que se brindan a la comunidad educativa.<\/p>\n","protected":false},"excerpt":{"rendered":"<p>Chihuahua, Chih.- La Secretar\u00eda de Educaci\u00f3n y Deporte (SEyD) inform\u00f3 que dio respuesta formal a las solicitudes planteadas por las participantes del Proceso de Admisi\u00f3n en Educaci\u00f3n B\u00e1sica 2026-2027. Desde el inicio de la inconformidad, las autoridades educativas han mantenido abiertos los canales de di\u00e1logo y establecido mesas de trabajo para escuchar las peticiones, explicar [&hellip;]<\/p>\n","protected":false},"author":6,"featured_media":93318,"comment_status":"closed","ping_status":"closed","sticky":false,"template":"","format":"standard","meta":{"_acf_changed":false,"_monsterinsights_skip_tracking":false,"slim_seo":{"title":"Atiende SEyD solicitudes de participantes\u00a0del proceso de admisi\u00f3n del ciclo escolar - Opini\u00f3n P\u00fablica","description":"Chihuahua, Chih .- La Secretar\u00eda de Educaci\u00f3n y Deporte (SEyD) inform\u00f3 que dio respuesta formal a las solicitudes planteadas por las participantes del Proceso d"},"footnotes":""},"categories":[11],"tags":[88,409],"class_list":["post-93313","post","type-post","status-publish","format-standard","has-post-thumbnail","hentry","category-tendencias","tag-chihuahua","tag-educacion-basica"],"acf":[],"_links":{"self":[{"href":"https:\/\/www.opinionpublica.tv\/portada\/wp-json\/wp\/v2\/posts\/93313","targetHints":{"allow":["GET"]}}],"collection":[{"href":"https:\/\/www.opinionpublica.tv\/portada\/wp-json\/wp\/v2\/posts"}],"about":[{"href":"https:\/\/www.opinionpublica.tv\/portada\/wp-json\/wp\/v2\/types\/post"}],"author":[{"embeddable":true,"href":"https:\/\/www.opinionpublica.tv\/portada\/wp-json\/wp\/v2\/users\/6"}],"replies":[{"embeddable":true,"href":"https:\/\/www.opinionpublica.tv\/portada\/wp-json\/wp\/v2\/comments?post=93313"}],"version-history":[{"count":4,"href":"https:\/\/www.opinionpublica.tv\/portada\/wp-json\/wp\/v2\/posts\/93313\/revisions"}],"predecessor-version":[{"id":93321,"href":"https:\/\/www.opinionpublica.tv\/portada\/wp-json\/wp\/v2\/posts\/93313\/revisions\/93321"}],"wp:featuredmedia":[{"embeddable":true,"href":"https:\/\/www.opinionpublica.tv\/portada\/wp-json\/wp\/v2\/media\/93318"}],"wp:attachment":[{"href":"https:\/\/www.opinionpublica.tv\/portada\/wp-json\/wp\/v2\/media?parent=93313"}],"wp:term":[{"taxonomy":"category","embeddable":true,"href":"https:\/\/www.opinionpublica.tv\/portada\/wp-json\/wp\/v2\/categories?post=93313"},{"taxonomy":"post_tag","embeddable":true,"href":"https:\/\/www.opinionpublica.tv\/portada\/wp-json\/wp\/v2\/tags?post=93313"}],"curies":[{"name":"wp","href":"https:\/\/api.w.org\/{rel}","templated":true}]}}