{"id":93307,"date":"2026-09-06T00:01:00","date_gmt":"2026-09-06T06:01:00","guid":{"rendered":"https:\/\/www.opinionpublica.tv\/portada\/?p=93307"},"modified":"2026-09-05T18:01:25","modified_gmt":"2026-09-06T00:01:25","slug":"convocan-side-e-impi-a-jovenes-emprendedores-a-registrar-su-marca-con-90-de-descuento","status":"publish","type":"post","link":"https:\/\/www.opinionpublica.tv\/portada\/convocan-side-e-impi-a-jovenes-emprendedores-a-registrar-su-marca-con-90-de-descuento\/","title":{"rendered":"Convocan a j\u00f3venes micro emprendedores a registrar su marca con 90% de descuento"},"content":{"rendered":"\n<figure class=\"wp-block-image size-large\"><img fetchpriority=\"high\" decoding=\"async\" width=\"797\" height=\"1024\" src=\"https:\/\/www.opinionpublica.tv\/portada\/wp-content\/uploads\/2026\/09\/Convocan-a-jovenes-micro-emprendedores-a-registrar-su-marca-con-90-de-descuento-797x1024.jpeg\" alt=\"Convocan a jo\u0301venes micro emprendedores a registrar su marca con 90% de descuento\" class=\"wp-image-93311\" srcset=\"https:\/\/www.opinionpublica.tv\/portada\/wp-content\/uploads\/2026\/09\/Convocan-a-jovenes-micro-emprendedores-a-registrar-su-marca-con-90-de-descuento-797x1024.jpeg 797w, https:\/\/www.opinionpublica.tv\/portada\/wp-content\/uploads\/2026\/09\/Convocan-a-jovenes-micro-emprendedores-a-registrar-su-marca-con-90-de-descuento-234x300.jpeg 234w, https:\/\/www.opinionpublica.tv\/portada\/wp-content\/uploads\/2026\/09\/Convocan-a-jovenes-micro-emprendedores-a-registrar-su-marca-con-90-de-descuento-768x987.jpeg 768w, https:\/\/www.opinionpublica.tv\/portada\/wp-content\/uploads\/2026\/09\/Convocan-a-jovenes-micro-emprendedores-a-registrar-su-marca-con-90-de-descuento.jpeg 1160w\" sizes=\"(max-width: 797px) 100vw, 797px\" \/><\/figure>\n\n\n\n<p class=\"wp-block-paragraph\"><em>Chihuahua, Chih<\/em>.- El Gobierno del Estado, a trav\u00e9s de la Secretar\u00eda de Innovaci\u00f3n y Desarrollo Econ\u00f3mico (SIDE) convoca a j\u00f3venes microemprendedores a la campa\u00f1a de precio diferencial, que permitir\u00e1 acceder a una reducci\u00f3n del 90 por ciento en la tarifa para registro de marcas.<\/p>\n\n\n\n<p class=\"wp-block-paragraph\">Esta iniciativa se implementa en coordinaci\u00f3n con el Instituto Mexicano de la Propiedad Industrial (IMPI), por medio de la cual se facilita el acceso a la protecci\u00f3n de signos distintivos y fortalecer la identidad comercial.<\/p>\n\n\n\n<p class=\"wp-block-paragraph\">Adem\u00e1s contribuye a la formalizaci\u00f3n, competitividad, y participaci\u00f3n en la econom\u00eda de las y los j\u00f3venes emprendedores.<\/p>\n\n\n\n<p class=\"wp-block-paragraph\">Podr\u00e1n suscribirse personas mexicanas nacidas en territorio nacional de los 18 a los 29 a\u00f1os de edad cumplidos al 16 de octubre de 2026 a las 13:00 horas, que de manera individual o colectiva desarrollen una actividad productiva, comercial, creativa, tecnol\u00f3gica, artesanal, cultural, de servicios o de autoempleo.<\/p>\n\n\n\n<p class=\"wp-block-paragraph\">Deben acreditar su edad y nacimiento en territorio nacional con su Clave \u00danica de Registro de Poblaci\u00f3n (CURP), adem\u00e1s de cumplir con los criterios de elegibilidad establecidos en la convocatoria y comprobar el desarrollo de una actividad microemprendedora.<\/p>\n\n\n\n<p class=\"wp-block-paragraph\">En la primera etapa del proceso de selecci\u00f3n, la SIDE verificar\u00e1 la documentaci\u00f3n y la actividad econ\u00f3mica de cada aspirante.<\/p>\n\n\n\n<p class=\"wp-block-paragraph\">Posteriormente, el IMPI realizar\u00e1 la validaci\u00f3n final y podr\u00e1 solicitar aclaraciones o correcciones en caso de detectar inconsistencias, duplicidades o incumplimientos. Una vez concluida la validaci\u00f3n, la SIDE emitir\u00e1 una carta foliada individual a cada beneficiario.<\/p>\n\n\n\n<p class=\"wp-block-paragraph\">El proceso de selecci\u00f3n, registro e integraci\u00f3n de expedientes se realizar\u00e1 del 3 al 15 de septiembre. Adem\u00e1s, la reducci\u00f3n del 90 por ciento permanecer\u00e1 habilitada para las personas beneficiarias hasta el d\u00eda 16 de octubre a las 13:00 horas.<\/p>\n\n\n\n<p class=\"wp-block-paragraph\">Los interesados deber\u00e1n completar su registro en la liga https:\/\/forms.gle\/w4WqGdqRoJ3DjAdF8.<\/p>\n\n\n\n<p class=\"wp-block-paragraph\">Para mayores informes, marcar a los tel\u00e9fonos 614 429-33-00, extensiones 23439 y 23326 en Chihuahua capital y al 656 629-33-00, extensi\u00f3n 54913 en Ciudad Ju\u00e1rez.<\/p>\n\n\n\n<p class=\"wp-block-paragraph\">De acuerdo con los lineamientos de esta convocatoria, no podr\u00e1n participar agencias, consultor\u00edas, gestor\u00edas, despachos, intermediarios o personas y entidades que tramiten marcas en representaci\u00f3n de terceros con fines comerciales, ni personas extranjeras.<\/p>\n","protected":false},"excerpt":{"rendered":"<p>Chihuahua, Chih.- El Gobierno del Estado, a trav\u00e9s de la Secretar\u00eda de Innovaci\u00f3n y Desarrollo Econ\u00f3mico (SIDE) convoca a j\u00f3venes microemprendedores a la campa\u00f1a de precio diferencial, que permitir\u00e1 acceder a una reducci\u00f3n del 90 por ciento en la tarifa para registro de marcas. Esta iniciativa se implementa en coordinaci\u00f3n con el Instituto Mexicano de [&hellip;]<\/p>\n","protected":false},"author":6,"featured_media":93311,"comment_status":"closed","ping_status":"closed","sticky":false,"template":"","format":"standard","meta":{"_acf_changed":false,"_monsterinsights_skip_tracking":false,"slim_seo":{"title":"Convocan a j\u00f3venes micro emprendedores a registrar su marca con 90% de descuento - Opini\u00f3n P\u00fablica","description":"Chihuahua, Chih .- El Gobierno del Estado, a trav\u00e9s de la Secretar\u00eda de Innovaci\u00f3n y Desarrollo Econ\u00f3mico (SIDE) convoca a j\u00f3venes microemprendedores a la campa"},"footnotes":""},"categories":[11],"tags":[88,1034,495,4496,4497],"class_list":["post-93307","post","type-post","status-publish","format-standard","has-post-thumbnail","hentry","category-tendencias","tag-chihuahua","tag-emprendimiento","tag-impi","tag-marcas","tag-registro-de-marca"],"acf":[],"_links":{"self":[{"href":"https:\/\/www.opinionpublica.tv\/portada\/wp-json\/wp\/v2\/posts\/93307","targetHints":{"allow":["GET"]}}],"collection":[{"href":"https:\/\/www.opinionpublica.tv\/portada\/wp-json\/wp\/v2\/posts"}],"about":[{"href":"https:\/\/www.opinionpublica.tv\/portada\/wp-json\/wp\/v2\/types\/post"}],"author":[{"embeddable":true,"href":"https:\/\/www.opinionpublica.tv\/portada\/wp-json\/wp\/v2\/users\/6"}],"replies":[{"embeddable":true,"href":"https:\/\/www.opinionpublica.tv\/portada\/wp-json\/wp\/v2\/comments?post=93307"}],"version-history":[{"count":3,"href":"https:\/\/www.opinionpublica.tv\/portada\/wp-json\/wp\/v2\/posts\/93307\/revisions"}],"predecessor-version":[{"id":93312,"href":"https:\/\/www.opinionpublica.tv\/portada\/wp-json\/wp\/v2\/posts\/93307\/revisions\/93312"}],"wp:featuredmedia":[{"embeddable":true,"href":"https:\/\/www.opinionpublica.tv\/portada\/wp-json\/wp\/v2\/media\/93311"}],"wp:attachment":[{"href":"https:\/\/www.opinionpublica.tv\/portada\/wp-json\/wp\/v2\/media?parent=93307"}],"wp:term":[{"taxonomy":"category","embeddable":true,"href":"https:\/\/www.opinionpublica.tv\/portada\/wp-json\/wp\/v2\/categories?post=93307"},{"taxonomy":"post_tag","embeddable":true,"href":"https:\/\/www.opinionpublica.tv\/portada\/wp-json\/wp\/v2\/tags?post=93307"}],"curies":[{"name":"wp","href":"https:\/\/api.w.org\/{rel}","templated":true}]}}