{"id":93303,"date":"2026-09-06T00:01:00","date_gmt":"2026-09-06T06:01:00","guid":{"rendered":"https:\/\/www.opinionpublica.tv\/portada\/?p=93303"},"modified":"2026-09-05T17:51:09","modified_gmt":"2026-09-05T23:51:09","slug":"inauguran-en-el-mahch-la-exposicion-40-de-lo-mas-extrano-de-pablo-castro","status":"publish","type":"post","link":"https:\/\/www.opinionpublica.tv\/portada\/inauguran-en-el-mahch-la-exposicion-40-de-lo-mas-extrano-de-pablo-castro\/","title":{"rendered":"Inauguran en el MAHCH la exposici\u00f3n \u00ab40 de lo m\u00e1s extra\u00f1o\u00bb de Pablo Castro"},"content":{"rendered":"\n<figure class=\"wp-block-image size-large\"><img fetchpriority=\"high\" decoding=\"async\" width=\"1024\" height=\"682\" src=\"https:\/\/www.opinionpublica.tv\/portada\/wp-content\/uploads\/2026\/09\/Inauguran-en-el-MAHCH-la-exposicion-2240-de-lo-mas-extrano22-de-Pablo-Castro-1024x682.jpeg\" alt=\"Inauguran en el MAHCH la exposicio\u0301n %2240 de lo ma\u0301s extran\u0303o%22 de Pablo Castro\" class=\"wp-image-93305\" srcset=\"https:\/\/www.opinionpublica.tv\/portada\/wp-content\/uploads\/2026\/09\/Inauguran-en-el-MAHCH-la-exposicion-2240-de-lo-mas-extrano22-de-Pablo-Castro-1024x682.jpeg 1024w, https:\/\/www.opinionpublica.tv\/portada\/wp-content\/uploads\/2026\/09\/Inauguran-en-el-MAHCH-la-exposicion-2240-de-lo-mas-extrano22-de-Pablo-Castro-300x200.jpeg 300w, https:\/\/www.opinionpublica.tv\/portada\/wp-content\/uploads\/2026\/09\/Inauguran-en-el-MAHCH-la-exposicion-2240-de-lo-mas-extrano22-de-Pablo-Castro-767x511.jpeg 767w, https:\/\/www.opinionpublica.tv\/portada\/wp-content\/uploads\/2026\/09\/Inauguran-en-el-MAHCH-la-exposicion-2240-de-lo-mas-extrano22-de-Pablo-Castro-1536x1023.jpeg 1536w, https:\/\/www.opinionpublica.tv\/portada\/wp-content\/uploads\/2026\/09\/Inauguran-en-el-MAHCH-la-exposicion-2240-de-lo-mas-extrano22-de-Pablo-Castro.jpeg 1600w\" sizes=\"(max-width: 1024px) 100vw, 1024px\" \/><\/figure>\n\n\n\n<p class=\"wp-block-paragraph\"><em>Ciudad Ju\u00e1rez, Chih<\/em>.- Con una propuesta art\u00edstica que invita a reflexionar sobre la diversidad, la transformaci\u00f3n del cuerpo y la libertad de expresarse, fue inaugurada en el Museo de Arqueolog\u00eda e Historia de El Chamizal (MAHCH) la exposici\u00f3n pict\u00f3rica \u201c40 de lo m\u00e1s extra\u00f1o: Entre Reliquias, Dioses y Monstruos\u201d, del artista juarense Pablo Castro Holgu\u00edn.<\/p>\n\n\n\n<p class=\"wp-block-paragraph\">La exposici\u00f3n, integrada por 40 piezas, conmemora los 40 a\u00f1os de vida del artista, quien utiliz\u00f3 este n\u00famero como un elemento simb\u00f3lico para celebrar su trayectoria y hacer una pausa para observar el camino recorrido a trav\u00e9s de su producci\u00f3n art\u00edstica.<\/p>\n\n\n\n<p class=\"wp-block-paragraph\">Pablo Castro Holgu\u00edn es egresado del Centro Municipal de las Artes (CMA), generaci\u00f3n 2010, y a lo largo de su carrera ha participado en diversas exposiciones colectivas e individuales en museos, galer\u00edas y otros espacios culturales de Ciudad Ju\u00e1rez.<\/p>\n\n\n\n<p class=\"wp-block-paragraph\">La muestra representa adem\u00e1s la continuidad de una b\u00fasqueda art\u00edstica iniciada en 2024 y el cierre de una etapa dedicada a la ilustraci\u00f3n, en la que el creador explora la belleza de aquello que suele ser rechazado o considerado fuera de lo convencional.<\/p>\n\n\n\n<p class=\"wp-block-paragraph\">A trav\u00e9s de las obras, Castro Holgu\u00edn presenta cuerpos que no tienen una forma definitiva y que incorporan elementos como alas, garras, cuernos, m\u00faltiples brazos, ojos y extremidades que pueden desprenderse o transformarse en accesorios mec\u00e1nicos.<\/p>\n\n\n\n<p class=\"wp-block-paragraph\">La exposici\u00f3n tambi\u00e9n plantea un encuentro entre la carne y la m\u00e1quina, donde las pr\u00f3tesis dejan de ser representaciones de una carencia para convertirse en nuevas posibilidades de habitar y transformar el cuerpo.<\/p>\n\n\n\n<p class=\"wp-block-paragraph\">Sombreros, coronas, mo\u00f1os, prendas y distintos accesorios complementan este universo visual.<\/p>\n\n\n\n<p class=\"wp-block-paragraph\">Durante la inauguraci\u00f3n, la encargada de la Direcci\u00f3n General del Instituto para la Cultura del Municipio de Ju\u00e1rez (IPACULT), Ogla Liset Olivas, destac\u00f3 la importancia de continuar abriendo espacios para los creadores locales y se\u00f1al\u00f3 que uno de los objetivos de la instituci\u00f3n es consolidar al MAHCH como un espacio expositivo atractivo para los artistas contempor\u00e1neos de la ciudad.<\/p>\n\n\n\n<p class=\"wp-block-paragraph\">\u201c40 de lo m\u00e1s extra\u00f1o\u201d propone al p\u00fablico adentrarse en un universo donde lo monstruoso no representa necesariamente una amenaza, lo divino no tiene que ser perfecto y las reliquias pueden adquirir nuevos significados, invitando a imaginar una sociedad m\u00e1s libre, donde cada persona tenga la posibilidad de transformar y expresar su identidad.<\/p>\n\n\n\n<p class=\"wp-block-paragraph\">Con esta exposici\u00f3n, el Gobierno Municipal a trav\u00e9s del IPACULT, contin\u00faa impulsando espacios para la creaci\u00f3n art\u00edstica local y fortaleciendo la oferta cultural del MAHCH como punto de encuentro entre la comunidad y las distintas expresiones del arte contempor\u00e1neo en Ciudad Ju\u00e1rez.<\/p>\n","protected":false},"excerpt":{"rendered":"<p>Ciudad Ju\u00e1rez, Chih.- Con una propuesta art\u00edstica que invita a reflexionar sobre la diversidad, la transformaci\u00f3n del cuerpo y la libertad de expresarse, fue inaugurada en el Museo de Arqueolog\u00eda e Historia de El Chamizal (MAHCH) la exposici\u00f3n pict\u00f3rica \u201c40 de lo m\u00e1s extra\u00f1o: Entre Reliquias, Dioses y Monstruos\u201d, del artista juarense Pablo Castro Holgu\u00edn. [&hellip;]<\/p>\n","protected":false},"author":6,"featured_media":93305,"comment_status":"closed","ping_status":"closed","sticky":false,"template":"","format":"standard","meta":{"_acf_changed":false,"_monsterinsights_skip_tracking":false,"slim_seo":{"title":"Inauguran en el MAHCH la exposici\u00f3n \"40 de lo m\u00e1s extra\u00f1o\" de Pablo Castro - Opini\u00f3n P\u00fablica","description":"Ciudad Ju\u00e1rez, Chih .- Con una propuesta art\u00edstica que invita a reflexionar sobre la diversidad, la transformaci\u00f3n del cuerpo y la libertad de expresarse, fue i"},"footnotes":""},"categories":[41],"tags":[608,1078,1418],"class_list":["post-93303","post","type-post","status-publish","format-standard","has-post-thumbnail","hentry","category-juarez","tag-ciudad-juarez","tag-cultura","tag-museo-de-arqueologia-e-historia-de-el-chamizal"],"acf":[],"_links":{"self":[{"href":"https:\/\/www.opinionpublica.tv\/portada\/wp-json\/wp\/v2\/posts\/93303","targetHints":{"allow":["GET"]}}],"collection":[{"href":"https:\/\/www.opinionpublica.tv\/portada\/wp-json\/wp\/v2\/posts"}],"about":[{"href":"https:\/\/www.opinionpublica.tv\/portada\/wp-json\/wp\/v2\/types\/post"}],"author":[{"embeddable":true,"href":"https:\/\/www.opinionpublica.tv\/portada\/wp-json\/wp\/v2\/users\/6"}],"replies":[{"embeddable":true,"href":"https:\/\/www.opinionpublica.tv\/portada\/wp-json\/wp\/v2\/comments?post=93303"}],"version-history":[{"count":2,"href":"https:\/\/www.opinionpublica.tv\/portada\/wp-json\/wp\/v2\/posts\/93303\/revisions"}],"predecessor-version":[{"id":93306,"href":"https:\/\/www.opinionpublica.tv\/portada\/wp-json\/wp\/v2\/posts\/93303\/revisions\/93306"}],"wp:featuredmedia":[{"embeddable":true,"href":"https:\/\/www.opinionpublica.tv\/portada\/wp-json\/wp\/v2\/media\/93305"}],"wp:attachment":[{"href":"https:\/\/www.opinionpublica.tv\/portada\/wp-json\/wp\/v2\/media?parent=93303"}],"wp:term":[{"taxonomy":"category","embeddable":true,"href":"https:\/\/www.opinionpublica.tv\/portada\/wp-json\/wp\/v2\/categories?post=93303"},{"taxonomy":"post_tag","embeddable":true,"href":"https:\/\/www.opinionpublica.tv\/portada\/wp-json\/wp\/v2\/tags?post=93303"}],"curies":[{"name":"wp","href":"https:\/\/api.w.org\/{rel}","templated":true}]}}