{"id":93294,"date":"2026-09-06T00:01:00","date_gmt":"2026-09-06T06:01:00","guid":{"rendered":"https:\/\/www.opinionpublica.tv\/portada\/?p=93294"},"modified":"2026-09-05T17:32:38","modified_gmt":"2026-09-05T23:32:38","slug":"deuda-del-fobaproa-cuesta-50-mil-mdp-cada-dos-anos-al-presupuesto-publico-sheinbaum","status":"publish","type":"post","link":"https:\/\/www.opinionpublica.tv\/portada\/deuda-del-fobaproa-cuesta-50-mil-mdp-cada-dos-anos-al-presupuesto-publico-sheinbaum\/","title":{"rendered":"Deuda del Fobaproa cuesta 50 mil millones del presupuesto p\u00fablico: Sheinbaum"},"content":{"rendered":"\n<figure class=\"wp-block-image size-large\"><img fetchpriority=\"high\" decoding=\"async\" width=\"1024\" height=\"682\" src=\"https:\/\/www.opinionpublica.tv\/portada\/wp-content\/uploads\/2026\/09\/Deuda-del-Fobaproa-cuesta-50-mil-millones-del-presupuesto-publico-Sheinbaum-1024x682.webp\" alt=\"Deuda del Fobaproa cuesta 50 mil millones del presupuesto pu\u0301blico Sheinbaum\" class=\"wp-image-93297\" srcset=\"https:\/\/www.opinionpublica.tv\/portada\/wp-content\/uploads\/2026\/09\/Deuda-del-Fobaproa-cuesta-50-mil-millones-del-presupuesto-publico-Sheinbaum-1024x682.webp 1024w, https:\/\/www.opinionpublica.tv\/portada\/wp-content\/uploads\/2026\/09\/Deuda-del-Fobaproa-cuesta-50-mil-millones-del-presupuesto-publico-Sheinbaum-300x200.webp 300w, https:\/\/www.opinionpublica.tv\/portada\/wp-content\/uploads\/2026\/09\/Deuda-del-Fobaproa-cuesta-50-mil-millones-del-presupuesto-publico-Sheinbaum-767x511.webp 767w, https:\/\/www.opinionpublica.tv\/portada\/wp-content\/uploads\/2026\/09\/Deuda-del-Fobaproa-cuesta-50-mil-millones-del-presupuesto-publico-Sheinbaum.webp 1200w\" sizes=\"(max-width: 1024px) 100vw, 1024px\" \/><\/figure>\n\n\n\n<p class=\"wp-block-paragraph\"><em>Colima, Colima<\/em>.- Para fortalecer su dicho de que \u201cnunca vamos a acabar de pagar\u201d la deuda del rescate bancario de la d\u00e9cada de los 90, instrumentado por Ernesto Zedillo, la presidenta Claudia Sheinbaum Pardo inform\u00f3 que cada dos a\u00f1os \u201cpagamos del presupuesto p\u00fablico 50 mil millones de pesos al IPAB (Instituto para la Protecci\u00f3n al Ahorro Bancario, heredero del Fondo Bancario de Protecci\u00f3n al Ahorro, Fobaproa)\u201d con bonos.<\/p>\n\n\n\n<p class=\"wp-block-paragraph\">\u201cPero eso solo corresponde a una parte de los intereses de esa deuda. El capital&nbsp; y la otra parte de los intereses se tiene que adquirir deuda para pagar el IPAB\u201d, de acuerdo con los datos que le envi\u00f3 el secretario de Hacienda, Edgar Amador Zamora.<\/p>\n\n\n\n<p class=\"wp-block-paragraph\">Ya ven -coment\u00f3- que \u201ccuando uno adquiere una deuda, se va pagando capital e intereses para ir disminuyendo\u201d. En el caso del Fobaproa \u201cs\u00f3lo se paga una parte de los intereses con bonos\u201d, sostuvo.<\/p>\n\n\n\n<p class=\"wp-block-paragraph\">\u201cPor eso sostengo que incre\u00edblemente nunca se va a acabar de pagar el Fobaproa, esa fue la irresponsabilidad de aquellos gobiernos del pasado\u201d, al referir que Zedillo fue el sucesor de Carlos Salinas de Gortari (1988-1994), en cuyo final de sexenio \u201cvino una crisis econ\u00f3mica tremenda. Se devalu\u00f3 el peso, subieron las tasas de inter\u00e9s, entonces no hab\u00eda recursos en el pa\u00eds\u201d.<\/p>\n\n\n\n<p class=\"wp-block-paragraph\">Coment\u00f3 que ya en su gobierno, Zedillo \u201cdecidi\u00f3 rescatar a los banqueros y a los grandes empresarios con dinero del pueblo, y a la gente que por ejemplo hab\u00eda comprado un tractor, y de pronto su deuda se fue al cielo y no pudo pagar, no le ayud\u00f3\u00bb.<\/p>\n\n\n\n<p class=\"wp-block-paragraph\">\u201cTuvo que entregar el tractor y a veces hasta su casa y todo lo que ten\u00eda. Fue una \u00e9poca donde mucha gente de distintos estratos del pa\u00eds tuvo que emigrar a Estados Unidos porque no hab\u00eda opciones en el pa\u00eds\u201d.<\/p>\n\n\n\n<p class=\"wp-block-paragraph\">Por eso les pregunto: \u00bfel pueblo de M\u00e9xico quiere regresar al pasado? Vamos a seguir en este gobierno, defendiendo la transformaci\u00f3n. Ese es el camino.<\/p>\n\n\n\n<p class=\"wp-block-paragraph\"><em>Con informaci\u00f3n de La Jornada<\/em>.<\/p>\n","protected":false},"excerpt":{"rendered":"<p>Colima, Colima.- Para fortalecer su dicho de que \u201cnunca vamos a acabar de pagar\u201d la deuda del rescate bancario de la d\u00e9cada de los 90, instrumentado por Ernesto Zedillo, la presidenta Claudia Sheinbaum Pardo inform\u00f3 que cada dos a\u00f1os \u201cpagamos del presupuesto p\u00fablico 50 mil millones de pesos al IPAB (Instituto para la Protecci\u00f3n al [&hellip;]<\/p>\n","protected":false},"author":6,"featured_media":93297,"comment_status":"closed","ping_status":"closed","sticky":false,"template":"","format":"standard","meta":{"_acf_changed":false,"_monsterinsights_skip_tracking":false,"slim_seo":{"title":"Deuda del Fobaproa cuesta 50 mil millones del presupuesto p\u00fablico: Sheinbaum - Opini\u00f3n P\u00fablica","description":"Colima, Colima .- Para fortalecer su dicho de que \u201cnunca vamos a acabar de pagar\u201d la deuda del rescate bancario de la d\u00e9cada de los 90, instrumentado por Ernest"},"footnotes":""},"categories":[4],"tags":[307,4316,4495],"class_list":["post-93294","post","type-post","status-publish","format-standard","has-post-thumbnail","hentry","category-pulsopolitico","tag-claudia-sheinbaum","tag-ernesto-zedillo","tag-fobaproa"],"acf":[],"_links":{"self":[{"href":"https:\/\/www.opinionpublica.tv\/portada\/wp-json\/wp\/v2\/posts\/93294","targetHints":{"allow":["GET"]}}],"collection":[{"href":"https:\/\/www.opinionpublica.tv\/portada\/wp-json\/wp\/v2\/posts"}],"about":[{"href":"https:\/\/www.opinionpublica.tv\/portada\/wp-json\/wp\/v2\/types\/post"}],"author":[{"embeddable":true,"href":"https:\/\/www.opinionpublica.tv\/portada\/wp-json\/wp\/v2\/users\/6"}],"replies":[{"embeddable":true,"href":"https:\/\/www.opinionpublica.tv\/portada\/wp-json\/wp\/v2\/comments?post=93294"}],"version-history":[{"count":3,"href":"https:\/\/www.opinionpublica.tv\/portada\/wp-json\/wp\/v2\/posts\/93294\/revisions"}],"predecessor-version":[{"id":93298,"href":"https:\/\/www.opinionpublica.tv\/portada\/wp-json\/wp\/v2\/posts\/93294\/revisions\/93298"}],"wp:featuredmedia":[{"embeddable":true,"href":"https:\/\/www.opinionpublica.tv\/portada\/wp-json\/wp\/v2\/media\/93297"}],"wp:attachment":[{"href":"https:\/\/www.opinionpublica.tv\/portada\/wp-json\/wp\/v2\/media?parent=93294"}],"wp:term":[{"taxonomy":"category","embeddable":true,"href":"https:\/\/www.opinionpublica.tv\/portada\/wp-json\/wp\/v2\/categories?post=93294"},{"taxonomy":"post_tag","embeddable":true,"href":"https:\/\/www.opinionpublica.tv\/portada\/wp-json\/wp\/v2\/tags?post=93294"}],"curies":[{"name":"wp","href":"https:\/\/api.w.org\/{rel}","templated":true}]}}