{"id":93291,"date":"2026-09-06T00:01:00","date_gmt":"2026-09-06T06:01:00","guid":{"rendered":"https:\/\/www.opinionpublica.tv\/portada\/?p=93291"},"modified":"2026-09-05T17:25:40","modified_gmt":"2026-09-05T23:25:40","slug":"violencia-y-politica","status":"publish","type":"post","link":"https:\/\/www.opinionpublica.tv\/portada\/violencia-y-politica\/","title":{"rendered":"Violencia y pol\u00edtica"},"content":{"rendered":"\n<h4 class=\"wp-block-heading\">Jos\u00e9 Woldenberg<\/h4>\n\n\n\n<p class=\"wp-block-paragraph\">___________________________<\/p>\n\n\n\n<p class=\"wp-block-paragraph\">\u201cLa democracia y las elecciones competitivas parecen excluirse mutuamente con la violencia. En el predominio de las primeras, el campo para la otra se acota, desaparece, o si existe, pierde legitimidad ante los ojos de la mayor\u00eda, dentro como fuera del pa\u00eds\u201d.<\/p>\n\n\n\n<p class=\"wp-block-paragraph\">Eso escribi\u00f3 Salvador Romero Ballivi\u00e1n en su muy informado libro Elecciones en Am\u00e9rica Latina (Tribunal Supremo Electoral \u2014de Bolivia\u2014 e IDEA. 2020. 590 p\u00e1gs.).<\/p>\n\n\n\n<p class=\"wp-block-paragraph\">Y en efecto, habla de un tipo de violencia, aquella que persigue alg\u00fan tipo de objetivo pol\u00edtico. Porque si el espacio se encuentra abierto para que la diversidad de opciones pueda competir de manera civilizada, es decir, pac\u00edfica, los promotores de golpes de Estado, revueltas o revoluciones, asonadas o guerrillas ven estrecharse sus posibilidades.<\/p>\n\n\n\n<p class=\"wp-block-paragraph\">Eso sucedi\u00f3 entre nosotros. A partir de la reforma pol\u00edtica de 1977 fuimos testigos no solo del decremento de las apuestas armadas, sino de la incorporaci\u00f3n de muchos de sus integrantes a la v\u00eda institucional del quehacer pol\u00edtico.<\/p>\n\n\n\n<p class=\"wp-block-paragraph\">Y cuando el primer d\u00eda de 1994 nos amanecimos con la noticia de un levantamiento armado por parte del EZLN, no fue casual que partidos de muy diversas orientaciones y sus respectivos candidatos presidenciales cerraran filas para darse garant\u00edas mutuas de que las elecciones transcurrir\u00edan de la mejor manera posible.<\/p>\n\n\n\n<p class=\"wp-block-paragraph\">Se reformaron normas constitucionales y legales y el IFE tom\u00f3 una serie de medidas acordadas para multiplicar las certezas de imparcialidad y fomentar la equidad en la contienda.<\/p>\n\n\n\n<p class=\"wp-block-paragraph\">Hoy, sin embargo, sacuden a las elecciones, otro tipo de violencia, la delincuencial. \u201cLa violencia \u2014dice Romero\u2014 ya no atenta contra las elecciones, sino que se cuela en ellas\u2026 (sus promotores) usan la violencia de manera dosificada para vencer y alcanzar metas que se sit\u00faan fuera de la esfera pol\u00edtica\u201d y muchas veces se concentra en el terreno local.<\/p>\n\n\n\n<p class=\"wp-block-paragraph\">Es lo que estamos viviendo en nuestro pa\u00eds. Tengo la impresi\u00f3n de que antes los grupos delincuenciales observaban de lejos los comicios y luego actuaban sobre las nuevas autoridades con amenazas, chantajes y muestras de fuerza. Pero desde hace algunos a\u00f1os no se conforman con eso.<\/p>\n\n\n\n<p class=\"wp-block-paragraph\">Su af\u00e1n de controlar territorios y rutas de paso los ha llevado a incidir directamente en los procesos electorales, colocando candidatos propios o a sus socios en alianza con partidos, intimidando, secuestrando e incluso matando a rivales. Testimonios sobran.<\/p>\n\n\n\n<p class=\"wp-block-paragraph\">Por supuesto, esa irrupci\u00f3n impacta de manera rotunda y desvirt\u00faa el mismo sentido civilizador de las aut\u00e9nticas elecciones. No solo inyecta temor y tensi\u00f3n, no solo enrarece el ambiente, sino que adulteran la voluntad de los votantes y poco a poco hasta parecer\u00eda que la sociedad se acostumbra a esa profunda anomal\u00eda.<\/p>\n\n\n\n<p class=\"wp-block-paragraph\">Romero encuentra, al analizar el impacto de esa violencia en las elecciones de 18 pa\u00edses de Am\u00e9rica Latina, que existe una correlaci\u00f3n entre el incremento de la violencia y la menor participaci\u00f3n. Y no es para menos. En lugar de que las elecciones sean una fiesta c\u00edvica, un momento en el que los ciudadanos optan por las muy diferentes corrientes pol\u00edticas, se transforman en momentos de tensi\u00f3n y miedo.<\/p>\n\n\n\n<p class=\"wp-block-paragraph\">Y si todo ello fuera poco, la acci\u00f3n de esos grupos delincuenciales durante los procesos electorales (sobre todo en comicios locales), devela de manera dram\u00e1tica \u201cla escasa o d\u00e9bil presencia del Estado\u201d.<\/p>\n\n\n\n<p class=\"wp-block-paragraph\">Ellos nacen y se reproducen en una especie de vac\u00edo estatal, en una tierra de nadie, que ocupan sin coartada pol\u00edtica alguna, solo para seguir alimentando sus pr\u00f3speros y criminales negocios.<\/p>\n","protected":false},"excerpt":{"rendered":"<p>Jos\u00e9 Woldenberg ___________________________ \u201cLa democracia y las elecciones competitivas parecen excluirse mutuamente con la violencia. En el predominio de las primeras, el campo para la otra se acota, desaparece, o si existe, pierde legitimidad ante los ojos de la mayor\u00eda, dentro como fuera del pa\u00eds\u201d. Eso escribi\u00f3 Salvador Romero Ballivi\u00e1n en su muy informado libro [&hellip;]<\/p>\n","protected":false},"author":6,"featured_media":43694,"comment_status":"closed","ping_status":"closed","sticky":false,"template":"","format":"standard","meta":{"_acf_changed":false,"_monsterinsights_skip_tracking":false,"slim_seo":{"title":"Violencia y pol\u00edtica - Opini\u00f3n P\u00fablica","description":"Jos\u00e9 Woldenberg ___________________________ \u201cLa democracia y las elecciones competitivas parecen excluirse mutuamente con la violencia. En el predominio de las"},"footnotes":""},"categories":[26],"tags":[782,2404],"class_list":["post-93291","post","type-post","status-publish","format-standard","has-post-thumbnail","hentry","category-de-chile-dulce-y-manteca-columna-invitada","tag-jose-woldenberg","tag-politica-mexicana"],"acf":[],"_links":{"self":[{"href":"https:\/\/www.opinionpublica.tv\/portada\/wp-json\/wp\/v2\/posts\/93291","targetHints":{"allow":["GET"]}}],"collection":[{"href":"https:\/\/www.opinionpublica.tv\/portada\/wp-json\/wp\/v2\/posts"}],"about":[{"href":"https:\/\/www.opinionpublica.tv\/portada\/wp-json\/wp\/v2\/types\/post"}],"author":[{"embeddable":true,"href":"https:\/\/www.opinionpublica.tv\/portada\/wp-json\/wp\/v2\/users\/6"}],"replies":[{"embeddable":true,"href":"https:\/\/www.opinionpublica.tv\/portada\/wp-json\/wp\/v2\/comments?post=93291"}],"version-history":[{"count":2,"href":"https:\/\/www.opinionpublica.tv\/portada\/wp-json\/wp\/v2\/posts\/93291\/revisions"}],"predecessor-version":[{"id":93293,"href":"https:\/\/www.opinionpublica.tv\/portada\/wp-json\/wp\/v2\/posts\/93291\/revisions\/93293"}],"wp:featuredmedia":[{"embeddable":true,"href":"https:\/\/www.opinionpublica.tv\/portada\/wp-json\/wp\/v2\/media\/43694"}],"wp:attachment":[{"href":"https:\/\/www.opinionpublica.tv\/portada\/wp-json\/wp\/v2\/media?parent=93291"}],"wp:term":[{"taxonomy":"category","embeddable":true,"href":"https:\/\/www.opinionpublica.tv\/portada\/wp-json\/wp\/v2\/categories?post=93291"},{"taxonomy":"post_tag","embeddable":true,"href":"https:\/\/www.opinionpublica.tv\/portada\/wp-json\/wp\/v2\/tags?post=93291"}],"curies":[{"name":"wp","href":"https:\/\/api.w.org\/{rel}","templated":true}]}}