{"id":9329,"date":"2016-12-04T07:00:00","date_gmt":"2016-12-04T06:00:00","guid":{"rendered":"https:\/\/www.opinionpublica.tv\/portada\/2016\/12\/04\/los-restos-de-fidel-ya-estan-junto-a-marti\/"},"modified":"2016-12-04T07:00:00","modified_gmt":"2016-12-04T06:00:00","slug":"los-restos-de-fidel-ya-estan-junto-a-marti","status":"publish","type":"post","link":"https:\/\/www.opinionpublica.tv\/portada\/los-restos-de-fidel-ya-estan-junto-a-marti\/","title":{"rendered":"Los restos de Fidel ya est\u00e1n junto a Jos\u00e9 Mart\u00ed"},"content":{"rendered":"<p><img fetchpriority=\"high\" decoding=\"async\" class=\" size-full wp-image-9328\" src=\"https:\/\/www.opinionpublica.tv\/portada\/wp-content\/uploads\/2016\/12\/bef558e4b32b42aa97ff4078e6fe42b4.jpg\" alt=\"\" width=\"508\" height=\"401\" srcset=\"https:\/\/www.opinionpublica.tv\/portada\/wp-content\/uploads\/2016\/12\/bef558e4b32b42aa97ff4078e6fe42b4.jpg 508w, https:\/\/www.opinionpublica.tv\/portada\/wp-content\/uploads\/2016\/12\/bef558e4b32b42aa97ff4078e6fe42b4-300x237.jpg 300w\" sizes=\"(max-width: 508px) 100vw, 508px\" \/><br \/>\n<!--more--><\/p>\n<p style=\"text-align: justify;\">Las cenizas de Fidel Castro fueron depositadas este domingo en el cementerio de Santa Ifigenia de esta ciudad, en una ceremonia privada, pero no familiar, pues asistieron varios de los invitados internacionales que estuvieron la noche del s\u00e1bado en el acto pol\u00edtico en la plaza Antonio Maceo.<\/p>\n<p style=\"text-align: justify;\">Seg\u00fan acompa\u00f1antes de uno de los invitados especiales, los restos de Fidel Castro fueron colocados en una suerte de mausoleo de forma ovalada a la derecha de la tumba de Jos\u00e9 Mart\u00ed y sobre la piedra est\u00e1 inscrita una sola palabra: Fidel.<\/p>\n<p style=\"text-align: justify;\">Al lado, hay otra inscripci\u00f3n con el c\u00e9lebre concepto de revoluci\u00f3n acu\u00f1ado por el comandante Castro en el a\u00f1o 2000: palabras como modestia, honestidad y altruismo sobresalen en el texto.<\/p>\n<p style=\"text-align: justify;\">La urna con las cenizas del jefe revolucionario fueron entregadas por su viuda, Dalia Soto, a dos miembros de la guardia de honor, quienes las depositaron en el sitio donde reposar\u00e1n.<\/p>\n<p style=\"text-align: justify;\">Luego de una ceremonia militar que incluy\u00f3 21 ca\u00f1onazos, Ra\u00fal Castro fue el primero en acercarse a depositar una flor. Luego lo hicieron la esposa del extinto l\u00edder, sus hijos y algunos de los invitados extranjeros.<\/p>\n<p style=\"text-align: justify;\">Poco antes, los santiagueros hab\u00edan vuelto a salir a las calles para dar la despedida al \u201cjefe m\u00e1ximo de la revoluci\u00f3n\u201d. El ambiente estuvo cargado de solemnidad, quiz\u00e1 por tratarse del \u00faltimo trecho de un recorrido de m\u00e1s de 900 kil\u00f3metros y del \u00faltimo de nueve d\u00edas de duelo.<\/p>\n<p style=\"text-align: justify;\">El sepelio no fue transmitido por la televisi\u00f3n cubana. En cuanto pas\u00f3 la caravana, los camiones de la televisi\u00f3n cubana comenzaron a recoger sus cables. Algunas fuentes de medios locales dijeron que las im\u00e1genes ser\u00e1n difundidas posteriormente.<\/p>\n<p style=\"text-align: justify;\">Las cenizas de Fidel fueron depositadas cerca del lugar donde reposan los restos del poeta y h\u00e9roe nacional Jos\u00e9 Mart\u00ed, de quien Fidel Castro se consideraba continuador.<\/p>\n<p style=\"text-align: justify;\">Mart\u00ed no viaj\u00f3 armado desde M\u00e9xico, pero tambi\u00e9n pas\u00f3 por nuestro pa\u00eds. En un viaje a Estados Unidos, Mart\u00ed escribi\u00f3 sobre su aprecio por nuestro pa\u00eds: \u201c\u2026 por m\u00e1s grande que esta tierra sea, y por urgida que est\u00e9 para los hombres libres la Am\u00e9rica en que naci\u00f3 Lincoln, para nosotros, en el secreto de nuestro pecho, sin que nadie ose tach\u00e1rnoslo ni nos lo pueda tener a mal, es m\u00e1s grande, porque es la nuestra y porque ha sido m\u00e1s infeliz, la Am\u00e9rica en que naci\u00f3 Ju\u00e1rez\u201d.<\/p>\n<p style=\"text-align: justify;\">Varias filas de j\u00f3venes con cortes de cabello militar se despliegan a unos metros del cementerio. Nadie se puede acercar.<\/p>\n<p style=\"text-align: justify;\">La mayor parte de los que tomaron el camino de regreso eran j\u00f3venes, muchos de ellos con uniformes escolares. Las casas al paso de la caravana estaban llenas de banderas, letreros de despedida e im\u00e1genes del comandante.<\/p>\n","protected":false},"excerpt":{"rendered":"","protected":false},"author":6,"featured_media":9328,"comment_status":"open","ping_status":"open","sticky":false,"template":"","format":"standard","meta":{"_acf_changed":false,"_monsterinsights_skip_tracking":false,"slim_seo":{"title":"Los restos de Fidel ya est\u00e1n junto a Jos\u00e9 Mart\u00ed - Opini\u00f3n P\u00fablica","description":"Las cenizas de Fidel Castro fueron depositadas este domingo en el cementerio de Santa Ifigenia de esta ciudad, en una ceremonia privada, pero no familiar, pues"},"footnotes":""},"categories":[14],"tags":[],"class_list":["post-9329","post","type-post","status-publish","format-standard","has-post-thumbnail","hentry","category-historias"],"acf":[],"_links":{"self":[{"href":"https:\/\/www.opinionpublica.tv\/portada\/wp-json\/wp\/v2\/posts\/9329","targetHints":{"allow":["GET"]}}],"collection":[{"href":"https:\/\/www.opinionpublica.tv\/portada\/wp-json\/wp\/v2\/posts"}],"about":[{"href":"https:\/\/www.opinionpublica.tv\/portada\/wp-json\/wp\/v2\/types\/post"}],"author":[{"embeddable":true,"href":"https:\/\/www.opinionpublica.tv\/portada\/wp-json\/wp\/v2\/users\/6"}],"replies":[{"embeddable":true,"href":"https:\/\/www.opinionpublica.tv\/portada\/wp-json\/wp\/v2\/comments?post=9329"}],"version-history":[{"count":0,"href":"https:\/\/www.opinionpublica.tv\/portada\/wp-json\/wp\/v2\/posts\/9329\/revisions"}],"wp:featuredmedia":[{"embeddable":true,"href":"https:\/\/www.opinionpublica.tv\/portada\/wp-json\/wp\/v2\/media\/9328"}],"wp:attachment":[{"href":"https:\/\/www.opinionpublica.tv\/portada\/wp-json\/wp\/v2\/media?parent=9329"}],"wp:term":[{"taxonomy":"category","embeddable":true,"href":"https:\/\/www.opinionpublica.tv\/portada\/wp-json\/wp\/v2\/categories?post=9329"},{"taxonomy":"post_tag","embeddable":true,"href":"https:\/\/www.opinionpublica.tv\/portada\/wp-json\/wp\/v2\/tags?post=9329"}],"curies":[{"name":"wp","href":"https:\/\/api.w.org\/{rel}","templated":true}]}}