{"id":93286,"date":"2026-09-06T00:01:00","date_gmt":"2026-09-06T06:01:00","guid":{"rendered":"https:\/\/www.opinionpublica.tv\/portada\/?p=93286"},"modified":"2026-09-05T17:08:14","modified_gmt":"2026-09-05T23:08:14","slug":"fuerzas-especiales-de-la-armada-de-mexico-cumplen-25-anos-han-capturado-grandes-capos","status":"publish","type":"post","link":"https:\/\/www.opinionpublica.tv\/portada\/fuerzas-especiales-de-la-armada-de-mexico-cumplen-25-anos-han-capturado-grandes-capos\/","title":{"rendered":"Fuerzas Especiales de Armada de M\u00e9xico cumplen 25 a\u00f1os; han capturado grandes capos"},"content":{"rendered":"\n<figure class=\"wp-block-image size-full\"><img fetchpriority=\"high\" decoding=\"async\" width=\"1006\" height=\"620\" src=\"https:\/\/www.opinionpublica.tv\/portada\/wp-content\/uploads\/2026\/09\/Fuerzas-Especiales-de-Armada-de-Mexico-cumplen-25-anos-han-capturado-grandes-capos.avif\" alt=\"Fuerzas Especiales de Armada de Me\u0301xico cumplen 25 an\u0303os; han capturado grandes capos\" class=\"wp-image-93289\" srcset=\"https:\/\/www.opinionpublica.tv\/portada\/wp-content\/uploads\/2026\/09\/Fuerzas-Especiales-de-Armada-de-Mexico-cumplen-25-anos-han-capturado-grandes-capos.avif 1006w, https:\/\/www.opinionpublica.tv\/portada\/wp-content\/uploads\/2026\/09\/Fuerzas-Especiales-de-Armada-de-Mexico-cumplen-25-anos-han-capturado-grandes-capos-300x185.avif 300w, https:\/\/www.opinionpublica.tv\/portada\/wp-content\/uploads\/2026\/09\/Fuerzas-Especiales-de-Armada-de-Mexico-cumplen-25-anos-han-capturado-grandes-capos-767x473.avif 767w\" sizes=\"(max-width: 1006px) 100vw, 1006px\" \/><\/figure>\n\n\n\n<p class=\"wp-block-paragraph\">Las Fuerzas Especiales de la Armada de M\u00e9xico conocidos como \u201cQuachics\u201d mantienen una evoluci\u00f3n constante y una consolidaci\u00f3n progresiva de sus capacidades operativas, destac\u00f3 la Secretar\u00eda de Marina (Semar) en el marco del 25 aniversario de su grupo de \u00e9lite, integrado en la Unidad Naval de Operaciones Especiales (UNOPES), que ha realizado la captura de grandes capos de la droga como Rafael Caro Quintero, en 2022.Referencia geogr\u00e1fica<\/p>\n\n\n\n<p class=\"wp-block-paragraph\">Se trata del pilar fundamental de la Semar, que bajo su m\u00edstica de \u201cFuerza, Esp\u00edritu y Sabidur\u00eda\u201d, se distingue por su capacidad, disciplina y profesionalismo ante las necesidades del pa\u00eds, se\u00f1al\u00f3 la dependencia al mando del almirante Raymundo Pedro Morales \u00c1ngeles, en un comunicado.<\/p>\n\n\n\n<p class=\"wp-block-paragraph\">La Secretar\u00eda de Marina tiene actualmente 29 mil 843 efectivos en su cuerpo de Infanter\u00eda de Marina, de los cuales 4 mil 123 son mujeres, que cuenta con la Unidad Naval de Operaciones Especiales (UNOPES) creada en el 2014.<\/p>\n\n\n\n<p class=\"wp-block-paragraph\">Este grupo de \u00e9lite adiestrado y equipado efect\u00faa operaciones complejas de alto valor estrat\u00e9gico, adem\u00e1s de que mantiene una estrecha colaboraci\u00f3n interinstitucional con los tres \u00f3rdenes de gobierno para una respuesta inmediata y efectiva ante cualquier amenaza a la seguridad nacional en cualquier entorno geogr\u00e1fico ya sea terrestre, a\u00e9reo y mar\u00edtimo, se\u00f1al\u00f3 la dependencia.<\/p>\n\n\n\n<p class=\"wp-block-paragraph\">Detall\u00f3 que la UNOPES se divide en grupos de \u00e9lite como las Fuerzas Especiales, Comandos Anfibios y el Batall\u00f3n de Infanter\u00eda de Marina de Fusileros Paracaidistas, mujeres y hombres caracterizados, afirm\u00f3, por una impecable moral, agudeza intelectual y una lealtad a la patria.<\/p>\n\n\n\n<p class=\"wp-block-paragraph\">Agreg\u00f3 que las Fuerzas Especiales evolucionan constantemente para ejercer el poder naval, mientras que los Comandos Anfibios se encuentra preparados t\u00e9cnica, t\u00e1ctica y f\u00edsicamente, con capacidad de despliegue r\u00e1pido para realizar operaciones de reconocimiento, e infiltraci\u00f3n por v\u00eda terrestre, a\u00e9rea y mar\u00edtima en una amplia variedad de misiones.<\/p>\n\n\n\n<p class=\"wp-block-paragraph\">De igual forma, mencion\u00f3 que el Batall\u00f3n de Infanter\u00eda de Marina de Fusileros Paracaidistas, complementa este selecto esquema como componente operativo de la UNOPES.<\/p>\n\n\n\n<p class=\"wp-block-paragraph\">\u201cEsta es una fuerza especializada para efectuar operaciones especiales aerotransportadas, dise\u00f1ada para proyectar tropas de infanter\u00eda de Marina de manera inmediata y decisiva en \u00e1reas de dif\u00edcil acceso\u201d, indic\u00f3.<\/p>\n\n\n\n<p class=\"wp-block-paragraph\">Por \u00faltimo, la Secretar\u00eda de Marina (Semar) destac\u00f3 que la formaci\u00f3n de un Infante de Marina, es un proceso integral que combina desde la capacidad f\u00edsica, disciplina, conocimiento de armamento, defensa personal, adiestramiento individual de combate, con el fin de desarrollar sus capacidades para desempe\u00f1arse en diferentes escenarios de operaci\u00f3n, bajo un estricto respeto a los Derechos Humanos y con el firme compromiso de salvaguardar a las familias mexicanas y la vida humana ante desastres naturales.<\/p>\n\n\n\n<p class=\"wp-block-paragraph\"><em>Con informaci\u00f3n de El Universal<\/em>.<\/p>\n","protected":false},"excerpt":{"rendered":"<p>Las Fuerzas Especiales de la Armada de M\u00e9xico conocidos como \u201cQuachics\u201d mantienen una evoluci\u00f3n constante y una consolidaci\u00f3n progresiva de sus capacidades operativas, destac\u00f3 la Secretar\u00eda de Marina (Semar) en el marco del 25 aniversario de su grupo de \u00e9lite, integrado en la Unidad Naval de Operaciones Especiales (UNOPES), que ha realizado la captura de [&hellip;]<\/p>\n","protected":false},"author":6,"featured_media":93289,"comment_status":"closed","ping_status":"closed","sticky":false,"template":"","format":"standard","meta":{"_acf_changed":false,"_monsterinsights_skip_tracking":false,"slim_seo":{"title":"Fuerzas Especiales de Armada de M\u00e9xico cumplen 25 a\u00f1os; han capturado grandes capos - Opini\u00f3n P\u00fablica","description":"Las Fuerzas Especiales de la Armada de M\u00e9xico conocidos como \u201cQuachics\u201d mantienen una evoluci\u00f3n constante y una consolidaci\u00f3n progresiva de sus capacidades oper"},"footnotes":""},"categories":[4],"tags":[4494,4493],"class_list":["post-93286","post","type-post","status-publish","format-standard","has-post-thumbnail","hentry","category-pulsopolitico","tag-armada-de-mexico","tag-fuerzas-especiales"],"acf":[],"_links":{"self":[{"href":"https:\/\/www.opinionpublica.tv\/portada\/wp-json\/wp\/v2\/posts\/93286","targetHints":{"allow":["GET"]}}],"collection":[{"href":"https:\/\/www.opinionpublica.tv\/portada\/wp-json\/wp\/v2\/posts"}],"about":[{"href":"https:\/\/www.opinionpublica.tv\/portada\/wp-json\/wp\/v2\/types\/post"}],"author":[{"embeddable":true,"href":"https:\/\/www.opinionpublica.tv\/portada\/wp-json\/wp\/v2\/users\/6"}],"replies":[{"embeddable":true,"href":"https:\/\/www.opinionpublica.tv\/portada\/wp-json\/wp\/v2\/comments?post=93286"}],"version-history":[{"count":3,"href":"https:\/\/www.opinionpublica.tv\/portada\/wp-json\/wp\/v2\/posts\/93286\/revisions"}],"predecessor-version":[{"id":93290,"href":"https:\/\/www.opinionpublica.tv\/portada\/wp-json\/wp\/v2\/posts\/93286\/revisions\/93290"}],"wp:featuredmedia":[{"embeddable":true,"href":"https:\/\/www.opinionpublica.tv\/portada\/wp-json\/wp\/v2\/media\/93289"}],"wp:attachment":[{"href":"https:\/\/www.opinionpublica.tv\/portada\/wp-json\/wp\/v2\/media?parent=93286"}],"wp:term":[{"taxonomy":"category","embeddable":true,"href":"https:\/\/www.opinionpublica.tv\/portada\/wp-json\/wp\/v2\/categories?post=93286"},{"taxonomy":"post_tag","embeddable":true,"href":"https:\/\/www.opinionpublica.tv\/portada\/wp-json\/wp\/v2\/tags?post=93286"}],"curies":[{"name":"wp","href":"https:\/\/api.w.org\/{rel}","templated":true}]}}