{"id":9327,"date":"2016-12-04T07:00:00","date_gmt":"2016-12-04T06:00:00","guid":{"rendered":"https:\/\/www.opinionpublica.tv\/portada\/2016\/12\/04\/mexico-respondera-ante-cidh-por-desapariciones-forzadas\/"},"modified":"2016-12-04T07:00:00","modified_gmt":"2016-12-04T06:00:00","slug":"mexico-respondera-ante-cidh-por-desapariciones-forzadas","status":"publish","type":"post","link":"https:\/\/www.opinionpublica.tv\/portada\/mexico-respondera-ante-cidh-por-desapariciones-forzadas\/","title":{"rendered":"M\u00e9xico responder\u00e1 ante CIDH por desapariciones forzadas"},"content":{"rendered":"<p><img fetchpriority=\"high\" decoding=\"async\" class=\" size-full wp-image-9326\" src=\"https:\/\/www.opinionpublica.tv\/portada\/wp-content\/uploads\/2016\/12\/7a886fd61405367b6373ab7bee4d5096.jpg\" alt=\"\" width=\"500\" height=\"333\" srcset=\"https:\/\/www.opinionpublica.tv\/portada\/wp-content\/uploads\/2016\/12\/7a886fd61405367b6373ab7bee4d5096.jpg 500w, https:\/\/www.opinionpublica.tv\/portada\/wp-content\/uploads\/2016\/12\/7a886fd61405367b6373ab7bee4d5096-300x200.jpg 300w\" sizes=\"(max-width: 500px) 100vw, 500px\" \/><br \/>\n<!--more--><\/p>\n<p style=\"text-align: justify;\">Este lunes 5 de diciembre, M\u00e9xico ser\u00e1 sometido a un examen ante la Comisi\u00f3n Interamericana de Derechos Humanos (CIDH), para responder a la problem\u00e1tica de las desapariciones y los desplazamientos en territorio nacional.<\/p>\n<p style=\"text-align: justify;\">La sesi\u00f3n del organismo regional tendr\u00e1 lugar en Panam\u00e1, y contar\u00e1 con la presencia de funcionarios mexicanos, que deber\u00e1n exponer la situaci\u00f3n y acciones tomadas al respecto sobre diversos aspectos vinculados a la inseguridad y la violencia.<\/p>\n<p style=\"text-align: justify;\">De acuerdo con el corte estad\u00edstico m\u00e1s reciente, emitido el 31 de octubre del a\u00f1o en curso, existen 28 mil 937 expedientes de personas no localizadas, cuya investigaci\u00f3n corresponde a procuradur\u00edas y fiscal\u00edas estatales.<\/p>\n<p style=\"text-align: justify;\">Entre ellos hay 639 casos ocurridos hace casi una d\u00e9cada. De ellos, 236 son de antes de 2007, y 429 son casos en que se desconoce la fecha exacta de la desaparici\u00f3n.<\/p>\n<p style=\"text-align: justify;\">A los 28 mil 937 asuntos del fuero com\u00fan deben sumarse 966 del fuero federal, es decir, a cargo de la Procuradur\u00eda General de la Rep\u00fablica.<\/p>\n<p style=\"text-align: justify;\">Los 29 mil 903 expedientes de personas no localizadas representan 6 mil 300 m\u00e1s de los registros de hace dos a\u00f1os (octubre 2014), seg\u00fan datos compilados por el Sistema Nacional de Seguridad P\u00fablica de la SG.<\/p>\n<p style=\"text-align: justify;\">El subsecretario de Derechos Humanos de Gobernaci\u00f3n, Roberto Campa Cifri\u00e1n, coment\u00f3 que la informaci\u00f3n entregada a la CIDH servir\u00e1 positivamente para promover la aprobaci\u00f3n de la ley de desaparecidos, que actualmente est\u00e1 en proceso de dictamen en el Senado.<\/p>\n<p style=\"text-align: justify;\">De acuerdo con el subsecretario, el gobierno ofrecer\u00e1 un planteamiento general sobre el tema de los desaparecidos; la importancia de la aprobaci\u00f3n de la ley, as\u00ed como el combate a las cadenas de impunidad, objetivos de la estrategia en general y de casos particulares como Ayotzinapa, Guerrero, y Tierra Blanca, Veracruz.<\/p>\n","protected":false},"excerpt":{"rendered":"","protected":false},"author":4,"featured_media":9326,"comment_status":"open","ping_status":"open","sticky":false,"template":"","format":"standard","meta":{"_acf_changed":false,"_monsterinsights_skip_tracking":false,"slim_seo":{"title":"M\u00e9xico responder\u00e1 ante CIDH por desapariciones forzadas - Opini\u00f3n P\u00fablica","description":"Este lunes 5 de diciembre, M\u00e9xico ser\u00e1 sometido a un examen ante la Comisi\u00f3n Interamericana de Derechos Humanos (CIDH), para responder a la problem\u00e1tica de las"},"footnotes":""},"categories":[9],"tags":[],"class_list":["post-9327","post","type-post","status-publish","format-standard","has-post-thumbnail","hentry","category-nacional"],"acf":[],"_links":{"self":[{"href":"https:\/\/www.opinionpublica.tv\/portada\/wp-json\/wp\/v2\/posts\/9327","targetHints":{"allow":["GET"]}}],"collection":[{"href":"https:\/\/www.opinionpublica.tv\/portada\/wp-json\/wp\/v2\/posts"}],"about":[{"href":"https:\/\/www.opinionpublica.tv\/portada\/wp-json\/wp\/v2\/types\/post"}],"author":[{"embeddable":true,"href":"https:\/\/www.opinionpublica.tv\/portada\/wp-json\/wp\/v2\/users\/4"}],"replies":[{"embeddable":true,"href":"https:\/\/www.opinionpublica.tv\/portada\/wp-json\/wp\/v2\/comments?post=9327"}],"version-history":[{"count":0,"href":"https:\/\/www.opinionpublica.tv\/portada\/wp-json\/wp\/v2\/posts\/9327\/revisions"}],"wp:featuredmedia":[{"embeddable":true,"href":"https:\/\/www.opinionpublica.tv\/portada\/wp-json\/wp\/v2\/media\/9326"}],"wp:attachment":[{"href":"https:\/\/www.opinionpublica.tv\/portada\/wp-json\/wp\/v2\/media?parent=9327"}],"wp:term":[{"taxonomy":"category","embeddable":true,"href":"https:\/\/www.opinionpublica.tv\/portada\/wp-json\/wp\/v2\/categories?post=9327"},{"taxonomy":"post_tag","embeddable":true,"href":"https:\/\/www.opinionpublica.tv\/portada\/wp-json\/wp\/v2\/tags?post=9327"}],"curies":[{"name":"wp","href":"https:\/\/api.w.org\/{rel}","templated":true}]}}