{"id":93254,"date":"2026-09-05T00:01:00","date_gmt":"2026-09-05T06:01:00","guid":{"rendered":"https:\/\/www.opinionpublica.tv\/portada\/?p=93254"},"modified":"2026-09-04T21:48:04","modified_gmt":"2026-09-05T03:48:04","slug":"inician-el-lunes-obras-del-paso-superior-en-el-bulevar-juan-pablo-ii-y-valle-del-sol","status":"publish","type":"post","link":"https:\/\/www.opinionpublica.tv\/portada\/inician-el-lunes-obras-del-paso-superior-en-el-bulevar-juan-pablo-ii-y-valle-del-sol\/","title":{"rendered":"Iniciar\u00e1n el lunes obras del paso superior en el Bulevar Juan Pablo II y Valle del Sol"},"content":{"rendered":"\n<figure class=\"wp-block-image size-large\"><img fetchpriority=\"high\" decoding=\"async\" width=\"1024\" height=\"683\" src=\"https:\/\/www.opinionpublica.tv\/portada\/wp-content\/uploads\/2026\/09\/Iniciaran-el-lunes-obras-del-paso-superior-en-el-Bulevar-Juan-Pablo-II-y-Valle-del-Sol-1024x683.jpeg\" alt=\"Iniciara\u0301n el lunes obras del paso superior en el Bulevar Juan Pablo II y Valle del Sol\" class=\"wp-image-93256\" srcset=\"https:\/\/www.opinionpublica.tv\/portada\/wp-content\/uploads\/2026\/09\/Iniciaran-el-lunes-obras-del-paso-superior-en-el-Bulevar-Juan-Pablo-II-y-Valle-del-Sol-1024x683.jpeg 1024w, https:\/\/www.opinionpublica.tv\/portada\/wp-content\/uploads\/2026\/09\/Iniciaran-el-lunes-obras-del-paso-superior-en-el-Bulevar-Juan-Pablo-II-y-Valle-del-Sol-300x200.jpeg 300w, https:\/\/www.opinionpublica.tv\/portada\/wp-content\/uploads\/2026\/09\/Iniciaran-el-lunes-obras-del-paso-superior-en-el-Bulevar-Juan-Pablo-II-y-Valle-del-Sol-767x512.jpeg 767w, https:\/\/www.opinionpublica.tv\/portada\/wp-content\/uploads\/2026\/09\/Iniciaran-el-lunes-obras-del-paso-superior-en-el-Bulevar-Juan-Pablo-II-y-Valle-del-Sol.jpeg 1280w\" sizes=\"(max-width: 1024px) 100vw, 1024px\" \/><\/figure>\n\n\n\n<p class=\"wp-block-paragraph\"><em>Ciudad Ju\u00e1rez, Chih<\/em>.- Con una inversi\u00f3n de 150 millones de pesos, el lunes 7 de septiembre iniciar\u00e1 la construcci\u00f3n del paso superior que se ubicar\u00e1 en el bulevar Juan Pablo II y calle Valle del Sol, obra que se tiene prevista que culmine en marzo del 2027.<\/p>\n\n\n\n<p class=\"wp-block-paragraph\">Daniel Gonz\u00e1lez Garc\u00eda, director general de Obras P\u00fablicas, inform\u00f3 en conferencia de prensa que desde el s\u00e1bado 5 se comenzar\u00e1 con el cierre de vialidades, por lo que se pide a la ciudadan\u00eda utilizar v\u00edas alternas.<\/p>\n\n\n\n<p class=\"wp-block-paragraph\">\u201cEsta obra es de alto impacto, ya que diariamente pasan por esa zona de 30 a 35 mil veh\u00edculos particulares y este paso viene a mejorar el flujo que se necesita en la vialidad, adem\u00e1s se suma a lo que ya se hab\u00eda realizado de la extensi\u00f3n de la Valle del Sol\u201d, indic\u00f3 el funcionario.<\/p>\n\n\n\n<p class=\"wp-block-paragraph\">Dijo que la duraci\u00f3n de esta obra ser\u00e1 de siete meses, por lo que se pretende que quede terminada a finales de marzo del 2027, pues el programa de obra da esta fecha.<\/p>\n\n\n\n<p class=\"wp-block-paragraph\">Explic\u00f3 que el objetivo es mejorar la movilidad, seguridad vial y capacidad de operaci\u00f3n de la conexi\u00f3n del bulevar Juan Pablo II y la calle Valle del Sol, con la construcci\u00f3n de un paso superior vehicular y sus obras complementarias.<\/p>\n\n\n\n<p class=\"wp-block-paragraph\">\u201cEl puente que se va a construir cuenta con sus carriles de desincorporaci\u00f3n, circulando del poniente a oriente hacia el lado derecho para incorporarse a la Valle del Sol; igual de la Valle del Sol, hacia Juan Pablo II, por el lado derecho y por la parte de Zaragoza hacia la Zona Centro lo van a poder hacer por debajo del puente\u201d, explic\u00f3<\/p>\n\n\n\n<p class=\"wp-block-paragraph\">Gonz\u00e1lez Garc\u00eda agreg\u00f3 que esta construcci\u00f3n es una r\u00e9plica del puente Arizona, que es una obra muy importante para el benefici\u00f3 de la comunidad.<\/p>\n\n\n\n<p class=\"wp-block-paragraph\">\u201cLe pedimos a la ciudadan\u00eda que tome las debidas precauciones durante este tiempo que se van a llevar a cabo los trabajos\u201d, a\u00f1adi\u00f3 el director de Obras P\u00fablicas.<\/p>\n","protected":false},"excerpt":{"rendered":"<p>Ciudad Ju\u00e1rez, Chih.- Con una inversi\u00f3n de 150 millones de pesos, el lunes 7 de septiembre iniciar\u00e1 la construcci\u00f3n del paso superior que se ubicar\u00e1 en el bulevar Juan Pablo II y calle Valle del Sol, obra que se tiene prevista que culmine en marzo del 2027. Daniel Gonz\u00e1lez Garc\u00eda, director general de Obras P\u00fablicas, [&hellip;]<\/p>\n","protected":false},"author":6,"featured_media":93256,"comment_status":"closed","ping_status":"closed","sticky":false,"template":"","format":"standard","meta":{"_acf_changed":false,"_monsterinsights_skip_tracking":false,"slim_seo":{"title":"Iniciar\u00e1n el lunes obras del paso superior en el Bulevar Juan Pablo II y Valle del Sol - Opini\u00f3n P\u00fablica","description":"Ciudad Ju\u00e1rez, Chih .- Con una inversi\u00f3n de 150 millones de pesos, el lunes 7 de septiembre iniciar\u00e1 la construcci\u00f3n del paso superior que se ubicar\u00e1 en el bule"},"footnotes":""},"categories":[41],"tags":[608,3580,4436,862],"class_list":["post-93254","post","type-post","status-publish","format-standard","has-post-thumbnail","hentry","category-juarez","tag-ciudad-juarez","tag-obras-publicas","tag-paso-superior","tag-valle-del-sol"],"acf":[],"_links":{"self":[{"href":"https:\/\/www.opinionpublica.tv\/portada\/wp-json\/wp\/v2\/posts\/93254","targetHints":{"allow":["GET"]}}],"collection":[{"href":"https:\/\/www.opinionpublica.tv\/portada\/wp-json\/wp\/v2\/posts"}],"about":[{"href":"https:\/\/www.opinionpublica.tv\/portada\/wp-json\/wp\/v2\/types\/post"}],"author":[{"embeddable":true,"href":"https:\/\/www.opinionpublica.tv\/portada\/wp-json\/wp\/v2\/users\/6"}],"replies":[{"embeddable":true,"href":"https:\/\/www.opinionpublica.tv\/portada\/wp-json\/wp\/v2\/comments?post=93254"}],"version-history":[{"count":2,"href":"https:\/\/www.opinionpublica.tv\/portada\/wp-json\/wp\/v2\/posts\/93254\/revisions"}],"predecessor-version":[{"id":93257,"href":"https:\/\/www.opinionpublica.tv\/portada\/wp-json\/wp\/v2\/posts\/93254\/revisions\/93257"}],"wp:featuredmedia":[{"embeddable":true,"href":"https:\/\/www.opinionpublica.tv\/portada\/wp-json\/wp\/v2\/media\/93256"}],"wp:attachment":[{"href":"https:\/\/www.opinionpublica.tv\/portada\/wp-json\/wp\/v2\/media?parent=93254"}],"wp:term":[{"taxonomy":"category","embeddable":true,"href":"https:\/\/www.opinionpublica.tv\/portada\/wp-json\/wp\/v2\/categories?post=93254"},{"taxonomy":"post_tag","embeddable":true,"href":"https:\/\/www.opinionpublica.tv\/portada\/wp-json\/wp\/v2\/tags?post=93254"}],"curies":[{"name":"wp","href":"https:\/\/api.w.org\/{rel}","templated":true}]}}