{"id":9325,"date":"2016-12-04T07:00:00","date_gmt":"2016-12-04T06:00:00","guid":{"rendered":"https:\/\/www.opinionpublica.tv\/portada\/2016\/12\/04\/fge-tomara-control-de-policias-municipales-en-el-noroeste\/"},"modified":"2016-12-04T07:00:00","modified_gmt":"2016-12-04T06:00:00","slug":"fge-tomara-control-de-policias-municipales-en-el-noroeste","status":"publish","type":"post","link":"https:\/\/www.opinionpublica.tv\/portada\/fge-tomara-control-de-policias-municipales-en-el-noroeste\/","title":{"rendered":"FGE tomar\u00e1 control de Polic\u00edas Municipales en el noroeste"},"content":{"rendered":"<p><img fetchpriority=\"high\" decoding=\"async\" class=\" size-full wp-image-9324\" src=\"https:\/\/www.opinionpublica.tv\/portada\/wp-content\/uploads\/2016\/12\/ef35c27b36b1ebd017b821eeba2f8f26.jpg\" alt=\"\" width=\"492\" height=\"325\" srcset=\"https:\/\/www.opinionpublica.tv\/portada\/wp-content\/uploads\/2016\/12\/ef35c27b36b1ebd017b821eeba2f8f26.jpg 492w, https:\/\/www.opinionpublica.tv\/portada\/wp-content\/uploads\/2016\/12\/ef35c27b36b1ebd017b821eeba2f8f26-300x198.jpg 300w\" sizes=\"(max-width: 492px) 100vw, 492px\" \/><br \/>\n<!--more--><\/p>\n<p style=\"text-align: justify;\">Debido a varios enfrentamientos registrados en los \u00faltimos d\u00edas, la Fiscal\u00eda General del Estado asumi\u00f3 el control de 8 Polic\u00edas Municipales en el noroeste de la entidad, a fin de sanear las corporaciones y mejorar la seguridad que brindan.<\/p>\n<p style=\"text-align: justify;\">La decisi\u00f3n fue tomada luego de que los habitantes del sector denunciaron la operaci\u00f3n de cierres de caminos y retenes ilegales, adem\u00e1s de enfrentamientos con grupos delictivos; particularmente en Madera, donde ocurrieron dos enfrentamientos en octubre y, recientemente, desaparecieron cinco polic\u00edas municipales.<\/p>\n<p style=\"text-align: justify;\">Seg\u00fan informaron, desde este s\u00e1bado fueron terminados 50 Polic\u00edas Municipales de estas corporaciones, debido a incumplimiento de funciones preventivas, o incluso por v\u00ednculos con actividades criminales.<\/p>\n<p style=\"text-align: justify;\">La Fiscal\u00eda detall\u00f3 que someter\u00e1n a ex\u00e1menes de confianza a todos los elementos que forman parte de las polic\u00edas municipales en Galenaa, Buenaventura, Zaragoza, G\u00f3mez Far\u00edas, Madera, Matachi, Tem\u00f3sachi, Namiquipa y Bach\u00edniva.<\/p>\n","protected":false},"excerpt":{"rendered":"","protected":false},"author":4,"featured_media":9324,"comment_status":"open","ping_status":"open","sticky":false,"template":"","format":"standard","meta":{"_acf_changed":false,"_monsterinsights_skip_tracking":false,"slim_seo":{"title":"FGE tomar\u00e1 control de Polic\u00edas Municipales en el noroeste - Opini\u00f3n P\u00fablica","description":"Debido a varios enfrentamientos registrados en los \u00faltimos d\u00edas, la Fiscal\u00eda General del Estado asumi\u00f3 el control de 8 Polic\u00edas Municipales en el noroeste de la"},"footnotes":""},"categories":[4],"tags":[],"class_list":["post-9325","post","type-post","status-publish","format-standard","has-post-thumbnail","hentry","category-pulsopolitico"],"acf":[],"_links":{"self":[{"href":"https:\/\/www.opinionpublica.tv\/portada\/wp-json\/wp\/v2\/posts\/9325","targetHints":{"allow":["GET"]}}],"collection":[{"href":"https:\/\/www.opinionpublica.tv\/portada\/wp-json\/wp\/v2\/posts"}],"about":[{"href":"https:\/\/www.opinionpublica.tv\/portada\/wp-json\/wp\/v2\/types\/post"}],"author":[{"embeddable":true,"href":"https:\/\/www.opinionpublica.tv\/portada\/wp-json\/wp\/v2\/users\/4"}],"replies":[{"embeddable":true,"href":"https:\/\/www.opinionpublica.tv\/portada\/wp-json\/wp\/v2\/comments?post=9325"}],"version-history":[{"count":0,"href":"https:\/\/www.opinionpublica.tv\/portada\/wp-json\/wp\/v2\/posts\/9325\/revisions"}],"wp:featuredmedia":[{"embeddable":true,"href":"https:\/\/www.opinionpublica.tv\/portada\/wp-json\/wp\/v2\/media\/9324"}],"wp:attachment":[{"href":"https:\/\/www.opinionpublica.tv\/portada\/wp-json\/wp\/v2\/media?parent=9325"}],"wp:term":[{"taxonomy":"category","embeddable":true,"href":"https:\/\/www.opinionpublica.tv\/portada\/wp-json\/wp\/v2\/categories?post=9325"},{"taxonomy":"post_tag","embeddable":true,"href":"https:\/\/www.opinionpublica.tv\/portada\/wp-json\/wp\/v2\/tags?post=9325"}],"curies":[{"name":"wp","href":"https:\/\/api.w.org\/{rel}","templated":true}]}}