{"id":93248,"date":"2026-09-05T00:01:00","date_gmt":"2026-09-05T06:01:00","guid":{"rendered":"https:\/\/www.opinionpublica.tv\/portada\/?p=93248"},"modified":"2026-09-04T21:42:13","modified_gmt":"2026-09-05T03:42:13","slug":"alcalde-ortiz-da-bienvenida-ciudad-juarez-a-contadores-de-22-asociaciones-del-pais","status":"publish","type":"post","link":"https:\/\/www.opinionpublica.tv\/portada\/alcalde-ortiz-da-bienvenida-ciudad-juarez-a-contadores-de-22-asociaciones-del-pais\/","title":{"rendered":"Alcalde Ortiz da bienvenida a Ciudad Ju\u00e1rez a contadores de 22 asociaciones del pa\u00eds"},"content":{"rendered":"\n<figure class=\"wp-block-image size-large\"><img fetchpriority=\"high\" decoding=\"async\" width=\"1024\" height=\"682\" src=\"https:\/\/www.opinionpublica.tv\/portada\/wp-content\/uploads\/2026\/09\/Alcalde-Ortiz-da-bienvenida-a-Juarez-a-contadores-de-22-asociaciones-del-pais-1024x682.jpeg\" alt=\"Alcalde Ortiz da bienvenida a Jua\u0301rez a contadores de 22 asociaciones del pai\u0301s\" class=\"wp-image-93251\" srcset=\"https:\/\/www.opinionpublica.tv\/portada\/wp-content\/uploads\/2026\/09\/Alcalde-Ortiz-da-bienvenida-a-Juarez-a-contadores-de-22-asociaciones-del-pais-1024x682.jpeg 1024w, https:\/\/www.opinionpublica.tv\/portada\/wp-content\/uploads\/2026\/09\/Alcalde-Ortiz-da-bienvenida-a-Juarez-a-contadores-de-22-asociaciones-del-pais-767x511.jpeg 767w, https:\/\/www.opinionpublica.tv\/portada\/wp-content\/uploads\/2026\/09\/Alcalde-Ortiz-da-bienvenida-a-Juarez-a-contadores-de-22-asociaciones-del-pais-1536x1024.jpeg 1536w, https:\/\/www.opinionpublica.tv\/portada\/wp-content\/uploads\/2026\/09\/Alcalde-Ortiz-da-bienvenida-a-Juarez-a-contadores-de-22-asociaciones-del-pais-300x200.jpeg 300w, https:\/\/www.opinionpublica.tv\/portada\/wp-content\/uploads\/2026\/09\/Alcalde-Ortiz-da-bienvenida-a-Juarez-a-contadores-de-22-asociaciones-del-pais-2048x1365.jpeg 2048w\" sizes=\"(max-width: 1024px) 100vw, 1024px\" \/><\/figure>\n\n\n\n<p class=\"wp-block-paragraph\"><em>Ciudad Ju\u00e1rez, Chih<\/em>.- El presidente municipal, H\u00e9ctor Rafael Ortiz Orpinel, dio la bienvenida a representantes de 22 asociaciones de contadores que participan en la III Asamblea General Ordinaria 2026 de la Federaci\u00f3n Nacional de la Asociaci\u00f3n Mexicana de Colegios de Contadores P\u00fablicos, A.C. (FNAMCP), encuentro que se desarrolla este 4 y 5 de septiembre en Ciudad Ju\u00e1rez.<\/p>\n\n\n\n<p class=\"wp-block-paragraph\">Durante la ceremonia, el alcalde agradeci\u00f3 a los integrantes de la Federaci\u00f3n por elegir esta frontera como sede de la asamblea y destac\u00f3 la capacidad de organizaci\u00f3n y gesti\u00f3n de quienes hicieron posible reunir en la ciudad a profesionales de distintas partes del pa\u00eds.<\/p>\n\n\n\n<p class=\"wp-block-paragraph\">Se\u00f1al\u00f3 que este tipo de encuentros contribuyen a mostrar el verdadero rostro de Ciudad Ju\u00e1rez y permiten que quienes la visitan conozcan una comunidad trabajadora, din\u00e1mica y con oportunidades.<\/p>\n\n\n\n<p class=\"wp-block-paragraph\">Indic\u00f3 que, aunque hist\u00f3ricamente Ju\u00e1rez ha enfrentado retos y en diferentes momentos ha sido identificada por situaciones negativas, la ciudad ha demostrado su capacidad para salir adelante.<\/p>\n\n\n\n<p class=\"wp-block-paragraph\">Destac\u00f3 que diariamente miles de madres y padres de familia salen de sus hogares para llevar a sus hijos a la escuela, mientras trabajadores, profesionistas y emprendedores desarrollan sus actividades y contribuyen al crecimiento de la frontera.<\/p>\n\n\n\n<p class=\"wp-block-paragraph\">El alcalde invit\u00f3 a los visitantes a conocer la identidad, gastronom\u00eda e historia de esta ciudad, desde los tradicionales burritos y la colita de pavo, hasta la emblem\u00e1tica margarita, as\u00ed como el car\u00e1cter de una comunidad que se distingue por generar empleo y oportunidades.<\/p>\n\n\n\n<p class=\"wp-block-paragraph\">Se\u00f1al\u00f3 que el Gobierno Municipal promueve el di\u00e1logo y la construcci\u00f3n de acuerdos con c\u00e1maras empresariales, instituciones educativas, colegios y asociaciones, con la convicci\u00f3n de que la participaci\u00f3n de todos los sectores es indispensable para atender los retos de la comunidad.<\/p>\n\n\n\n<p class=\"wp-block-paragraph\">Como ejemplo de esta participaci\u00f3n, mencion\u00f3 el Presupuesto Participativo, mecanismo mediante el cual las y los juarenses deciden directamente en qu\u00e9 proyectos quieren que se invierta una parte de los recursos p\u00fablicos municipales.<\/p>\n\n\n\n<p class=\"wp-block-paragraph\">Claudia Yu Mu\u00f1oz, presidenta de la Asociaci\u00f3n Mexicana de Contadores P\u00fablicos, Colegio Profesional Ciudad Ju\u00e1rez, se\u00f1al\u00f3 que la realizaci\u00f3n de la asamblea permite continuar construyendo una profesi\u00f3n m\u00e1s s\u00f3lida y destac\u00f3 la responsabilidad que representa para el organismo local ser anfitri\u00f3n de un encuentro nacional.<\/p>\n\n\n\n<p class=\"wp-block-paragraph\">Agradeci\u00f3 la presencia del presidente municipal y resalt\u00f3 que los grandes retos de la comunidad deben ser atendidos mediante el trabajo conjunto entre sociedad, gobierno e instituciones.<\/p>\n\n\n\n<p class=\"wp-block-paragraph\">Explic\u00f3 que el Colegio ha fortalecido alianzas con c\u00e1maras empresariales y casas de estudio, adem\u00e1s de mantener un compromiso con las nuevas generaciones de profesionales de la contadur\u00eda.<\/p>\n\n\n\n<p class=\"wp-block-paragraph\">Por su parte, Carlos Alberto No\u00e9 Hern\u00e1ndez, presidente de Canacintra Ju\u00e1rez, destac\u00f3 la importancia que tienen estos profesionistas para el desarrollo econ\u00f3mico y social, al se\u00f1alar que la responsabilidad de los contadores va m\u00e1s all\u00e1 del cumplimiento de las obligaciones fiscales y requiere tambi\u00e9n involucrarse en los asuntos de la comunidad.<\/p>\n\n\n\n<p class=\"wp-block-paragraph\">En el encuentro particip\u00f3 Gerardo Ernesto Mart\u00ednez Ch\u00e1vez, presidente del Consejo Directivo Nacional de la Federaci\u00f3n Nacional de la Asociaci\u00f3n Mexicana de Colegios de Contadores P\u00fablicos.<\/p>\n\n\n\n<p class=\"wp-block-paragraph\">Tambi\u00e9n acudieron representantes de la Secretar\u00eda de la Funci\u00f3n P\u00fablica, as\u00ed como Tania Maldonado Gardu\u00f1o, directora general de Desarrollo Econ\u00f3mico del Gobierno Municipal, entre otros invitados.<\/p>\n","protected":false},"excerpt":{"rendered":"<p>Ciudad Ju\u00e1rez, Chih.- El presidente municipal, H\u00e9ctor Rafael Ortiz Orpinel, dio la bienvenida a representantes de 22 asociaciones de contadores que participan en la III Asamblea General Ordinaria 2026 de la Federaci\u00f3n Nacional de la Asociaci\u00f3n Mexicana de Colegios de Contadores P\u00fablicos, A.C. (FNAMCP), encuentro que se desarrolla este 4 y 5 de septiembre en [&hellip;]<\/p>\n","protected":false},"author":6,"featured_media":93251,"comment_status":"closed","ping_status":"closed","sticky":false,"template":"","format":"standard","meta":{"_acf_changed":false,"_monsterinsights_skip_tracking":false,"slim_seo":{"title":"Alcalde Ortiz da bienvenida a Ciudad Ju\u00e1rez a contadores de 22 asociaciones del pa\u00eds - Opini\u00f3n P\u00fablica","description":"Ciudad Ju\u00e1rez, Chih .- El presidente municipal, H\u00e9ctor Rafael Ortiz Orpinel, dio la bienvenida a representantes de 22 asociaciones de contadores que participan"},"footnotes":""},"categories":[41],"tags":[608,4435,2319],"class_list":["post-93248","post","type-post","status-publish","format-standard","has-post-thumbnail","hentry","category-juarez","tag-ciudad-juarez","tag-contadores","tag-hector-ortiz-orpinel"],"acf":[],"_links":{"self":[{"href":"https:\/\/www.opinionpublica.tv\/portada\/wp-json\/wp\/v2\/posts\/93248","targetHints":{"allow":["GET"]}}],"collection":[{"href":"https:\/\/www.opinionpublica.tv\/portada\/wp-json\/wp\/v2\/posts"}],"about":[{"href":"https:\/\/www.opinionpublica.tv\/portada\/wp-json\/wp\/v2\/types\/post"}],"author":[{"embeddable":true,"href":"https:\/\/www.opinionpublica.tv\/portada\/wp-json\/wp\/v2\/users\/6"}],"replies":[{"embeddable":true,"href":"https:\/\/www.opinionpublica.tv\/portada\/wp-json\/wp\/v2\/comments?post=93248"}],"version-history":[{"count":3,"href":"https:\/\/www.opinionpublica.tv\/portada\/wp-json\/wp\/v2\/posts\/93248\/revisions"}],"predecessor-version":[{"id":93253,"href":"https:\/\/www.opinionpublica.tv\/portada\/wp-json\/wp\/v2\/posts\/93248\/revisions\/93253"}],"wp:featuredmedia":[{"embeddable":true,"href":"https:\/\/www.opinionpublica.tv\/portada\/wp-json\/wp\/v2\/media\/93251"}],"wp:attachment":[{"href":"https:\/\/www.opinionpublica.tv\/portada\/wp-json\/wp\/v2\/media?parent=93248"}],"wp:term":[{"taxonomy":"category","embeddable":true,"href":"https:\/\/www.opinionpublica.tv\/portada\/wp-json\/wp\/v2\/categories?post=93248"},{"taxonomy":"post_tag","embeddable":true,"href":"https:\/\/www.opinionpublica.tv\/portada\/wp-json\/wp\/v2\/tags?post=93248"}],"curies":[{"name":"wp","href":"https:\/\/api.w.org\/{rel}","templated":true}]}}