{"id":93222,"date":"2026-09-05T00:01:00","date_gmt":"2026-09-05T06:01:00","guid":{"rendered":"https:\/\/www.opinionpublica.tv\/portada\/?p=93222"},"modified":"2026-09-04T20:57:38","modified_gmt":"2026-09-05T02:57:38","slug":"el-camino-de-las-bestias-una-novela-inspirada-en-hechos-reales-carlos-pinto","status":"publish","type":"post","link":"https:\/\/www.opinionpublica.tv\/portada\/el-camino-de-las-bestias-una-novela-inspirada-en-hechos-reales-carlos-pinto\/","title":{"rendered":"El camino de las bestias. Una novela inspirada en hechos reales | Carlos Pinto"},"content":{"rendered":"\n<figure class=\"wp-block-image size-large\"><img fetchpriority=\"high\" decoding=\"async\" width=\"668\" height=\"1024\" src=\"https:\/\/www.opinionpublica.tv\/portada\/wp-content\/uploads\/2026\/09\/El-camino-de-las-bestias.-Una-novela-inspirada-en-hechos-reales-Carlos-Pinto-668x1024.jpg\" alt=\"El camino de las bestias. Una novela inspirada en hechos reales | Carlos Pinto\" class=\"wp-image-93225\" srcset=\"https:\/\/www.opinionpublica.tv\/portada\/wp-content\/uploads\/2026\/09\/El-camino-de-las-bestias.-Una-novela-inspirada-en-hechos-reales-Carlos-Pinto-668x1024.jpg 668w, https:\/\/www.opinionpublica.tv\/portada\/wp-content\/uploads\/2026\/09\/El-camino-de-las-bestias.-Una-novela-inspirada-en-hechos-reales-Carlos-Pinto-196x300.jpg 196w, https:\/\/www.opinionpublica.tv\/portada\/wp-content\/uploads\/2026\/09\/El-camino-de-las-bestias.-Una-novela-inspirada-en-hechos-reales-Carlos-Pinto-767x1177.jpg 767w, https:\/\/www.opinionpublica.tv\/portada\/wp-content\/uploads\/2026\/09\/El-camino-de-las-bestias.-Una-novela-inspirada-en-hechos-reales-Carlos-Pinto.jpg 978w\" sizes=\"(max-width: 668px) 100vw, 668px\" \/><\/figure>\n\n\n\n<p class=\"wp-block-paragraph\">A costa de perder su libertad, un hombre acude ante la polic\u00eda para confesar un asesinato, cuya v\u00edctima \u2014asegura\u2014 est\u00e1 oculta en el coraz\u00f3n del desierto de Atacama. A partir de all\u00ed, comienza una vor\u00e1gine de inesperados sucesos que atrapar\u00e1n al lector.<\/p>\n\n\n\n<p class=\"wp-block-paragraph\">Detectives que trabajan contra el tiempo y un ciudadano promedio cuyas motivaciones para autoinculparse desconocemos. El desierto como silencioso testigo de un hecho escalofriante.<\/p>\n\n\n\n<p class=\"wp-block-paragraph\">Una vez m\u00e1s, Carlos Pinto se introduce en la psique de sus personajes para explorar los oscuros laberintos donde vive la bestia que duerme en cada uno de nosotros. Y a partir de esta historia, inspirada en un caso real, plantea que esta animalidad podr\u00eda aflorar\u2026 el d\u00eda menos pensado.<\/p>\n","protected":false},"excerpt":{"rendered":"<p>A costa de perder su libertad, un hombre acude ante la polic\u00eda para confesar un asesinato, cuya v\u00edctima \u2014asegura\u2014 est\u00e1 oculta en el coraz\u00f3n del desierto de Atacama. A partir de all\u00ed, comienza una vor\u00e1gine de inesperados sucesos que atrapar\u00e1n al lector. Detectives que trabajan contra el tiempo y un ciudadano promedio cuyas motivaciones para [&hellip;]<\/p>\n","protected":false},"author":6,"featured_media":93225,"comment_status":"closed","ping_status":"closed","sticky":false,"template":"","format":"standard","meta":{"_acf_changed":false,"_monsterinsights_skip_tracking":false,"slim_seo":{"title":"El camino de las bestias. Una novela inspirada en hechos reales | Carlos Pinto - Opini\u00f3n P\u00fablica","description":"A costa de perder su libertad, un hombre acude ante la polic\u00eda para confesar un asesinato, cuya v\u00edctima \u2014asegura\u2014 est\u00e1 oculta en el coraz\u00f3n del desierto de Atac"},"footnotes":""},"categories":[1007],"tags":[4433,507,1115],"class_list":["post-93222","post","type-post","status-publish","format-standard","has-post-thumbnail","hentry","category-el-libro-de-la-semana","tag-carlos-pinto","tag-lectura","tag-libro-de-la-semana"],"acf":[],"_links":{"self":[{"href":"https:\/\/www.opinionpublica.tv\/portada\/wp-json\/wp\/v2\/posts\/93222","targetHints":{"allow":["GET"]}}],"collection":[{"href":"https:\/\/www.opinionpublica.tv\/portada\/wp-json\/wp\/v2\/posts"}],"about":[{"href":"https:\/\/www.opinionpublica.tv\/portada\/wp-json\/wp\/v2\/types\/post"}],"author":[{"embeddable":true,"href":"https:\/\/www.opinionpublica.tv\/portada\/wp-json\/wp\/v2\/users\/6"}],"replies":[{"embeddable":true,"href":"https:\/\/www.opinionpublica.tv\/portada\/wp-json\/wp\/v2\/comments?post=93222"}],"version-history":[{"count":2,"href":"https:\/\/www.opinionpublica.tv\/portada\/wp-json\/wp\/v2\/posts\/93222\/revisions"}],"predecessor-version":[{"id":93226,"href":"https:\/\/www.opinionpublica.tv\/portada\/wp-json\/wp\/v2\/posts\/93222\/revisions\/93226"}],"wp:featuredmedia":[{"embeddable":true,"href":"https:\/\/www.opinionpublica.tv\/portada\/wp-json\/wp\/v2\/media\/93225"}],"wp:attachment":[{"href":"https:\/\/www.opinionpublica.tv\/portada\/wp-json\/wp\/v2\/media?parent=93222"}],"wp:term":[{"taxonomy":"category","embeddable":true,"href":"https:\/\/www.opinionpublica.tv\/portada\/wp-json\/wp\/v2\/categories?post=93222"},{"taxonomy":"post_tag","embeddable":true,"href":"https:\/\/www.opinionpublica.tv\/portada\/wp-json\/wp\/v2\/tags?post=93222"}],"curies":[{"name":"wp","href":"https:\/\/api.w.org\/{rel}","templated":true}]}}